{"id":131859,"date":"2026-01-02T20:24:07","date_gmt":"2026-01-02T20:24:07","guid":{"rendered":"https:\/\/www.europesays.com\/fi\/131859\/"},"modified":"2026-01-02T20:24:07","modified_gmt":"2026-01-02T20:24:07","slug":"kuningatar-silvian-uupumus-sisapiirin-huoli-ahkerasta-tyotahtista-palamassa-loppuun-tajuamatta-sita-itse","status":"publish","type":"post","link":"https:\/\/www.europesays.com\/fi\/131859\/","title":{"rendered":"Kuningatar Silvian uupumus: Sis\u00e4piirin huoli ahkerasta ty\u00f6tahtista, palamassa loppuun tajuamatta sit\u00e4 itse"},"content":{"rendered":"<p>            Photo: Anna-Lena Ahlstr\u00f6m\/The Royal Court of Sweden\n        <\/p>\n<p class=\"subtitle \">Kuningatar tunnetaan t\u00e4yteen ahdetusta kalenteristaan. H\u00e4n kuuluu i\u00e4st\u00e4\u00e4n huolimatta Euroopan kuninkaallisten ahkeruusk\u00e4rkeen.<\/p>\n<p class=\"article-content article-content-width !bg-background\"> 82-vuotiaan kuningatar Silvian pel\u00e4t\u00e4\u00e4n uuvuttavan itseens\u00e4. Takana on ennen joulunpyhi\u00e4 alkanut sairastelu ja vaikeus perua menoja sen alta. <\/p>\n<p class=\"font-weight-bold m-font-weight-bold article-content article-content-width !bg-background\">Arkistovideo: Toukokuussa kuningatar kulki mieluummin kepin ja istuimen risteykseen tukeutuen kuin j\u00e4i kotiin lepuuttamaan kipeytyneit\u00e4 jalkojaan<\/p>\n<p class=\"article-content article-content-width !bg-background\">Silvia tunnetaankin t\u00e4yteen ahdetusta kalenteristaan. Se ei riit\u00e4, vaan h\u00e4nest\u00e4 k\u00e4ytet\u00e4\u00e4n viel\u00e4 hurjempia luokitteluja.\u00a0<a href=\"https:\/\/www.svenskdam.se\/kungligt\/familjens-oro-for-drottning-silvia-82-misstankarna-stammer\/11207562\" target=\"_blank\" rel=\"nofollow noopener\">H\u00e4n on yksi maailman ahkerimmin ty\u00f6skentelevist\u00e4 kuninkaallisista, v\u00e4itt\u00e4\u00e4 ruotsalainen Svensk Dam -lehti.<\/a><\/p>\n<p>        <a itemprop=\"url\" href=\"https:\/\/www.seiska.fi\/kuninkaalliset\/kuningatar-silvia-taytti-82-synttarit-huipentuvat-jymy-yllatykseen\/2030363\" rel=\"nofollow noopener\" target=\"_blank\"><\/p>\n<p>\nKuningatar Silvia t\u00e4ytti 82\n<\/p>\n<p class=\"section-date\">\n        <strong class=\"article-section\" data-section=\"kuninkaalliset\"><br \/>\n            kuninkaalliset<br \/>\n        <\/strong><br \/>\n        23.12.2025 18:00\n    <\/p>\n<p>Kuningatar Silvia t\u00e4ytti 82 \u2013 syntt\u00e4rit huipentuvat jymy-yll\u00e4tykseen\n    <\/p>\n<p itemprop=\"description\" class=\"subtitle \">\n    Ruotsin kuningatar Silvia juhlii aatonaattona syntym\u00e4p\u00e4iv\u00e4\u00e4ns\u00e4.\n<\/p>\n<p>        <\/a><\/p>\n<p class=\"article-content article-content-width !bg-background\">Journalisti  kuvaa kirjassaan Yrke: drottning \u2013 makten och m\u00f6jligheterna Silviaa kovana ty\u00f6ntekij\u00e4n\u00e4. Kolme organisaatiota \u2013 Silviahemmet, Mentor ja Childhood \u2013 viev\u00e4t suuren osan h\u00e4nen ajastaan.<\/p>\n<p class=\"article-content article-content-width !bg-background\">\u2013 Kysyin monelta h\u00e4nen heikoista puolistaan. Useimmat vastasivat v\u00e4istellev\u00e4sti, mutta he pelk\u00e4\u00e4v\u00e4t h\u00e4nen ajavan liian kovaa, Ingrid on kertonut Svensk Damille.<\/p>\n<p>&#8221;L\u00e4hell\u00e4 loppuunpalamista&#8221;<\/p>\n<p class=\"article-content article-content-width !bg-background\">Silvian sitoutumista kuvataan v\u00e4sym\u00e4tt\u00f6m\u00e4ksi. Th\u00f6rnqvist kirjoittaa, ett\u00e4 Silvia on niin omistautunut asioilleen, ett\u00e4 melkein ei nuku lainkaan.<\/p>\n<p class=\"article-content article-content-width !bg-background\">\u2013 Kuningatar ei n\u00e4yt\u00e4 tarvitsevan yht\u00e4 paljon unitunteja kuin muut, ty\u00f6ntekij\u00e4t ilmaisevat diplomaattisesti.<\/p>\n<p>        <a itemprop=\"url\" href=\"https:\/\/www.seiska.fi\/kuninkaalliset\/laakarit-tekivat-paatoksen-kuningatar-silvian-selan-takana\/1983429\" rel=\"nofollow noopener\" target=\"_blank\"><\/p>\n<p>\nMurheellinen tieto\n<\/p>\n<p class=\"section-date\">\n        <strong class=\"article-section\" data-section=\"kuninkaalliset\"><br \/>\n            kuninkaalliset<br \/>\n        <\/strong><br \/>\n        4.11.2025 17:38\n    <\/p>\n<p>L\u00e4\u00e4k\u00e4rit tekiv\u00e4t p\u00e4\u00e4t\u00f6ksen kuningatar Silvian sel\u00e4n takana\n    <\/p>\n<p itemprop=\"description\" class=\"subtitle \">\n    G\u00f6teborgilainen klovniyhteis\u00f6 on raivoissaan p\u00e4\u00e4t\u00f6ksest\u00e4.\n<\/p>\n<p>        <\/a><\/p>\n<p class=\"article-content article-content-width !bg-background\">Jopa Kuningas  sisko, prinsessa  on ilmaissut huolensa Silvian kovasta ty\u00f6st\u00e4.<\/p>\n<p class=\"article-content article-content-width !bg-background\">\u2013 H\u00e4n on varmasti ollut l\u00e4hell\u00e4 loppuunpalamista. L\u00e4hestymme ik\u00e4\u00e4, jolloin on vain mahdotonta jaksaa. Toivon, ett\u00e4 Silvia ymm\u00e4rt\u00e4\u00e4 sen, ennen kuin todella polttaa kynttil\u00e4ns\u00e4 loppuun molemmista p\u00e4ist\u00e4.<\/p>\n<p>        <a itemprop=\"url\" href=\"https:\/\/www.seiska.fi\/kuninkaalliset\/leikkauksesta-kuukausi-nain-kuningatar-silvia-voi-nyt\/1692826\" rel=\"nofollow noopener\" target=\"_blank\"><\/p>\n<p>\nLeikkauksesta kuukausi\n<\/p>\n<p class=\"section-date\">\n        <strong class=\"article-section\" data-section=\"kuninkaalliset\"><br \/>\n            kuninkaalliset<br \/>\n        <\/strong><br \/>\n        6.5.2025 13:29\n    <\/p>\n<p>Leikkauksesta kuukausi \u2013 n\u00e4in kuningatar Silvia voi nyt\n    <\/p>\n<p itemprop=\"description\" class=\"subtitle \">\n    Kuningatar otti konserttiin kyyn\u00e4rsauvoista poikkeavan apuv\u00e4lineen.\n<\/p>\n<p>        <\/a><\/p>\n<p class=\"article-content article-content-width !bg-background\">Christina uskaltaa arvella Silvian kovaa ty\u00f6tahtia t\u00e4m\u00e4n heikkoudeuksi. H\u00e4n my\u00f6s ilmaisee ongelmaksi, jos ei tunne rajojen l\u00e4hestymist\u00e4 ja haluaa ehdottomasti tehd\u00e4 kaiken.<\/p>\n<p>&#8221;Moni olisi antanut jo periksi&#8221;<\/p>\n<p class=\"article-content article-content-width !bg-background\">Svensk Damin kokenut toimittaja  on seurannut Silvian kuninkaallisia t\u00f6it\u00e4 vuosia. Toimittaja on kyll\u00e4 vaikuttunut kuningattaren ty\u00f6moraalista, mutta ilmaisee my\u00f6s huolta ty\u00f6tahdista.<\/p>\n<p class=\"article-content article-content-width !bg-background\">\u2013 Ty\u00f6tahti olisi saanut monen jo antamaan periksi.<\/p>\n<p>        <a itemprop=\"url\" href=\"https:\/\/www.seiska.fi\/kuninkaalliset\/video-kuningatar-silvia-heitti-kyynarsauvat-menemaan-tilalle-metsastysvaline\/1694180\" rel=\"nofollow noopener\" target=\"_blank\"><\/p>\n<p>\nVideo:\n<\/p>\n<p class=\"section-date\">\n        <strong class=\"article-section\" data-section=\"kuninkaalliset\"><br \/>\n            kuninkaalliset<br \/>\n        <\/strong><br \/>\n        7.5.2025 19:00\n    <\/p>\n<p>Video: Kuningatar Silvia heitti kyyn\u00e4rsauvat menem\u00e4\u00e4n \u2013 tilalle mets\u00e4stysv\u00e4line?\n    <\/p>\n<p itemprop=\"description\" class=\"subtitle \">\n    Kuningatar Silvia l\u00f6ysi apuv\u00e4lineen yll\u00e4tt\u00e4v\u00e4n l\u00e4helt\u00e4.\n<\/p>\n<p>        <\/a><\/p>\n<p class=\"article-content article-content-width !bg-background\">Sebastianin mukaan joulukuisin n\u00e4kyv\u00e4t v\u00e4symykset kieliv\u00e4t suoraan Silvian ty\u00f6tahdista.<\/p>\n<p class=\"article-content article-content-width !bg-background\">\u2013 H\u00e4n ottaa teht\u00e4v\u00e4ns\u00e4 vakavasti, mutta sitoutuminen maksaa. Rutinoitunutkin ihminen voi olla takki tyhj\u00e4n\u00e4, kun vuosi on t\u00e4ynn\u00e4 matkoja, tapaamisia ja vastuuta, h\u00e4n toteaa Svenks Damissa.<\/p>\n<p>        <a itemprop=\"url\" href=\"https:\/\/www.seiska.fi\/kuninkaalliset\/perhe-on-huolissaan-kuningatar-silviasta\/1546680\" rel=\"nofollow noopener\" target=\"_blank\"><\/p>\n<p class=\"section-date\">\n        <strong class=\"article-section\" data-section=\"kuninkaalliset\"><br \/>\n            kuninkaalliset<br \/>\n        <\/strong><br \/>\n        9.12.2024 15:29\n    <\/p>\n<p>Perhe on huolissaan kuningatar Silviasta\n    <\/p>\n<p itemprop=\"description\" class=\"subtitle \">\n    Kuningattaren terveysongelmat huolestuttavat hovissa.\n<\/p>\n<p>        <\/a><\/p>\n<p class=\"article-content article-content-width !bg-background\">Seiska kertoi joulukuussa, miten hovi k\u00e4yt\u00e4nn\u00f6ss\u00e4 m\u00e4\u00e4r\u00e4si Silvian pakkolepoon kuukauden jatkuvan matkarumban j\u00e4lkeen. Loppukuusta Silvia sairastui uudelleen.<\/p>\n","protected":false},"excerpt":{"rendered":"Photo: Anna-Lena Ahlstr\u00f6m\/The Royal Court of Sweden Kuningatar tunnetaan t\u00e4yteen ahdetusta kalenteristaan. H\u00e4n kuuluu i\u00e4st\u00e4\u00e4n huolimatta Euroopan kuninkaallisten&hellip;\n","protected":false},"author":2,"featured_media":131860,"comment_status":"","ping_status":"","sticky":false,"template":"","format":"standard","meta":{"footnotes":""},"categories":[130],"tags":[16063,137,33,31,30,10490,4399,9863,4550,19127,2274,20812,3496,32,167,4967,3361,23296,6578,109],"class_list":{"0":"post-131859","1":"post","2":"type-post","3":"status-publish","4":"format-standard","5":"has-post-thumbnail","7":"category-viihde","8":"tag-burnout","9":"tag-entertainment","10":"tag-fi","11":"tag-finland","12":"tag-finnish","13":"tag-ika","14":"tag-ikaantyminen","15":"tag-jaksaminen","16":"tag-kuningatar-silvia","17":"tag-loppuunpalaminen","18":"tag-ruotsin-kuninkaalliset","19":"tag-sairastelu","20":"tag-sairastuminen","21":"tag-suomi","22":"tag-terveys","23":"tag-terveyshuolia","24":"tag-tyot","25":"tag-tyotahti","26":"tag-uupumus","27":"tag-viihde"},"share_on_mastodon":{"url":"https:\/\/pubeurope.com\/@fi\/115827380237367300","error":""},"_links":{"self":[{"href":"https:\/\/www.europesays.com\/fi\/wp-json\/wp\/v2\/posts\/131859","targetHints":{"allow":["GET"]}}],"collection":[{"href":"https:\/\/www.europesays.com\/fi\/wp-json\/wp\/v2\/posts"}],"about":[{"href":"https:\/\/www.europesays.com\/fi\/wp-json\/wp\/v2\/types\/post"}],"author":[{"embeddable":true,"href":"https:\/\/www.europesays.com\/fi\/wp-json\/wp\/v2\/users\/2"}],"replies":[{"embeddable":true,"href":"https:\/\/www.europesays.com\/fi\/wp-json\/wp\/v2\/comments?post=131859"}],"version-history":[{"count":0,"href":"https:\/\/www.europesays.com\/fi\/wp-json\/wp\/v2\/posts\/131859\/revisions"}],"wp:featuredmedia":[{"embeddable":true,"href":"https:\/\/www.europesays.com\/fi\/wp-json\/wp\/v2\/media\/131860"}],"wp:attachment":[{"href":"https:\/\/www.europesays.com\/fi\/wp-json\/wp\/v2\/media?parent=131859"}],"wp:term":[{"taxonomy":"category","embeddable":true,"href":"https:\/\/www.europesays.com\/fi\/wp-json\/wp\/v2\/categories?post=131859"},{"taxonomy":"post_tag","embeddable":true,"href":"https:\/\/www.europesays.com\/fi\/wp-json\/wp\/v2\/tags?post=131859"}],"curies":[{"name":"wp","href":"https:\/\/api.w.org\/{rel}","templated":true}]}}