{"id":131878,"date":"2026-01-02T20:54:15","date_gmt":"2026-01-02T20:54:15","guid":{"rendered":"https:\/\/www.europesays.com\/fi\/131878\/"},"modified":"2026-01-02T20:54:15","modified_gmt":"2026-01-02T20:54:15","slug":"tom-brady-viihtyi-sometahden-kanssa","status":"publish","type":"post","link":"https:\/\/www.europesays.com\/fi\/131878\/","title":{"rendered":"Tom Brady viihtyi somet\u00e4hden kanssa"},"content":{"rendered":"<p>Somet\u00e4hti Alix Earle ja entinen ammattilaisjalkapalloilija Tom Brady n\u00e4htiin yhdess\u00e4.<\/p>\n<p><img decoding=\"async\" class=\"image image-show image-preview\" src=\"https:\/\/www.europesays.com\/fi\/wp-content\/uploads\/2026\/01\/2efc5c87f2e51f0e81b9b9150387434c9e3207525d497403f18912792d5ebba9.jpg\" alt=\"\"\/><img decoding=\"async\" class=\"image image-show\" src=\"https:\/\/www.europesays.com\/fi\/wp-content\/uploads\/2026\/01\/1767387255_615_2efc5c87f2e51f0e81b9b9150387434c9e3207525d497403f18912792d5ebba9.jpg\" alt=\"\"\/><\/p>\n<p>Tom Brady on tunnettu yhdysvaltalainen urheilija. AOP<\/p>\n<p class=\"paragraph\">Entinen NFL-supert\u00e4hti <a href=\"https:\/\/www.iltalehti.fi\/henkilot\/Tom Brady\" class=\"article-link-person-page\" rel=\"nofollow noopener\" target=\"_blank\">Tom Brady<\/a>, 48, yhdistettiin kuuluisaan yhdysvaltalaiseen somet\u00e4hteen <strong>Alix Earleen<\/strong>, 25.<\/p>\n<p class=\"paragraph\">Miljoonien seuraama Earle on juuri saavuttanut suurta suosiota Yhdysvalloissa osallistuttuaan maan Tanssii t\u00e4htien kanssa -kilpailuun. Suhdehuhuista onkin nyt uutisoitu laajalti yhdysvalloissa.<\/p>\n<p class=\"paragraph\">Kaksikko vietti aikaa \u00f6kyrikkaiden suosimalla St. Barthsin saarella uutenavuotena. Brady ja Earle viihtyiv\u00e4t yhdess\u00e4 samoissa juhlissa. Kaksikko n\u00e4htiin tanssimassa ja keskustelemassa yhdess\u00e4 l\u00e4heisiss\u00e4 tunnelmissa. Er\u00e4\u00e4ss\u00e4 sosiaalisessa mediassa levinneess\u00e4 videossa Earle hieroo Bradyn selk\u00e4\u00e4 tanssilattialla.<\/p>\n<p class=\"paragraph\">Katso video alapuolelta. Jos video ei n\u00e4y, voit katsoa sen <a href=\"https:\/\/www.instagram.com\/p\/DS-0cjKj16M\/\" rel=\"noopener nofollow\" target=\"_blank\">t\u00e4st\u00e4 linkist\u00e4<\/a>.<\/p>\n<p class=\"paragraph\">Brady on hiljattain yhdistetty huippumalli <a href=\"https:\/\/www.iltalehti.fi\/henkilot\/Irina Shayk\" class=\"article-link-person-page\" rel=\"nofollow noopener\" target=\"_blank\">Irina Shaykiin<\/a>. Brady oli ennen naimisissa huippumalli <strong>Gisele B\u00fcndchenin<\/strong> kanssa. Pari erosi vuonna 2023. B\u00fcndchen on sittemmin mennyt uusiin naimisiin. Bradylla ja B\u00fcndchenilla on kaksi yhteist\u00e4 lasta.<\/p>\n<p>Alix Earle on tunnettu biletys- ja muotisis\u00e4ll\u00f6st\u00e4\u00e4n. AOP<\/p>\n<p class=\"paragraph\">Uudet suhdehuhut ovat saaneet huomiota my\u00f6s siksi, ett\u00e4 Earle vahvisti eronneensa joulukuussa NFL-t\u00e4hti <strong>Braxton Berriosista<\/strong>. H\u00e4n pelaa nyky\u00e4\u00e4n Houston Texans -joukkueessa. Kaksikko seurusteli kaksi vuotta. Earle kertoi erosta faneilleen sosiaalisessa mediassa, ett\u00e4 he kokeilivat el\u00e4\u00e4 kaukosuhteessa, mutta se ei toiminut heille.<\/p>\n<p><script async src=\"\/\/www.instagram.com\/embed.js\"><\/script><\/p>\n","protected":false},"excerpt":{"rendered":"Somet\u00e4hti Alix Earle ja entinen ammattilaisjalkapalloilija Tom Brady n\u00e4htiin yhdess\u00e4. Tom Brady on tunnettu yhdysvaltalainen urheilija. AOP Entinen&hellip;\n","protected":false},"author":2,"featured_media":131879,"comment_status":"","ping_status":"","sticky":false,"template":"","format":"standard","meta":{"footnotes":""},"categories":[14],"tags":[35,22,23,26,27,33,31,30,17,147,408,24,25,41,28,29,47,15,18,21,151,32,19,20,56,16,59,60,61],"class_list":{"0":"post-131878","1":"post","2":"type-post","3":"status-publish","4":"format-standard","5":"has-post-thumbnail","7":"category-ulkomaat","8":"tag-24h","9":"tag-breaking-news","10":"tag-breakingnews","11":"tag-featured-news","12":"tag-featurednews","13":"tag-fi","14":"tag-finland","15":"tag-finnish","16":"tag-headlines","17":"tag-internet-palvelut","18":"tag-julkkikset","19":"tag-latest-news","20":"tag-latestnews","21":"tag-liikunta-ja-urheilu","22":"tag-main-news","23":"tag-mainnews","24":"tag-musiikki","25":"tag-news","26":"tag-otsikot","27":"tag-paauutiset","28":"tag-sosiaalinen-media-ja-verkostoituminen","29":"tag-suomi","30":"tag-top-stories","31":"tag-topstories","32":"tag-ulkomaat","33":"tag-uutiset","34":"tag-world","35":"tag-world-news","36":"tag-worldnews"},"share_on_mastodon":{"url":"https:\/\/pubeurope.com\/@fi\/115827498396391229","error":""},"_links":{"self":[{"href":"https:\/\/www.europesays.com\/fi\/wp-json\/wp\/v2\/posts\/131878","targetHints":{"allow":["GET"]}}],"collection":[{"href":"https:\/\/www.europesays.com\/fi\/wp-json\/wp\/v2\/posts"}],"about":[{"href":"https:\/\/www.europesays.com\/fi\/wp-json\/wp\/v2\/types\/post"}],"author":[{"embeddable":true,"href":"https:\/\/www.europesays.com\/fi\/wp-json\/wp\/v2\/users\/2"}],"replies":[{"embeddable":true,"href":"https:\/\/www.europesays.com\/fi\/wp-json\/wp\/v2\/comments?post=131878"}],"version-history":[{"count":0,"href":"https:\/\/www.europesays.com\/fi\/wp-json\/wp\/v2\/posts\/131878\/revisions"}],"wp:featuredmedia":[{"embeddable":true,"href":"https:\/\/www.europesays.com\/fi\/wp-json\/wp\/v2\/media\/131879"}],"wp:attachment":[{"href":"https:\/\/www.europesays.com\/fi\/wp-json\/wp\/v2\/media?parent=131878"}],"wp:term":[{"taxonomy":"category","embeddable":true,"href":"https:\/\/www.europesays.com\/fi\/wp-json\/wp\/v2\/categories?post=131878"},{"taxonomy":"post_tag","embeddable":true,"href":"https:\/\/www.europesays.com\/fi\/wp-json\/wp\/v2\/tags?post=131878"}],"curies":[{"name":"wp","href":"https:\/\/api.w.org\/{rel}","templated":true}]}}