{"id":131896,"date":"2026-01-02T21:22:25","date_gmt":"2026-01-02T21:22:25","guid":{"rendered":"https:\/\/www.europesays.com\/fi\/131896\/"},"modified":"2026-01-02T21:22:25","modified_gmt":"2026-01-02T21:22:25","slug":"sisaministeri-rantanen-pettyi-kuullessaan-kaapelirikosta","status":"publish","type":"post","link":"https:\/\/www.europesays.com\/fi\/131896\/","title":{"rendered":"Sis\u00e4ministeri Rantanen pettyi kuullessaan kaapelirikosta"},"content":{"rendered":"<p><strong class=\"typography-bold\">Sis\u00e4ministeri Mari Rantanen kertoo MTV:n haastattelussa hallituksen seuraavan tiiviisti tutkintaa, joka liittyy Fitburg-aluksen mahdolliseen osallisuuteen Elisan tietoliikennekaapelin vaurioitumiseen. Paniikkimielialaa ei kuulemma ole.<\/strong><\/p>\n<p>Ei kai taas. T\u00e4m\u00e4 oli monen suomalaisen ja my\u00f6s sis\u00e4ministeri <strong class=\"typography-bold\">Mari Rantasen<\/strong> (ps.) p\u00e4\u00e4llimm\u00e4inen ajatus, kun tieto Elisan vaurioituneesta tietoliikennekaapelista tuli julki.<\/p>\n<p>\u2013 Voin sanoa, ett\u00e4 olin pettynyt siihen, ett\u00e4 j\u00e4lleen kerran ollaan t\u00e4ss\u00e4 tilanteessa. Olen tyytyv\u00e4inen siihen, ett\u00e4 taas p\u00e4\u00e4stiin nopeasti tilanteen p\u00e4\u00e4lle. Niin kuin n\u00e4hd\u00e4\u00e4n, viranomaiset ovat toimineet t\u00e4ss\u00e4 eritt\u00e4in, eritt\u00e4in tehokkaasti, Rantanen kertoo MTV Uutisten haastattelussa.<\/p>\n<p>My\u00f6s hallitus odottaa ja seuraa tiiviisti, mit\u00e4 keskusrikospoliisin tekem\u00e4ss\u00e4 tutkinnassa aikanaan paljastuu.<\/p>\n<p>\u2013 Ilman muuta valtiojohto seuraa tilannetta ja tutkintatoimien etenemist\u00e4, mutta ei t\u00e4ss\u00e4 mit\u00e4\u00e4n paniikkimielialaa ole, Rantanen toteaa.<\/p>\n","protected":false},"excerpt":{"rendered":"Sis\u00e4ministeri Mari Rantanen kertoo MTV:n haastattelussa hallituksen seuraavan tiiviisti tutkintaa, joka liittyy Fitburg-aluksen mahdolliseen osallisuuteen Elisan tietoliikennekaapelin vaurioitumiseen.&hellip;\n","protected":false},"author":2,"featured_media":131897,"comment_status":"","ping_status":"","sticky":false,"template":"","format":"standard","meta":{"footnotes":""},"categories":[5],"tags":[22,23,26,27,33,31,30,17,24,25,28,29,15,18,21,32,19,20,16],"class_list":{"0":"post-131896","1":"post","2":"type-post","3":"status-publish","4":"format-standard","5":"has-post-thumbnail","7":"category-otsikot","8":"tag-breaking-news","9":"tag-breakingnews","10":"tag-featured-news","11":"tag-featurednews","12":"tag-fi","13":"tag-finland","14":"tag-finnish","15":"tag-headlines","16":"tag-latest-news","17":"tag-latestnews","18":"tag-main-news","19":"tag-mainnews","20":"tag-news","21":"tag-otsikot","22":"tag-paauutiset","23":"tag-suomi","24":"tag-top-stories","25":"tag-topstories","26":"tag-uutiset"},"share_on_mastodon":{"url":"https:\/\/pubeurope.com\/@fi\/115827608352900939","error":""},"_links":{"self":[{"href":"https:\/\/www.europesays.com\/fi\/wp-json\/wp\/v2\/posts\/131896","targetHints":{"allow":["GET"]}}],"collection":[{"href":"https:\/\/www.europesays.com\/fi\/wp-json\/wp\/v2\/posts"}],"about":[{"href":"https:\/\/www.europesays.com\/fi\/wp-json\/wp\/v2\/types\/post"}],"author":[{"embeddable":true,"href":"https:\/\/www.europesays.com\/fi\/wp-json\/wp\/v2\/users\/2"}],"replies":[{"embeddable":true,"href":"https:\/\/www.europesays.com\/fi\/wp-json\/wp\/v2\/comments?post=131896"}],"version-history":[{"count":0,"href":"https:\/\/www.europesays.com\/fi\/wp-json\/wp\/v2\/posts\/131896\/revisions"}],"wp:featuredmedia":[{"embeddable":true,"href":"https:\/\/www.europesays.com\/fi\/wp-json\/wp\/v2\/media\/131897"}],"wp:attachment":[{"href":"https:\/\/www.europesays.com\/fi\/wp-json\/wp\/v2\/media?parent=131896"}],"wp:term":[{"taxonomy":"category","embeddable":true,"href":"https:\/\/www.europesays.com\/fi\/wp-json\/wp\/v2\/categories?post=131896"},{"taxonomy":"post_tag","embeddable":true,"href":"https:\/\/www.europesays.com\/fi\/wp-json\/wp\/v2\/tags?post=131896"}],"curies":[{"name":"wp","href":"https:\/\/api.w.org\/{rel}","templated":true}]}}