{"id":131907,"date":"2026-01-02T21:47:08","date_gmt":"2026-01-02T21:47:08","guid":{"rendered":"https:\/\/www.europesays.com\/fi\/131907\/"},"modified":"2026-01-02T21:47:08","modified_gmt":"2026-01-02T21:47:08","slug":"nain-monta-sutta-on-kaadettu","status":"publish","type":"post","link":"https:\/\/www.europesays.com\/fi\/131907\/","title":{"rendered":"N\u00e4in monta sutta on kaadettu"},"content":{"rendered":"<p>Lukema on l\u00e4hes kaksinkertaistunut edellisillasta.<\/p>\n<p class=\"article-body mb-nof-24 px-nof-16\">Perjantai-iltaan menness\u00e4 on kaadettu ainakin 22 sutta koko maassa. Asia selvi\u00e4\u00e4 Riistakeskuksen p\u00e4ivittyv\u00e4st\u00e4 <a class=\"underline underline-offset-[0.12em] [text-decoration-thickness:var(--generic-link-underline-thickness)] [text-decoration-color:var(--generic-link-underline-color)] [text-decoration-skip-ink:var(--generic-link-underline-skip-ink)] break-words\" href=\"https:\/\/kiintio.riista.fi\/\" rel=\"nofollow noopener\" target=\"_blank\">tilastosta<\/a>.<\/p>\n<p class=\"article-body mb-nof-24 px-nof-16\">Torstai-iltaan menness\u00e4 susia oli kaadettu ainakin 12, eli m\u00e4\u00e4r\u00e4 on melkein kaksinkertaistunut.<\/p>\n<p class=\"article-body mb-nof-24 px-nof-16\">Eniten susia on nyt kaadettu Aura-Paimion alueella, jossa susia on kaatunut kuusi. Alueen kiinti\u00f6 on 13. Kaikkien alueiden kaatom\u00e4\u00e4r\u00e4t voi katsoa alla olevasta tietolaatikosta.<\/p>\n<p>Fakta<\/p>\n<p>Kaadetut sudet alueittain<\/p>\n<p class=\"article-body mb-nof-24 px-nof-16\">Aura-Paimio 6\/13<\/p>\n<p class=\"article-body mb-nof-24 px-nof-16\">Eurajoki 0\/6<\/p>\n<p class=\"article-body mb-nof-24 px-nof-16\">Humppila 0\/8<\/p>\n<p class=\"article-body mb-nof-24 px-nof-16\">Kaakkois-Suomi 2\/10<\/p>\n<p class=\"article-body mb-nof-24 px-nof-16\">Kaskinen-N\u00e4rpi\u00f6 1\/8<\/p>\n<p class=\"article-body mb-nof-24 px-nof-16\">Kustavi 4\/7<\/p>\n<p class=\"article-body mb-nof-24 px-nof-16\">Kyt\u00e4j\u00e4 0\/2<\/p>\n<p class=\"article-body mb-nof-24 px-nof-16\">Lauhanvuori 3\/6<\/p>\n<p class=\"article-body mb-nof-24 px-nof-16\">Nivala 2\/4<\/p>\n<p class=\"article-body mb-nof-24 px-nof-16\">Nurmij\u00e4rvi 1\/6<\/p>\n<p class=\"article-body mb-nof-24 px-nof-16\">Pahkavaara 0\/5<\/p>\n<p class=\"article-body mb-nof-24 px-nof-16\">Peurainneva 0\/6<\/p>\n<p class=\"article-body mb-nof-24 px-nof-16\">Rekikoski 0\/6<\/p>\n<p class=\"article-body mb-nof-24 px-nof-16\">Tohmaj\u00e4rvi-Kitee 2\/4<\/p>\n<p class=\"article-body mb-nof-24 px-nof-16\">Vuosanka 1\/6<\/p>\n<p class=\"article-body nof-ui-body-medium mb-nof-24 px-nof-16\">Luvuissa n\u00e4ytet\u00e4\u00e4n kaatojen suhde alueiden kiinti\u00f6\u00f6n.<\/p>\n<p class=\"article-body nof-ui-body-medium mb-nof-24 px-nof-16\">L\u00e4hde: Suomen riistakeskus<\/p>\n<p class=\"article-body mb-nof-24 px-nof-16\">Susia on saanut mets\u00e4st\u00e4\u00e4 1. tammikuuta alkaen. Taustalla on joulukuussa hyv\u00e4ksytty mets\u00e4styslain muutos, joka poisti suden ymp\u00e4rivuotisen rauhoituksen.<\/p>\n<p class=\"article-body mb-nof-24 px-nof-16\">Valtioneuvoston asetuksessa suden vuosittaiseksi rauhoitusajaksi s\u00e4\u00e4det\u00e4\u00e4n 11. helmikuuta ja 30. marraskuuta v\u00e4linen aika. Mets\u00e4styskauden mets\u00e4stysalueista ja aluekohtaisista kiinti\u00f6ist\u00e4 s\u00e4\u00e4det\u00e4\u00e4n maa- ja mets\u00e4talousministeri\u00f6n susiasetuksessa.<\/p>\n<p class=\"article-body mb-nof-24 px-nof-16\">Kullakin alueella mets\u00e4styskiinti\u00f6lle on annettu peruste. P\u00e4\u00e4asiallisina perusteina on mainittu mets\u00e4peura, l\u00e4hisukulaisuus, koirasudet, vahingot ja turvallisuus.<\/p>\n<p class=\"article-body mb-nof-24 px-nof-16\">Susikanta on kasvanut merkitt\u00e4v\u00e4sti viime vuosina. Luonnonvarakeskuksen arvion mukaan susia oli maaliskuussa 2025 noin 430 yksil\u00f6\u00e4, kun vuotta aiemmin niit\u00e4 oli 295.<\/p>\n","protected":false},"excerpt":{"rendered":"Lukema on l\u00e4hes kaksinkertaistunut edellisillasta. Perjantai-iltaan menness\u00e4 on kaadettu ainakin 22 sutta koko maassa. Asia selvi\u00e4\u00e4 Riistakeskuksen p\u00e4ivittyv\u00e4st\u00e4&hellip;\n","protected":false},"author":2,"featured_media":131908,"comment_status":"","ping_status":"","sticky":false,"template":"","format":"standard","meta":{"footnotes":""},"categories":[12],"tags":[22,23,26,27,33,31,30,17,34,24,25,28,29,15,18,21,32,19,20,16],"class_list":{"0":"post-131907","1":"post","2":"type-post","3":"status-publish","4":"format-standard","5":"has-post-thumbnail","7":"category-suomi","8":"tag-breaking-news","9":"tag-breakingnews","10":"tag-featured-news","11":"tag-featurednews","12":"tag-fi","13":"tag-finland","14":"tag-finnish","15":"tag-headlines","16":"tag-ilta-sanomat","17":"tag-latest-news","18":"tag-latestnews","19":"tag-main-news","20":"tag-mainnews","21":"tag-news","22":"tag-otsikot","23":"tag-paauutiset","24":"tag-suomi","25":"tag-top-stories","26":"tag-topstories","27":"tag-uutiset"},"share_on_mastodon":{"url":"https:\/\/pubeurope.com\/@fi\/115827706682628638","error":""},"_links":{"self":[{"href":"https:\/\/www.europesays.com\/fi\/wp-json\/wp\/v2\/posts\/131907","targetHints":{"allow":["GET"]}}],"collection":[{"href":"https:\/\/www.europesays.com\/fi\/wp-json\/wp\/v2\/posts"}],"about":[{"href":"https:\/\/www.europesays.com\/fi\/wp-json\/wp\/v2\/types\/post"}],"author":[{"embeddable":true,"href":"https:\/\/www.europesays.com\/fi\/wp-json\/wp\/v2\/users\/2"}],"replies":[{"embeddable":true,"href":"https:\/\/www.europesays.com\/fi\/wp-json\/wp\/v2\/comments?post=131907"}],"version-history":[{"count":0,"href":"https:\/\/www.europesays.com\/fi\/wp-json\/wp\/v2\/posts\/131907\/revisions"}],"wp:featuredmedia":[{"embeddable":true,"href":"https:\/\/www.europesays.com\/fi\/wp-json\/wp\/v2\/media\/131908"}],"wp:attachment":[{"href":"https:\/\/www.europesays.com\/fi\/wp-json\/wp\/v2\/media?parent=131907"}],"wp:term":[{"taxonomy":"category","embeddable":true,"href":"https:\/\/www.europesays.com\/fi\/wp-json\/wp\/v2\/categories?post=131907"},{"taxonomy":"post_tag","embeddable":true,"href":"https:\/\/www.europesays.com\/fi\/wp-json\/wp\/v2\/tags?post=131907"}],"curies":[{"name":"wp","href":"https:\/\/api.w.org\/{rel}","templated":true}]}}