{"id":131911,"date":"2026-01-02T22:00:11","date_gmt":"2026-01-02T22:00:11","guid":{"rendered":"https:\/\/www.europesays.com\/fi\/131911\/"},"modified":"2026-01-02T22:00:11","modified_gmt":"2026-01-02T22:00:11","slug":"jari-grek-halvaantui-traagisesti-10-vuotta-sitten-nain-laulaja-voi-nyt","status":"publish","type":"post","link":"https:\/\/www.europesays.com\/fi\/131911\/","title":{"rendered":"Jari Grek halvaantui traagisesti 10 vuotta sitten \u2013 n\u00e4in laulaja voi nyt"},"content":{"rendered":"<p class=\"has-drop-cap\"><strong>Jari Grek<\/strong>, 63, on tuttu pitk\u00e4n linjan laulaja, joka yh\u00e4 tekee tanssikeikkaa traagisesta onnettomuudestaan huolimatta. Tamperelainen Jari on vuoden 2010 Seniori tangokuningas.<\/p>\n<p>Jarin el\u00e4m\u00e4 meni uusiksi tammikuussa 2016, kun h\u00e4n loukkaantui hengenvaarallisesti. Tuosta p\u00e4iv\u00e4st\u00e4 on nyt tarkalleen 10 vuotta.<\/p>\n<p>\u201dT\u00e4llaisena p\u00e4iv\u00e4n\u00e4 tulee ehk\u00e4 mietitty\u00e4 onnettomuuttani. P\u00e4\u00e4dyn taas siihen ajatukseen\u2026 hyv\u00e4 ett\u00e4 edes n\u00e4in, olis voinut k\u00e4yd\u00e4 pahemminkin, oli yl\u00e4kerran ja enkeleiden suojelus kohdallaan\u201d, h\u00e4n kuvailee tuntemuksiaan.<\/p>\n<blockquote>\n<p>\u201dOlis voinut k\u00e4yd\u00e4 pahemminkin\u201d<\/p>\n<p>jari grek 2026<\/p><\/blockquote>\n<p>2. tammikuuta 2016 Jari oli istumassa iltaa ravintolassa, kun h\u00e4n kotimatkalla liukastui\u00a0j\u00e4isell\u00e4 parkkipaikalla p\u00e4\u00e4 edell\u00e4 p\u00e4in autoa ja mursi kaularankansa. Laulaja her\u00e4si teho-osastolta Tampereen yliopistollisessa keskussairaalassa. Tunnetun tanssimuusikon kohtaloksi koituivat liukkaat lakerikeng\u00e4t ja huono tuuri.<\/p>\n<p>\u201dKaaduin p\u00e4\u00e4 edell\u00e4 p\u00e4in parkissa ollutta pizza-autoa. Kaaran kylkeen tuli kuulemma iso lommo, mutta minulla k\u00e4vi viel\u00e4 pahemmin\u201d, Jari on sanonut.<\/p>\n<p>Laulaja neliraajahalvaantui osittain. Jari on sidottu loppuel\u00e4m\u00e4kseen py\u00f6r\u00e4tuoliin.\u00a0Tanssiin.fi\u00a0on seurannut sinnikk\u00e4\u00e4n muusikon el\u00e4m\u00e4\u00e4 ja vaiheita.<\/p>\n<p><strong>Lue my\u00f6s:<\/strong>\u00a0<a href=\"https:\/\/www.tanssiin.fi\/jari-grek-60-kiittaa-lapseni-ovat-suurin-saavutukseni-katso-juhlavideo\/\" target=\"_blank\" rel=\"noreferrer noopener nofollow\">Jari Grek, 60, kiitt\u00e4\u00e4: \u201dLapseni ovat suurin saavutukseni\u201d \u2013 katso juhlavideo<\/a><\/p>\n<p><strong>Kuuntele<\/strong> Jari Grek Pieni enkeli 2011:<\/p>\n<p>\u201dMusiikki on energiakaivoni\u201d<\/p>\n<p>Jari on kuntouttanut itse\u00e4\u00e4n sisukkaasti eik\u00e4 ole suostunut antamaan vammalleen periksi. Musiikki, laulaminen ja positiivinen asenne ovat olleet sympaattisen miehen pelastus.<\/p>\n<p>\u201dPy\u00f6r\u00e4tuoli tai neliraajahalvaantuminen eiv\u00e4t est\u00e4 el\u00e4m\u00e4\u00e4, ne ovat vain pieni\u00e4 hidasteita. Haluan tehd\u00e4 vain sit\u00e4, mit\u00e4 rakastan: laulaa\u201d, Jari alleviivaa.<\/p>\n<p>\u201dEn murehdi onnettomuuttani. Olen hyv\u00e4ksynyt sen osaksi el\u00e4m\u00e4\u00e4n Menn\u00e4\u00e4n t\u00e4ysill\u00e4 niill\u00e4 korteilla, mit\u00e4 j\u00e4i!\u201d<\/p>\n<p>Jari on muun muassa <a href=\"https:\/\/www.tanssiin.fi\/halvaantunut-jari-grek-kiittaa-kyosti-makimattila-on-tukenut-kuntoutumistani-katso-video\/\" title=\"Halvaantunut Jari Grek kiitt\u00e4\u00e4: \u201dKy\u00f6sti M\u00e4kimattila on tukenut kuntoutumistani\u201d \u2013 katso video\" rel=\"nofollow noopener\" target=\"_blank\">esiintynyt<\/a> tangokuningas\u00a0<strong><a href=\"https:\/\/www.tanssiin.fi\/tag\/kyosti-makimattila\/\" title=\"Ky\u00f6sti M\u00e4kimattila\" rel=\"nofollow noopener\" target=\"_blank\">Ky\u00f6sti M\u00e4kimattilan<\/a><\/strong>\u00a0kanssa sek\u00e4 oman poikansa oma poika\u00a0<strong>Waltteri Grekin<\/strong> kanssa.<\/p>\n<p>Palvelukodissa Tampereella asuva sanoo olevansa kiitollinen siit\u00e4, ett\u00e4 pystyy harrastamaan musiikkia.<\/p>\n<p>\u201dMusiikki on minun energiakaivoni, kiit\u00e4n my\u00f6s perhett\u00e4ni ja l\u00e4heisi\u00e4, kollegoitani ja yleis\u00f6\u00e4.\u201d<\/p>\n<p><strong>Lue my\u00f6s: <\/strong><a href=\"https:\/\/www.tanssiin.fi\/halvaantunut-tangotahti-jari-grek-iloitsee-laitoin-tanaan-itse-takin-paalle\/\" title=\"Halvaantunut tangot\u00e4hti Jari Grek iloitsee: \u201dLaitoin t\u00e4n\u00e4\u00e4n itse takin p\u00e4\u00e4lle\u201d\" rel=\"nofollow noopener\" target=\"_blank\">Halvaantunut tangot\u00e4hti Jari Grek iloitsee: \u201dLaitoin t\u00e4n\u00e4\u00e4n itse takin p\u00e4\u00e4lle\u201d<\/a><\/p>\n<p>&#8221;T\u00e4n\u00e4\u00e4nkin keikalle menossa&#8221;<\/p>\n<p>Jari kertoo nyt Tanssiin.fi:lle voinnistaan, kymmenen vuotta onnettomuuden j\u00e4lkeen.<\/p>\n<p>&#8221;Kaikki on oikein hyvin. Olen ollut terveen\u00e4, t\u00e4n\u00e4\u00e4nkin keikalle menossa&#8221;, Grek toteaa.<\/p>\n<p>H\u00e4n laulaa perjantaina 2. tammikuuta Tampereen Hervannassa, kotikulmillaan.<\/p>\n<p>&#8221;Liikuntarajoittuneisuus on ehk\u00e4 hidastus, mutta ei este harrastaa sit\u00e4, mit\u00e4 kukin haluaa&#8221;, h\u00e4n huomauttaa.<\/p>\n<p><img loading=\"lazy\" data-lazyloaded=\"1\" title=\"Jari olohuone\" decoding=\"async\" width=\"1024\" height=\"683\" data-attachment-id=\"19698\" data-permalink=\"https:\/\/www.tanssiin.fi\/halvaantunut-jari-grek-kiittaa-kyosti-makimattila-on-tukenut-kuntoutumistani-katso-video\/jari-olohuone\/\" data-orig-file=\"https:\/\/www.tanssiin.fi\/wp-content\/uploads\/2019\/03\/Jari-olohuone-scaled.jpg\" data-orig-size=\"2560,1707\" data-comments-opened=\"1\" data-image-meta=\"{&quot;aperture&quot;:&quot;4.5&quot;,&quot;credit&quot;:&quot;Matti Matikainen&quot;,&quot;camera&quot;:&quot;Canon EOS R&quot;,&quot;caption&quot;:&quot;&quot;,&quot;created_timestamp&quot;:&quot;1552049824&quot;,&quot;copyright&quot;:&quot;Matti Matikainen&quot;,&quot;focal_length&quot;:&quot;24&quot;,&quot;iso&quot;:&quot;800&quot;,&quot;shutter_speed&quot;:&quot;0.008&quot;,&quot;title&quot;:&quot;&quot;,&quot;orientation&quot;:&quot;0&quot;}\" data-image-title=\"Jari olohuone\" data-image-description=\"\" data-image-caption=\"&lt;p&gt;Jari Grek asuu Tampereella Invalidiliiton mukavassa asunnossa, jossa on kaikki tarvittavat palvelut ja tilat.&lt;\/p&gt;&#10;\" data-medium-file=\"https:\/\/www.tanssiin.fi\/wp-content\/uploads\/2019\/03\/Jari-olohuone-300x200.jpg\" data-large-file=\"https:\/\/www.europesays.com\/fi\/wp-content\/uploads\/2026\/01\/Jari-olohuone-1024x683.jpg\" data- src=\"https:\/\/www.europesays.com\/fi\/wp-content\/uploads\/2026\/01\/Jari-olohuone-1024x683.jpg\" alt=\"Jari grek halvaantui traagisesti 10 vuotta sitten  n\u00e4in laulaja voi nyt | tanssiin Fi\" class=\"wp-image-19698\" \/>Jari Grek asuu Tampereella Invalidiliiton mukavassa asunnossa, jossa on kaikki tarvittavat palvelut ja tilat.<\/p>\n<blockquote>\n<p>Kelan kuntoutus jatkuu 2027 asti<\/p>\n<\/blockquote>\n<p>Jari saa jatkaa Kelan kuntoutusta viel\u00e4 vuoteen 2027.<\/p>\n<p>&#8221;Sitten mietit\u00e4\u00e4n eteenp\u00e4in&#8221;, h\u00e4n tuumaa.<\/p>\n<p>Jari aloitti laulamisen tanssimusiikkia soittavissa orkestereissa jo armeija-aikoinaan 1980-90-luvun vaihteessa.<\/p>\n<p>\u201dP\u00e4\u00e4sin luistamaan. Ei tarvinnut menn\u00e4 mets\u00e4\u00e4n, kun oli keikkaa\u201d, h\u00e4n nauraa.<\/p>\n<p>Kirjoittanut:<br \/>\n<img loading=\"lazy\" data-lazyloaded=\"1\" width=\"512\" height=\"512\" decoding=\"async\" class=\"aioseo-author-image\" src=\"https:\/\/www.europesays.com\/fi\/wp-content\/uploads\/2025\/10\/cropped-tanssiin-logo.jpg\" alt=\"author avatar\"\/><\/p>\n<p>Tanssiin.fi<\/p>\n<p>\nTanssi- ja iskelm\u00e4musiikin uutiset asiantuntevasti.<\/p>\n<p><img loading=\"lazy\" decoding=\"async\" data-lazyloaded=\"1\" width=\"512\" height=\"512\" class=\"aioseo-author-bio-compact-image\" src=\"https:\/\/www.europesays.com\/fi\/wp-content\/uploads\/2025\/10\/cropped-tanssiin-logo.jpg\" alt=\"author avatar\"\/><br \/>\nTanssi- ja iskelm\u00e4musiikin uutiset asiantuntevasti.<\/p>\n<p>50%<br \/>\nIhana<\/p>\n<p>0%<br \/>\nHauska<\/p>\n<p>0%<br \/>\nVau<\/p>\n<p>50%<br \/>\nSurullinen<\/p>\n<p>0%<br \/>\nVihainen\n<\/p>\n<p>Post navigation<\/p>\n","protected":false},"excerpt":{"rendered":"Jari Grek, 63, on tuttu pitk\u00e4n linjan laulaja, joka yh\u00e4 tekee tanssikeikkaa traagisesta onnettomuudestaan huolimatta. Tamperelainen Jari on&hellip;\n","protected":false},"author":2,"featured_media":131912,"comment_status":"","ping_status":"","sticky":false,"template":"","format":"standard","meta":{"footnotes":""},"categories":[136],"tags":[407,137,33,31,30,2382,23304,23305,408,32,23306,4049,16,109],"class_list":{"0":"post-131911","1":"post","2":"type-post","3":"status-publish","4":"format-standard","5":"has-post-thumbnail","7":"category-julkkikset","8":"tag-celebrities","9":"tag-entertainment","10":"tag-fi","11":"tag-finland","12":"tag-finnish","13":"tag-haastattelu","14":"tag-halvaantuminen","15":"tag-jari-grek","16":"tag-julkkikset","17":"tag-suomi","18":"tag-tangoseniori","19":"tag-tanssitahdet","20":"tag-uutiset","21":"tag-viihde"},"share_on_mastodon":{"url":"https:\/\/pubeurope.com\/@fi\/115827757759714215","error":""},"_links":{"self":[{"href":"https:\/\/www.europesays.com\/fi\/wp-json\/wp\/v2\/posts\/131911","targetHints":{"allow":["GET"]}}],"collection":[{"href":"https:\/\/www.europesays.com\/fi\/wp-json\/wp\/v2\/posts"}],"about":[{"href":"https:\/\/www.europesays.com\/fi\/wp-json\/wp\/v2\/types\/post"}],"author":[{"embeddable":true,"href":"https:\/\/www.europesays.com\/fi\/wp-json\/wp\/v2\/users\/2"}],"replies":[{"embeddable":true,"href":"https:\/\/www.europesays.com\/fi\/wp-json\/wp\/v2\/comments?post=131911"}],"version-history":[{"count":0,"href":"https:\/\/www.europesays.com\/fi\/wp-json\/wp\/v2\/posts\/131911\/revisions"}],"wp:featuredmedia":[{"embeddable":true,"href":"https:\/\/www.europesays.com\/fi\/wp-json\/wp\/v2\/media\/131912"}],"wp:attachment":[{"href":"https:\/\/www.europesays.com\/fi\/wp-json\/wp\/v2\/media?parent=131911"}],"wp:term":[{"taxonomy":"category","embeddable":true,"href":"https:\/\/www.europesays.com\/fi\/wp-json\/wp\/v2\/categories?post=131911"},{"taxonomy":"post_tag","embeddable":true,"href":"https:\/\/www.europesays.com\/fi\/wp-json\/wp\/v2\/tags?post=131911"}],"curies":[{"name":"wp","href":"https:\/\/api.w.org\/{rel}","templated":true}]}}