{"id":131915,"date":"2026-01-02T22:08:09","date_gmt":"2026-01-02T22:08:09","guid":{"rendered":"https:\/\/www.europesays.com\/fi\/131915\/"},"modified":"2026-01-02T22:08:09","modified_gmt":"2026-01-02T22:08:09","slug":"tympeat-tytot-ja-muumit-kiinnostivat-tampereen-museoissa-taas-ennatysvilkasta-pirkanmaa","status":"publish","type":"post","link":"https:\/\/www.europesays.com\/fi\/131915\/","title":{"rendered":"Tympe\u00e4t tyt\u00f6t ja muumit kiinnostivat: Tampereen museoissa taas enn\u00e4tys\u00advilkasta | Pirkanmaa"},"content":{"rendered":"<p class=\"aw-1gybjub aw-5vja16 kEtdKx kmuxyA yle__article__paragraph\">Sek\u00e4 Muumimuseo ett\u00e4 Ty\u00f6v\u00e4enmuseo Werstas rikkoivat aiemmat k\u00e4vij\u00e4\u00adenn\u00e4tyksens\u00e4 viime vuonna.<\/p>\n<p><img decoding=\"async\" alt=\"Riina Tanskasen taideteos sein\u00e4ll\u00e4. Teoksessa on enkelihahmo ja teksti: Maan korvessa kulkevi lapsosen tie, vaan ihana enkeli kotiin vie.\" src=\"https:\/\/www.europesays.com\/fi\/wp-content\/uploads\/2026\/01\/39-153695468ea5dd70d054.jpeg\" class=\"aw-1l9m598 hKVVvP\"\/><\/p>\n<p>Avaa kuvien katselu<\/p>\n<p>Riina Tanskasen taideteos sein\u00e4ll\u00e4 Ty\u00f6v\u00e4enmuseo Werstaan n\u00e4yttelyss\u00e4 Tampereella viime vuoden lokakuussa. Arkistokuva. Kuva: Kirsi Matson-M\u00e4kel\u00e4 \/ Yle<\/p>\n<ul class=\"aw-1jjocuh iJTSwP yle__article__list yle__article__list--ul\">\n<li class=\"aw-1j7gwms gNYKfi\">Tampereen Muumimuseo ja Ty\u00f6v\u00e4enmuseo Werstas rikkoivat k\u00e4vij\u00e4enn\u00e4tyksens\u00e4 vuonna 2025.<\/li>\n<li class=\"aw-1j7gwms gNYKfi\">Muumimuseon suosiota siivitti Muumi 80 -juhlavuosi ja Werstaan menestyst\u00e4 Riina Tanskasen suosittu n\u00e4yttely.<\/li>\n<li class=\"aw-1j7gwms gNYKfi\">Koko kaupungin museoiden k\u00e4vij\u00e4m\u00e4\u00e4r\u00e4 nousi jo toisena vuonna per\u00e4kk\u00e4in yli 550\u00a0000:een.<\/li>\n<\/ul>\n<p class=\"aw-1gybjub aw-1p7kakr kEtdKx cEmitX yle__article__paragraph\">Tampereen museot vetiv\u00e4t vuonna 2025 k\u00e4vij\u00f6it\u00e4 enn\u00e4tystahtiin. Sek\u00e4 Muumimuseo ett\u00e4 Ty\u00f6v\u00e4enmuseo Werstas rikkoivat aiemmat k\u00e4vij\u00e4enn\u00e4tyksens\u00e4.<\/p>\n<p class=\"aw-1gybjub aw-1p7kakr kEtdKx cEmitX yle__article__paragraph\">Muumimuseossa vieraili 118\u00a0356 k\u00e4vij\u00e4\u00e4 ja Werstaalla 74\u00a0991 k\u00e4vij\u00e4\u00e4. Kaupungin museoiden kokonaisk\u00e4vij\u00e4m\u00e4\u00e4r\u00e4 nousi jo toisena vuonna per\u00e4kk\u00e4in yli 550\u00a0000:een.<\/p>\n<p class=\"aw-1gybjub aw-1p7kakr kEtdKx cEmitX yle__article__paragraph\">Muumimuseon suosioon vaikutti erityisesti Muumi 80 -juhlavuosi. Sadantuhannen k\u00e4vij\u00e4n raja rikkoutui jo lokakuussa.<\/p>\n<p class=\"aw-1gybjub aw-1p7kakr kEtdKx cEmitX yle__article__paragraph\">Alkuvuodesta museossa oli esill\u00e4 <strong class=\"aw-ak79eh KyCXm yle__article__strong\">Tove Janssonin<\/strong> urasta ja el\u00e4m\u00e4st\u00e4 kertova Taiteilijael\u00e4m\u00e4\u00e4-n\u00e4yttely, ja kes\u00e4kuusta l\u00e4htien k\u00e4vij\u00e4t p\u00e4\u00e4siv\u00e4t tunnelmoimaan Tervetuloa Muumitaloon! -n\u00e4yttelyss\u00e4.<\/p>\n<p class=\"aw-1gybjub aw-1p7kakr kEtdKx cEmitX yle__article__paragraph\">Ty\u00f6v\u00e4enmuseo Werstaan enn\u00e4tyslukujen taustalla vaikutti erityisesti yhteiskuntakriitikko <strong class=\"aw-ak79eh KyCXm yle__article__strong\">Riina Tanskasen<\/strong> Tympe\u00e4t tyt\u00f6t -n\u00e4yttely. Hein\u00e4kuussa museossa vieraili ensimm\u00e4ist\u00e4 kertaa yli 10\u00a0000 k\u00e4vij\u00e4\u00e4 kuukaudessa.<\/p>\n<p><img decoding=\"async\" alt=\"Kuvassa on sarjakuvataiden\u00e4yttelyn huone, jossa seinill\u00e4 n\u00e4kyy useita taideteoksia. Ihmiset seisovat katsomassa teoksia.\" src=\"https:\/\/www.europesays.com\/fi\/wp-content\/uploads\/2026\/01\/39-153695668ea5dd7c7dbb.jpeg\" loading=\"lazy\" class=\"aw-1l9m598 hKVVvP\"\/><\/p>\n<p>Avaa kuvien katselu<\/p>\n<p>Tympe\u00e4t tyt\u00f6t -n\u00e4yttely perustuu Riina Tanskasen samannimiseen teokseen. Arkistokuva Werstaan n\u00e4yttelyst\u00e4 kuvattu 11.10.2025. Kuva: Kirsi Matson-M\u00e4kel\u00e4 \/ Yle<\/p>\n<p class=\"aw-1gybjub aw-1p7kakr kEtdKx cEmitX yle__article__paragraph\">Werstaan yll\u00e4pit\u00e4m\u00e4 uutuuskohde, Id\u00e4nsuhteiden museo Nootti, ker\u00e4si puolestaan vajaat 14\u00a0000 k\u00e4vij\u00e4\u00e4. Werstas teki uuden enn\u00e4tyksen my\u00f6s koululaisk\u00e4vij\u00f6iss\u00e4: yhteens\u00e4 l\u00e4hes 5\u00a0500 oppilasta vieraili museon kohteissa.<\/p>\n<p class=\"aw-1gybjub aw-1p7kakr kEtdKx cEmitX yle__article__paragraph\">T\u00e4n\u00e4 vuonna Ty\u00f6v\u00e4enmuseo Werstas jatkaa yhteiskunnallisten aiheiden parissa. Helmikuussa avautuu tamperelaisen taustavaikuttajan <strong class=\"aw-ak79eh KyCXm yle__article__strong\">Kalle Kaiharin<\/strong> el\u00e4m\u00e4st\u00e4 kertova n\u00e4yttely, kes\u00e4ll\u00e4 esitell\u00e4\u00e4n ty\u00f6laitosten historiaa ja lokakuussa suomalaisten perustamia utopiayhteis\u00f6j\u00e4.<\/p>\n<p>Vapriikissa vilskett\u00e4<\/p>\n<p class=\"aw-1gybjub aw-1p7kakr kEtdKx cEmitX yle__article__paragraph\">Tampereen taidemuseo ker\u00e4si reilut 81\u00a0300 k\u00e4vij\u00e4\u00e4. Kev\u00e4\u00e4n ja kes\u00e4n Surrealismi \u2013 Jaettu uni sek\u00e4 syksyn Vuoden nuori taiteilija 2025 Man Yau -n\u00e4yttelyt vetiv\u00e4t museoon runsaasti yleis\u00f6\u00e4.<\/p>\n<p class=\"aw-1gybjub aw-1p7kakr kEtdKx cEmitX yle__article__paragraph\">Sara Hild\u00e9nin taidemuseossa vieraili remontista huolimatta yli 50\u00a0000 k\u00e4vij\u00e4\u00e4.<\/p>\n<p class=\"aw-1gybjub aw-1p7kakr kEtdKx cEmitX yle__article__paragraph\">Museokeskus Vapriikissa vieraili vajaat 246\u00a0000 k\u00e4vij\u00e4\u00e4. Suosituimpia n\u00e4yttelyit\u00e4 olivat Supersankarit \u2013 Antiikista nykyaikaan ja Muinais-DNA: Avain menneisyyteen.<\/p>\n<p class=\"aw-1gybjub aw-1p7kakr kEtdKx cEmitX yle__article__paragraph\">Museo Milavidassa k\u00e4vi noin 42\u00a0500 ja Amurin museokorttelissa 21\u00a0000 vierailijaa.<\/p>\n<p class=\"aw-1gybjub aw-1p7kakr kEtdKx cEmitX yle__article__paragraph\">Tamperelaiset taidemuseot ovat k\u00e4vij\u00e4m\u00e4\u00e4rilt\u00e4\u00e4n valtakunnallista k\u00e4rke\u00e4, sill\u00e4 Framen kuvataiteen tilaston mukaan Tampereen taidemuseo ja Muumimuseo ovat Suomen suosituimmat taidemuseot p\u00e4\u00e4kaupunkiseudun ulkopuolella.<\/p>\n","protected":false},"excerpt":{"rendered":"Sek\u00e4 Muumimuseo ett\u00e4 Ty\u00f6v\u00e4enmuseo Werstas rikkoivat aiemmat k\u00e4vij\u00e4\u00adenn\u00e4tyksens\u00e4 viime vuonna. Avaa kuvien katselu Riina Tanskasen taideteos sein\u00e4ll\u00e4 Ty\u00f6v\u00e4enmuseo&hellip;\n","protected":false},"author":2,"featured_media":131916,"comment_status":"","ping_status":"","sticky":false,"template":"","format":"standard","meta":{"footnotes":""},"categories":[130],"tags":[137,33,31,30,966,23307,967,553,32,1365,551,16914,23308,109],"class_list":{"0":"post-131915","1":"post","2":"type-post","3":"status-publish","4":"format-standard","5":"has-post-thumbnail","7":"category-viihde","8":"tag-entertainment","9":"tag-fi","10":"tag-finland","11":"tag-finnish","12":"tag-museot","13":"tag-muumimuseo","14":"tag-nayttelyt","15":"tag-pirkanmaa","16":"tag-suomi","17":"tag-taidemuseot","18":"tag-tampere","19":"tag-tampereen-taidemuseo","20":"tag-tyovaenmuseo-werstas","21":"tag-viihde"},"share_on_mastodon":{"url":"https:\/\/pubeurope.com\/@fi\/115827789205382018","error":""},"_links":{"self":[{"href":"https:\/\/www.europesays.com\/fi\/wp-json\/wp\/v2\/posts\/131915","targetHints":{"allow":["GET"]}}],"collection":[{"href":"https:\/\/www.europesays.com\/fi\/wp-json\/wp\/v2\/posts"}],"about":[{"href":"https:\/\/www.europesays.com\/fi\/wp-json\/wp\/v2\/types\/post"}],"author":[{"embeddable":true,"href":"https:\/\/www.europesays.com\/fi\/wp-json\/wp\/v2\/users\/2"}],"replies":[{"embeddable":true,"href":"https:\/\/www.europesays.com\/fi\/wp-json\/wp\/v2\/comments?post=131915"}],"version-history":[{"count":0,"href":"https:\/\/www.europesays.com\/fi\/wp-json\/wp\/v2\/posts\/131915\/revisions"}],"wp:featuredmedia":[{"embeddable":true,"href":"https:\/\/www.europesays.com\/fi\/wp-json\/wp\/v2\/media\/131916"}],"wp:attachment":[{"href":"https:\/\/www.europesays.com\/fi\/wp-json\/wp\/v2\/media?parent=131915"}],"wp:term":[{"taxonomy":"category","embeddable":true,"href":"https:\/\/www.europesays.com\/fi\/wp-json\/wp\/v2\/categories?post=131915"},{"taxonomy":"post_tag","embeddable":true,"href":"https:\/\/www.europesays.com\/fi\/wp-json\/wp\/v2\/tags?post=131915"}],"curies":[{"name":"wp","href":"https:\/\/api.w.org\/{rel}","templated":true}]}}