{"id":131919,"date":"2026-01-02T22:12:08","date_gmt":"2026-01-02T22:12:08","guid":{"rendered":"https:\/\/www.europesays.com\/fi\/131919\/"},"modified":"2026-01-02T22:12:08","modified_gmt":"2026-01-02T22:12:08","slug":"nato-maasta-ankaraa-kritiikkia-joukolle-johon-suomikin-kuuluu","status":"publish","type":"post","link":"https:\/\/www.europesays.com\/fi\/131919\/","title":{"rendered":"Nato-maasta ankaraa kritiikki\u00e4 joukolle, johon Suomikin kuuluu"},"content":{"rendered":"<p>T\u00e4h\u00e4n artikkeliin on koottu Ukrainan sodan keskeisimm\u00e4t tapahtumat perjantailta 2. tammikuuta 2026. Kyseess\u00e4 on sodan 1409. p\u00e4iv\u00e4.<\/p>\n<p><img decoding=\"async\" class=\"image image-show image-preview\" src=\"https:\/\/www.europesays.com\/fi\/wp-content\/uploads\/2026\/01\/d73f205e02378e91f78ebf5707ade8dbd8ccc9fba26999dd1d623e441a23da3c.jpg\" alt=\"\"\/><img decoding=\"async\" class=\"image image-show\" src=\"https:\/\/www.europesays.com\/fi\/wp-content\/uploads\/2026\/01\/1767391928_535_d73f205e02378e91f78ebf5707ade8dbd8ccc9fba26999dd1d623e441a23da3c.jpg\" alt=\"\"\/><\/p>\n<p>Slovakian puolustusministeri Robert Kali\u0148\u00e1k on antanut rajua kritiikki\u00e4 Ukrainaa tukevalle halukkaiden koalitiolle. EPA \/ AOP<\/p>\n<ul>\n<li>Nato-maa Slovakiasta on annettu ankaraa kritiikki\u00e4 Ukrainaa auttavalle halukkaiden koalitiolle.<\/li>\n<li>Ukraina kertoo Ven\u00e4j\u00e4n tehneen ohjusiskun Harkovan alueen siviilikohteisiin.<\/li>\n<li>Ukraina kiist\u00e4\u00e4 Ven\u00e4j\u00e4n v\u00e4itteet iskusta, jossa olisi kuollut 25 ihmist\u00e4.<\/li>\n<\/ul>\n<p>Nato-maasta ankaraa kritiikki\u00e4 halukkaiden koalitiolle<\/p>\n<p class=\"paragraph\">Euroopan unionin ei tule j\u00e4rjest\u00e4\u00e4 yhteist\u00e4 puolustusta, vaan se tulee j\u00e4tt\u00e4\u00e4 puolustusliitto Naton hoidettavaksi, sanoi Slovakian puolustusministeri <strong>Robert Kali\u0148\u00e1k<\/strong> valtionmedia Terazin mukaan.<\/p>\n<p class=\"paragraph\">EU:n yhteinen armeija veisi unionia l\u00e4hemm\u00e4s liittovaltiota, Kali\u0148\u00e1k perusteli.<\/p>\n<p class=\"paragraph\">Slovakian puolustusministeri sanoi my\u00f6s, ett\u00e4 Ukraina ei tule koskaan p\u00e4\u00e4sem\u00e4\u00e4n Naton j\u00e4seneksi. Kali\u0148\u00e1kin mukaan Ukrainalla tulee olemaan vaikeuksia my\u00f6s EU:hun p\u00e4\u00e4syn kanssa.<\/p>\n<p class=\"paragraph\">Kali\u0148\u00e1k syytti Ukrainaa auttavien valtioiden &#8221;halukkaiden koalitiota&#8221; toimettomuudesta. Suomi on yksi koalitioon kuuluvista maista.<\/p>\n<p class=\"paragraph\">\u2013 Onko se l\u00e4hett\u00e4nyt sotilaita? Ei tietenk\u00e4\u00e4n, Kali\u0148\u00e1k sanoi ja v\u00e4itti, ett\u00e4 Ukraina olisi voinut lopettaa sodan jo vuonna 2022.<\/p>\n<p class=\"paragraph\">Puolustusministeri edustaa p\u00e4\u00e4ministeri <a href=\"https:\/\/www.iltalehti.fi\/henkilot\/Robert Fico\" class=\"article-link-person-page\" rel=\"nofollow noopener\" target=\"_blank\">Robert Ficon<\/a> Ven\u00e4j\u00e4-mielist\u00e4, vasemmistopopulistista Smer-puoluetta. Ficoa pidet\u00e4\u00e4n yhten\u00e4 EU:n kovimmista Ukraina-tuen jarruttajista Unkarin p\u00e4\u00e4ministeri <a href=\"https:\/\/www.iltalehti.fi\/henkilot\/Viktor Orb\u00e1n\" class=\"article-link-person-page\" rel=\"nofollow noopener\" target=\"_blank\">Viktor Orb\u00e1nin<\/a> ohella.<\/p>\n<p>Ukraina kiisti Ven\u00e4j\u00e4n syyt\u00f6kset siviilien tappamisesta<\/p>\n<p class=\"paragraph\">Ven\u00e4j\u00e4n v\u00e4liaikaisen miehityshallinnon johtaja <strong>Vladimir Saldo<\/strong> sanoi Ukrainan droonien iskeneen siviilikohteisiin Hersonissa.<\/p>\n<p class=\"paragraph\">\u2013 Yhdess\u00e4 drooneista oli mukana samaa palavaa ainetta, jolla Ukrainan joukot polttivat peltojamme kes\u00e4ll\u00e4. Nyt he polttivat tarkoituksella ihmisi\u00e4.<\/p>\n<p class=\"paragraph\">Iskusta kertoi my\u00f6s Hersonin alueen ukrainalaismedia Most.<\/p>\n<p class=\"paragraph\">Ven\u00e4j\u00e4n valtionmedia Tass julkaisi kuvia, joiden sanotaan esitt\u00e4v\u00e4n Ukrainan droonien vaurioittamaa kahvilaa ja hotellia.<\/p>\n<p class=\"paragraph\">Miehityshallinto sanoi torstaiaamuna, ett\u00e4 iskussa olisi loukkaantunut yli 50 ihmist\u00e4 ja kuollut 24.<\/p>\n<p class=\"paragraph\">\u2013 Monet poltettiin el\u00e4v\u00e4lt\u00e4. Yksi lapsi kuoli, Saldo kirjoittaa.<\/p>\n<p class=\"paragraph\">Ukrainan armeijan yleisesikunta sanoo iskeneens\u00e4 ainoastaan sotilaskohteisiin, raportoivat Ukrainan Interfax sek\u00e4 Ukrainska Pravda.<\/p>\n<p class=\"paragraph\">Siviiliuhreja ep\u00e4ilevill\u00e4 ihmisill\u00e4 ei ole omaatuntoa, sanoi Ven\u00e4j\u00e4n ulkoministeri\u00f6n tiedottaja <a href=\"https:\/\/www.iltalehti.fi\/henkilot\/Marija Zaharova\" class=\"article-link-person-page\" rel=\"nofollow noopener\" target=\"_blank\">Marija Zaharova<\/a>.<\/p>\n<p>Ukraina: Kuusikuukautinen vauva haavoittui Ven\u00e4j\u00e4n ohjusiskussa Harkovaan<\/p>\n<p class=\"paragraph\">Ainakin 25 ihmist\u00e4 haavoittui, kun Ven\u00e4j\u00e4 teki perjantaina ohjusiskun Harkovan kaupungin asuinalueelle, <a href=\"https:\/\/kyivindependent.com\/russian-attack-on-kharkiv-injures-at-least-15-people-including-a-baby-local-authorities-report\/\" target=\"_blank\" rel=\"noopener nofollow\">kertoo<\/a> The Kyiv Independent.<\/p>\n<p class=\"paragraph\">Harkovan alueen kuvern\u00f6\u00f6rin <strong>Oleh Syniehubovin<\/strong> mukaan haavoittuneiden joukossa on my\u00f6s kuusikuukautinen vauva.<\/p>\n<p class=\"paragraph\">Kuvern\u00f6\u00f6rin mukaan vauva ei kuitenkaan kuuden muun ihmisen tavoin tarvinnut sairaalahoitoa.<\/p>\n<p class=\"paragraph\">Isku tuhosi yhden viisikerroksisen kerrostalon ja vaurioitti muuta siviili-infrastruktuuria. Syniehubovin mukaan rakennus tuhoutui t\u00e4ysin.<\/p>\n<p class=\"paragraph\">Isku tapahtui p\u00e4iv\u00e4 sen j\u00e4lkeen, kun Ukraina ilmoitti Ven\u00e4j\u00e4n iskeneen Harkovan alueella sijaitsevaan el\u00e4inpuistoon liitopommilla.<\/p>\n<p class=\"paragraph\">Ven\u00e4j\u00e4n puolustusministeri\u00f6 on kiist\u00e4nyt iskut, kertoo uutistoimisto Reuters. Puolustusministeri\u00f6n mukaan Ukraina yritt\u00e4\u00e4 k\u00e4\u00e4nt\u00e4\u00e4 huomion pois sen v\u00e4itt\u00e4m\u00e4st\u00e4 iskusta Hersonissa sijainneeseen siviilikohteeseen, jossa kuoli Ven\u00e4j\u00e4n mukaan 24 ihmist\u00e4.<\/p>\n<p class=\"paragraph\">Ukraina on kiist\u00e4nyt iskeneens\u00e4 siviilikohteeseen.<\/p>\n<p>Ven\u00e4j\u00e4 iski Jyskiin<\/p>\n<p class=\"paragraph\">Jyskin liike joutui Ven\u00e4j\u00e4n drooni- ja pommi-iskujen kohteeksi Zapori\u017e\u017ejassa perjantaina, Jysk Ukrainan toimitusjohtaja <strong>Jevhen Ivanytsia<\/strong> kertoi.<\/p>\n<p class=\"paragraph\">Asiasta uutisoi ukrainalaislehti <a href=\"https:\/\/www.pravda.com.ua\/eng\/news\/2026\/01\/02\/8014364\/\" target=\"_blank\" rel=\"noopener nofollow\">Ukrainska Pravda<\/a>.<\/p>\n<p class=\"paragraph\">Ivanytsian mukaan iskut vaurioittivat itse myym\u00e4l\u00e4\u00e4 ja tuhosivat kauppatavaraa. Kukaan ty\u00f6ntekij\u00f6ist\u00e4 ei kuitenkaan loukkaantunut iskuissa.<\/p>\n<p class=\"paragraph\">Ivanytsian mukaan iskut vahingoittivat myym\u00e4l\u00e4n kattoa ja niiden seurauksena syttyi tulipalo.<\/p>\n<p class=\"paragraph\">Toimitusjohtajan mukaan myym\u00e4l\u00e4 aiotaan avata my\u00f6hemmin t\u00e4n\u00e4 talvena.<\/p>\n","protected":false},"excerpt":{"rendered":"T\u00e4h\u00e4n artikkeliin on koottu Ukrainan sodan keskeisimm\u00e4t tapahtumat perjantailta 2. tammikuuta 2026. Kyseess\u00e4 on sodan 1409. p\u00e4iv\u00e4. Slovakian&hellip;\n","protected":false},"author":2,"featured_media":131920,"comment_status":"","ping_status":"","sticky":false,"template":"","format":"standard","meta":{"footnotes":""},"categories":[14],"tags":[35,802,804,22,23,26,27,33,31,30,17,24,25,803,28,29,15,18,21,878,805,32,19,20,56,16,59,60,61],"class_list":{"0":"post-131919","1":"post","2":"type-post","3":"status-publish","4":"format-standard","5":"has-post-thumbnail","7":"category-ulkomaat","8":"tag-24h","9":"tag-armeijat-ja-aseelliset-joukot","10":"tag-aseelliset-konfliktit","11":"tag-breaking-news","12":"tag-breakingnews","13":"tag-featured-news","14":"tag-featurednews","15":"tag-fi","16":"tag-finland","17":"tag-finnish","18":"tag-headlines","19":"tag-latest-news","20":"tag-latestnews","21":"tag-levottomuudet-ja-sodat","22":"tag-main-news","23":"tag-mainnews","24":"tag-news","25":"tag-otsikot","26":"tag-paauutiset","27":"tag-puolustus-ja-rajavalvonta-maanpuolustus","28":"tag-sota","29":"tag-suomi","30":"tag-top-stories","31":"tag-topstories","32":"tag-ulkomaat","33":"tag-uutiset","34":"tag-world","35":"tag-world-news","36":"tag-worldnews"},"share_on_mastodon":{"url":"https:\/\/pubeurope.com\/@fi\/115827804995763806","error":""},"_links":{"self":[{"href":"https:\/\/www.europesays.com\/fi\/wp-json\/wp\/v2\/posts\/131919","targetHints":{"allow":["GET"]}}],"collection":[{"href":"https:\/\/www.europesays.com\/fi\/wp-json\/wp\/v2\/posts"}],"about":[{"href":"https:\/\/www.europesays.com\/fi\/wp-json\/wp\/v2\/types\/post"}],"author":[{"embeddable":true,"href":"https:\/\/www.europesays.com\/fi\/wp-json\/wp\/v2\/users\/2"}],"replies":[{"embeddable":true,"href":"https:\/\/www.europesays.com\/fi\/wp-json\/wp\/v2\/comments?post=131919"}],"version-history":[{"count":0,"href":"https:\/\/www.europesays.com\/fi\/wp-json\/wp\/v2\/posts\/131919\/revisions"}],"wp:featuredmedia":[{"embeddable":true,"href":"https:\/\/www.europesays.com\/fi\/wp-json\/wp\/v2\/media\/131920"}],"wp:attachment":[{"href":"https:\/\/www.europesays.com\/fi\/wp-json\/wp\/v2\/media?parent=131919"}],"wp:term":[{"taxonomy":"category","embeddable":true,"href":"https:\/\/www.europesays.com\/fi\/wp-json\/wp\/v2\/categories?post=131919"},{"taxonomy":"post_tag","embeddable":true,"href":"https:\/\/www.europesays.com\/fi\/wp-json\/wp\/v2\/tags?post=131919"}],"curies":[{"name":"wp","href":"https:\/\/api.w.org\/{rel}","templated":true}]}}