{"id":131921,"date":"2026-01-02T22:13:07","date_gmt":"2026-01-02T22:13:07","guid":{"rendered":"https:\/\/www.europesays.com\/fi\/131921\/"},"modified":"2026-01-02T22:13:07","modified_gmt":"2026-01-02T22:13:07","slug":"sveitsin-tulipalossa-tuhoutuneen-yokerhon-omistaja-rikkoi-hiljaisuuden","status":"publish","type":"post","link":"https:\/\/www.europesays.com\/fi\/131921\/","title":{"rendered":"Sveitsin tulipalossa tuhoutuneen y\u00f6kerhon omistaja rikkoi hiljaisuuden"},"content":{"rendered":"<p>Viranomaiset ovat kuulustelleet y\u00f6kerhon omistajia.<\/p>\n<p>2.1. 23:02<\/p>\n<p class=\"article-body mb-nof-24 px-nof-16\">Tuhoisassa tulipalossa tuhoutuneen Le Constellation -y\u00f6kerhon omistaja kuvailee onnettomuutta sveitsil\u00e4islehdelle.<\/p>\n<p class=\"article-body mb-nof-24 px-nof-16\">\u2013 Teemme kaikkemme selvitt\u00e4\u00e4ksemme (palon) syyt. Teemme kaikkemme. My\u00f6s lakimiehemme ovat mukana asiassa, omistaja sanoi <a class=\"underline underline-offset-[0.12em] [text-decoration-thickness:var(--generic-link-underline-thickness)] [text-decoration-color:var(--generic-link-underline-color)] [text-decoration-skip-ink:var(--generic-link-underline-skip-ink)] break-words\" href=\"https:\/\/www.20min.ch\/story\/crans-montana-wirt-bricht-sein-schweigen-werden-bei-untersuchung-mithelfen-103479242\" rel=\"nofollow noopener\" target=\"_blank\">20 Minuten<\/a>-lehden haastattelussa.<\/p>\n<p class=\"article-body mb-nof-24 px-nof-16\">Lehden mukaan omistaja vaikutti j\u00e4rkyttyneelt\u00e4 tapahtuneesta. Y\u00f6kerhon omistaja py\u00f6ritti Le Constellation -y\u00f6kerhoa yhdess\u00e4 vaimonsa kanssa.<\/p>\n<p class=\"article-body mb-nof-24 px-nof-16\">\u2013 Emme voi nukkua emmek\u00e4 sy\u00f6d\u00e4, meill\u00e4 kaikilla on kauhea olo, omistaja kuvaili.<\/p>\n<p class=\"article-body mb-nof-24 px-nof-16\">Toinen omistajista oli mediatietojen mukaan tulipalon aikana itse y\u00f6kerhossa ja sai palovammoja k\u00e4teens\u00e4.<\/p>\n<p class=\"article-body mb-nof-24 px-nof-16\">Yli 40 on menehtynyt ja ainakin 115 ihmist\u00e4 loukkaantunut Lounais-Sveitsiss\u00e4 Crans-Montanan hiihtokeskuksessa sattuneessa y\u00f6kerhopalossa.<\/p>\n<p class=\"article-body mb-nof-24 px-nof-16\">Viranomaiset ovat sveitsil\u00e4islehden mukaan kuulustelleet y\u00f6kerhon omistajia silminn\u00e4kij\u00f6in\u00e4.<\/p>\n<p class=\"article-body mb-nof-24 px-nof-16\">Toistaiseksi tulipalosta ei ole nostettu rikossyytteit\u00e4.<\/p>\n<p class=\"article-body mb-nof-24 px-nof-16\">Valaisin alueen yleinen syytt\u00e4j\u00e4 B\u00e9atrice Pilloud<a class=\"font-bold underline-offset-[0.12em] [text-decoration:var(--person-link-text-decoration)] ![text-decoration-color:var(--person-link-text-decoration-color)]\" href=\"https:\/\/www.is.fi\/haku\/?query=y\" rel=\"nofollow noopener\" target=\"_blank\">y<\/a> kertoi perjantaina viranomaisten ep\u00e4ilev\u00e4n y\u00f6kerhopalon saaneen alkunsa s\u00e4desuihkukynttil\u00f6ist\u00e4.<\/p>\n","protected":false},"excerpt":{"rendered":"Viranomaiset ovat kuulustelleet y\u00f6kerhon omistajia. 2.1. 23:02 Tuhoisassa tulipalossa tuhoutuneen Le Constellation -y\u00f6kerhon omistaja kuvailee onnettomuutta sveitsil\u00e4islehdelle. \u2013&hellip;\n","protected":false},"author":2,"featured_media":131922,"comment_status":"","ping_status":"","sticky":false,"template":"","format":"standard","meta":{"footnotes":""},"categories":[12],"tags":[22,23,26,27,33,31,30,17,34,24,25,28,29,15,18,21,32,19,20,16],"class_list":{"0":"post-131921","1":"post","2":"type-post","3":"status-publish","4":"format-standard","5":"has-post-thumbnail","7":"category-suomi","8":"tag-breaking-news","9":"tag-breakingnews","10":"tag-featured-news","11":"tag-featurednews","12":"tag-fi","13":"tag-finland","14":"tag-finnish","15":"tag-headlines","16":"tag-ilta-sanomat","17":"tag-latest-news","18":"tag-latestnews","19":"tag-main-news","20":"tag-mainnews","21":"tag-news","22":"tag-otsikot","23":"tag-paauutiset","24":"tag-suomi","25":"tag-top-stories","26":"tag-topstories","27":"tag-uutiset"},"share_on_mastodon":{"url":"https:\/\/pubeurope.com\/@fi\/115827808907083010","error":""},"_links":{"self":[{"href":"https:\/\/www.europesays.com\/fi\/wp-json\/wp\/v2\/posts\/131921","targetHints":{"allow":["GET"]}}],"collection":[{"href":"https:\/\/www.europesays.com\/fi\/wp-json\/wp\/v2\/posts"}],"about":[{"href":"https:\/\/www.europesays.com\/fi\/wp-json\/wp\/v2\/types\/post"}],"author":[{"embeddable":true,"href":"https:\/\/www.europesays.com\/fi\/wp-json\/wp\/v2\/users\/2"}],"replies":[{"embeddable":true,"href":"https:\/\/www.europesays.com\/fi\/wp-json\/wp\/v2\/comments?post=131921"}],"version-history":[{"count":0,"href":"https:\/\/www.europesays.com\/fi\/wp-json\/wp\/v2\/posts\/131921\/revisions"}],"wp:featuredmedia":[{"embeddable":true,"href":"https:\/\/www.europesays.com\/fi\/wp-json\/wp\/v2\/media\/131922"}],"wp:attachment":[{"href":"https:\/\/www.europesays.com\/fi\/wp-json\/wp\/v2\/media?parent=131921"}],"wp:term":[{"taxonomy":"category","embeddable":true,"href":"https:\/\/www.europesays.com\/fi\/wp-json\/wp\/v2\/categories?post=131921"},{"taxonomy":"post_tag","embeddable":true,"href":"https:\/\/www.europesays.com\/fi\/wp-json\/wp\/v2\/tags?post=131921"}],"curies":[{"name":"wp","href":"https:\/\/api.w.org\/{rel}","templated":true}]}}