{"id":131923,"date":"2026-01-02T22:14:07","date_gmt":"2026-01-02T22:14:07","guid":{"rendered":"https:\/\/www.europesays.com\/fi\/131923\/"},"modified":"2026-01-02T22:14:07","modified_gmt":"2026-01-02T22:14:07","slug":"pirkkalan-kentalta-noussut-kone-kaansi-takaisin-kohti-kenttaa-pelastuslaitos-paikalle-kymmenen-yksikon-voimin","status":"publish","type":"post","link":"https:\/\/www.europesays.com\/fi\/131923\/","title":{"rendered":"Pirkkalan kent\u00e4lt\u00e4 noussut kone k\u00e4\u00e4nsi takaisin kohti kentt\u00e4\u00e4 \u2013 pelastuslaitos paikalle kymmenen yksik\u00f6n voimin"},"content":{"rendered":"<p>Pelastuslaitos reagoi h\u00e4lytykseen keskisuurella joukkuel\u00e4hd\u00f6ll\u00e4 eli noin kymmenell\u00e4 yksik\u00f6ll\u00e4.<\/p>\n<p>2.1. 22:00<\/p>\n<p>Lue tiivistelm\u00e4<\/p>\n<p class=\"article-body mb-nof-24 px-nof-16 sndp-summary-bullet-point-font\">Pirkanmaan pelastuslaitos h\u00e4lytettiin perjantaina iltap\u00e4iv\u00e4ll\u00e4 Tampere\u2013Pirkkalan lentokent\u00e4lle lentovaaratilanteen vuoksi.<\/p>\n<p class=\"article-body mb-nof-24 px-nof-16 sndp-summary-bullet-point-font\">Koneen kapteeni ilmoitti h\u00e4iri\u00f6st\u00e4, ja koneessa oli havaittu jonkinlaista j\u00e4\u00e4tymist\u00e4.<\/p>\n<p class=\"article-body mb-nof-24 px-nof-16 sndp-summary-bullet-point-font\">Pelastuslaitos l\u00e4hti paikalle noin kymmenen yksik\u00f6n voimin, mutta kone p\u00e4\u00e4si turvallisesti maahan.<\/p>\n<p class=\"article-body mb-nof-24 px-nof-16 sndp-summary-bullet-point-font\">P\u00e4ivyst\u00e4v\u00e4n palomestarin Jari J\u00e4rvisen mukaan vastaavia tilanteita tulee aika usein, ja ne p\u00e4\u00e4ttyv\u00e4t l\u00e4hes aina hyvin.<\/p>\n<p class=\"article-body mb-nof-24 px-nof-16\">Pirkanmaan pelastuslaitos sai perjantaina iltap\u00e4iv\u00e4ll\u00e4 h\u00e4lytyksen Tampere\u2013Pirkkalan lentokent\u00e4lle. P\u00e4ivyst\u00e4v\u00e4n palomestarin <a class=\"font-bold underline-offset-[0.12em] [text-decoration:var(--person-link-text-decoration)] ![text-decoration-color:var(--person-link-text-decoration-color)]\" href=\"https:\/\/www.aamulehti.fi\/haku\/?query=Jari%20J%C3%A4rvisen\" rel=\"nofollow noopener\" target=\"_blank\">Jari J\u00e4rvisen <\/a>mukaan kyseess\u00e4 oli lentovaaratilanne.<\/p>\n<p class=\"article-body mb-nof-24 px-nof-16\">\u201dKoneen kapteeni ilmoitti, ett\u00e4 on jotain h\u00e4ikk\u00e4\u00e4. Silloin lennonjohto tekee automaatilla h\u00e4lytyksen pelastuslaitokselle\u201d, J\u00e4rvinen kertoo.<\/p>\n<p class=\"article-body mb-nof-24 px-nof-16\">Pelastuslaitos reagoi h\u00e4lytykseen keskisuurella joukkuel\u00e4hd\u00f6ll\u00e4 eli noin kymmenell\u00e4 yksik\u00f6ll\u00e4. Perill\u00e4 yksik\u00f6t saivat J\u00e4rvisen mukaan tiedon, ett\u00e4 kone on p\u00e4\u00e4ssyt turvallisesti maahan ja rullaus oli k\u00e4ynniss\u00e4.<\/p>\n<p class=\"article-body mb-nof-24 px-nof-16\">J\u00e4rvisen mukaan koneessa oli havaittu jonkinn\u00e4k\u00f6ist\u00e4 j\u00e4\u00e4tymist\u00e4, mutta t\u00e4m\u00e4n tarkemmin pelastuslaitos ei h\u00e4ik\u00e4n laatua kysele.<\/p>\n<p class=\"article-body mb-nof-24 px-nof-16\">\u201dMeille riitt\u00e4v\u00e4t ne tiedot, jotka tulevat. Odotimme rullauksen. T\u00e4m\u00e4 on aika normaali rutiinitoimenpide silloin, kun lentokoneessa tulee joku liev\u00e4 h\u00e4iri\u00f6, ett\u00e4 pelastuslaitos on vastaanottamassa.\u201d<\/p>\n<p class=\"article-body mb-nof-24 px-nof-16\">J\u00e4rvisen mukaan vastaavia tilanteita tulee aika usein.<\/p>\n<p class=\"article-body mb-nof-24 px-nof-16\">\u201dOnneksi ne p\u00e4\u00e4ttyv\u00e4t 99,9-prosenttisesti ihan hyvin. Pirkkalassa ei ole ollut pitkiin aikoihin mit\u00e4\u00e4n. Silloin t\u00e4ll\u00f6in ollut jotain sotilaskoneita ja jotain h\u00e4ikk\u00e4\u00e4, mutta on s\u00e4\u00e4stytty isommilta onnettomuuksilta. Pienkoneilla on jotain ollut.\u201d<\/p>\n<p>V\u00e4\u00e4ri\u00e4 h\u00e4lytyksi\u00e4<\/p>\n<p class=\"article-body mb-nof-24 px-nof-16\">Vuorokautta aikaisemmin, uudenvuoden p\u00e4iv\u00e4n\u00e4, Tampere-Pirkkalan lentokent\u00e4lle annettiin kaksi aiheetonta h\u00e4lytyst\u00e4 suuresta ilmaliikenneonnettomuudesta.<\/p>\n<p class=\"article-body mb-nof-24 px-nof-16\">Pirkanmaan pelastuslaitos sai ensimm\u00e4isen h\u00e4lytyksen puolenp\u00e4iv\u00e4n j\u00e4lkeen ja heti per\u00e4\u00e4n toisen. H\u00e4lytysten perusteella paikalle olisi l\u00e4hetetty 19 pelastuslaitoksen yksikk\u00f6\u00e4.<\/p>\n<p class=\"article-body mb-nof-24 px-nof-16\">Kello 12.23 pelastuslaitos kuitenkin tiedotti, ett\u00e4 h\u00e4lytykset olivat aiheettomia. Paikalla ei ollut onnettomuutta.<\/p>\n<p class=\"article-body mb-nof-24 px-nof-16\">P\u00e4ivyst\u00e4v\u00e4 palomestari <a class=\"font-bold underline-offset-[0.12em] [text-decoration:var(--person-link-text-decoration)] ![text-decoration-color:var(--person-link-text-decoration-color)]\" href=\"https:\/\/www.aamulehti.fi\/haku\/?query=Aku%20Pietil%C3%A4\" rel=\"nofollow noopener\" target=\"_blank\">Aku Pietil\u00e4<\/a> kertoi v\u00e4\u00e4rien h\u00e4lytysten johtuneen siit\u00e4, ett\u00e4 lentoasemalla oli tehty h\u00e4lytystesti\u00e4, mutta testin tekeminen oli j\u00e4\u00e4nyt ilmoittamatta pelastuslaitokselle.<\/p>\n","protected":false},"excerpt":{"rendered":"Pelastuslaitos reagoi h\u00e4lytykseen keskisuurella joukkuel\u00e4hd\u00f6ll\u00e4 eli noin kymmenell\u00e4 yksik\u00f6ll\u00e4. 2.1. 22:00 Lue tiivistelm\u00e4 Pirkanmaan pelastuslaitos h\u00e4lytettiin perjantaina iltap\u00e4iv\u00e4ll\u00e4&hellip;\n","protected":false},"author":2,"featured_media":131924,"comment_status":"","ping_status":"","sticky":false,"template":"","format":"standard","meta":{"footnotes":""},"categories":[5],"tags":[157,22,23,26,27,33,31,30,17,24,25,28,29,15,18,21,32,19,20,16],"class_list":{"0":"post-131923","1":"post","2":"type-post","3":"status-publish","4":"format-standard","5":"has-post-thumbnail","7":"category-otsikot","8":"tag-aamulehti","9":"tag-breaking-news","10":"tag-breakingnews","11":"tag-featured-news","12":"tag-featurednews","13":"tag-fi","14":"tag-finland","15":"tag-finnish","16":"tag-headlines","17":"tag-latest-news","18":"tag-latestnews","19":"tag-main-news","20":"tag-mainnews","21":"tag-news","22":"tag-otsikot","23":"tag-paauutiset","24":"tag-suomi","25":"tag-top-stories","26":"tag-topstories","27":"tag-uutiset"},"share_on_mastodon":{"url":"https:\/\/pubeurope.com\/@fi\/115827812774647073","error":""},"_links":{"self":[{"href":"https:\/\/www.europesays.com\/fi\/wp-json\/wp\/v2\/posts\/131923","targetHints":{"allow":["GET"]}}],"collection":[{"href":"https:\/\/www.europesays.com\/fi\/wp-json\/wp\/v2\/posts"}],"about":[{"href":"https:\/\/www.europesays.com\/fi\/wp-json\/wp\/v2\/types\/post"}],"author":[{"embeddable":true,"href":"https:\/\/www.europesays.com\/fi\/wp-json\/wp\/v2\/users\/2"}],"replies":[{"embeddable":true,"href":"https:\/\/www.europesays.com\/fi\/wp-json\/wp\/v2\/comments?post=131923"}],"version-history":[{"count":0,"href":"https:\/\/www.europesays.com\/fi\/wp-json\/wp\/v2\/posts\/131923\/revisions"}],"wp:featuredmedia":[{"embeddable":true,"href":"https:\/\/www.europesays.com\/fi\/wp-json\/wp\/v2\/media\/131924"}],"wp:attachment":[{"href":"https:\/\/www.europesays.com\/fi\/wp-json\/wp\/v2\/media?parent=131923"}],"wp:term":[{"taxonomy":"category","embeddable":true,"href":"https:\/\/www.europesays.com\/fi\/wp-json\/wp\/v2\/categories?post=131923"},{"taxonomy":"post_tag","embeddable":true,"href":"https:\/\/www.europesays.com\/fi\/wp-json\/wp\/v2\/tags?post=131923"}],"curies":[{"name":"wp","href":"https:\/\/api.w.org\/{rel}","templated":true}]}}