{"id":131927,"date":"2026-01-02T22:33:08","date_gmt":"2026-01-02T22:33:08","guid":{"rendered":"https:\/\/www.europesays.com\/fi\/131927\/"},"modified":"2026-01-02T22:33:08","modified_gmt":"2026-01-02T22:33:08","slug":"mikael-jantunen-palasi-ryminalla-euroliigaan-tarkea-vierasvoitto","status":"publish","type":"post","link":"https:\/\/www.europesays.com\/fi\/131927\/","title":{"rendered":"Mikael Jantunen palasi rymin\u00e4ll\u00e4 Euroliigaan \u2013 T\u00e4rke\u00e4 vierasvoitto"},"content":{"rendered":"<p>Loukkaantumiset ja v\u00e4h\u00e4inen peliaika ovat v\u00e4ritt\u00e4neet suomalaisten esityksi\u00e4 t\u00e4m\u00e4n kauden Euroliigassa. <\/p>\n<p><img decoding=\"async\" class=\"image image-show image-preview\" src=\"https:\/\/www.europesays.com\/fi\/wp-content\/uploads\/2026\/01\/84f69df91c9f8433bc3f90dcf9117b324a4dd0842cc2725cd60232055f63d917.jpg\" alt=\"\"\/><img decoding=\"async\" class=\"image image-show\" src=\"https:\/\/www.europesays.com\/fi\/wp-content\/uploads\/2026\/01\/1767393188_577_84f69df91c9f8433bc3f90dcf9117b324a4dd0842cc2725cd60232055f63d917.jpg\" alt=\"\"\/><\/p>\n<p>Mikael Jantunen palasi Fenerbah\u00e7en kokoonpanoon perjantaina.  AOP<\/p>\n<p class=\"paragraph\">Eurooppalaisen koripallon lippulaiva, Euroliiga, on ehtinyt jo runkosarjansa puoliv\u00e4liin.<\/p>\n<p class=\"paragraph\">Perjantaina puolustava mestari Fenerbah\u00e7e kaatoi Baskonian Vitoriassa 108\u2013\u200993 ja vahvisti asemiaan liigan k\u00e4rkikuusikossa.<\/p>\n<p class=\"paragraph\">Istanbulilaisj\u00e4tin suomalaisvahvistus <strong>Mikael Jantunen<\/strong> palasi pitk\u00e4n poissaolon j\u00e4lkeen pelaavaan kokoonpanoon.<\/p>\n<p class=\"paragraph\">Nilkkavaivasta k\u00e4rsinyt Jantunen ei ollut esiintynyt Fenerbah\u00e7e-paidassa marraskuun lopun j\u00e4lkeen.<\/p>\n<p class=\"paragraph\">Wartti Basketin kasvatti on ollut p\u00e4\u00e4valmentaja <strong>\u0160ar\u016bnas Jasikevi\u010diusin<\/strong> avausviisikossa yhdeks\u00e4n kertaa, ja h\u00e4nen keskim\u00e4\u00e4r\u00e4inen peliaikansa (19.53) ennen perjantaita kertoi liettualaiskoutsin luottamuksesta.<\/p>\n<p class=\"paragraph\">Perjantaina Jantunen aloitti vaihtopenkilt\u00e4, mutta hypp\u00e4si kent\u00e4lle jo reilun minuutin pelin j\u00e4lkeen, kun Jasikevi\u010dius pettyi <strong>Nicolo Mellin<\/strong> l\u00f6ys\u00e4\u00e4n puolustuspeliin.<\/p>\n<p class=\"paragraph\">Suomalainen ehti tehd\u00e4 reilussa 13 minuutissa nelj\u00e4 pistett\u00e4 ennen kuin joutui aikaiseen suihkuun viidennen virheen takia nelj\u00e4nnen er\u00e4n puoliv\u00e4liss\u00e4.<\/p>\n<p class=\"paragraph\">Jantunen on tehnyt keskim\u00e4\u00e4rin 5,8 pistett\u00e4 pelaamissaan 14 ottelussa.<\/p>\n<p>Muurinen statistina<\/p>\n<p class=\"paragraph\">Vastaavasti <strong>Miikka Muurisen<\/strong> Euroliiga on kiistatta ollut pettymys. Nuori suomalainen on j\u00e4\u00e4nyt statistiksi kriisiseura Partizanissa. H\u00e4n on pelannut j\u00e4m\u00e4minuutteja vain kuudessa peliss\u00e4, eik\u00e4 ole esiintynyt parketilla marraskuun 25. p\u00e4iv\u00e4n j\u00e4lkeen.<\/p>\n<p>Miikka Muurisen peliaika on j\u00e4\u00e4nyt todella v\u00e4h\u00e4iseksi.  AOP<\/p>\n<p class=\"paragraph\">Tuolloin Partizan k\u00e4rsi murskatappion Panathinaikosille, mik\u00e4 my\u00f6s sai legendavalmentaja <strong>\u017deljko Obradovi\u0107in<\/strong> heitt\u00e4m\u00e4\u00e4n hanskat tiskiin.<\/p>\n<p class=\"paragraph\">Uusi koutsi <strong>Joan Pe\u00f1arroya<\/strong> on toistaiseksi antanut nuorukaiselle peliaikaa vain Adrianmeren ABA-liigassa.<\/p>\n<p class=\"paragraph\">Muurinen on Euroliigassa tehnyt yhteens\u00e4 vain yhden pisteen.<\/p>\n<p class=\"paragraph\">Kun suurimmalla osalla joukkueista on 19 ottelua takana, on Partizan Euroliigan toiseksi viimeisen\u00e4. Jumboseura Bayern M\u00fcnchen voi toki ohittaa sen voittamalla r\u00e4stipelins\u00e4.<\/p>\n","protected":false},"excerpt":{"rendered":"Loukkaantumiset ja v\u00e4h\u00e4inen peliaika ovat v\u00e4ritt\u00e4neet suomalaisten esityksi\u00e4 t\u00e4m\u00e4n kauden Euroliigassa. Mikael Jantunen palasi Fenerbah\u00e7en kokoonpanoon perjantaina. AOP&hellip;\n","protected":false},"author":2,"featured_media":131928,"comment_status":"","ping_status":"","sticky":false,"template":"","format":"standard","meta":{"footnotes":""},"categories":[158],"tags":[35,33,31,30,43,42,41,159,32,160,2957,161],"class_list":{"0":"post-131927","1":"post","2":"type-post","3":"status-publish","4":"format-standard","5":"has-post-thumbnail","7":"category-urheilu","8":"tag-24h","9":"tag-fi","10":"tag-finland","11":"tag-finnish","12":"tag-jalkapallo","13":"tag-jalkapalloon-perustuvat-lajit","14":"tag-liikunta-ja-urheilu","15":"tag-sports","16":"tag-suomi","17":"tag-urheilu","18":"tag-urheilujarjestot","19":"tag-urheilutapahtumat"},"share_on_mastodon":{"url":"https:\/\/pubeurope.com\/@fi\/115827887633425396","error":""},"_links":{"self":[{"href":"https:\/\/www.europesays.com\/fi\/wp-json\/wp\/v2\/posts\/131927","targetHints":{"allow":["GET"]}}],"collection":[{"href":"https:\/\/www.europesays.com\/fi\/wp-json\/wp\/v2\/posts"}],"about":[{"href":"https:\/\/www.europesays.com\/fi\/wp-json\/wp\/v2\/types\/post"}],"author":[{"embeddable":true,"href":"https:\/\/www.europesays.com\/fi\/wp-json\/wp\/v2\/users\/2"}],"replies":[{"embeddable":true,"href":"https:\/\/www.europesays.com\/fi\/wp-json\/wp\/v2\/comments?post=131927"}],"version-history":[{"count":0,"href":"https:\/\/www.europesays.com\/fi\/wp-json\/wp\/v2\/posts\/131927\/revisions"}],"wp:featuredmedia":[{"embeddable":true,"href":"https:\/\/www.europesays.com\/fi\/wp-json\/wp\/v2\/media\/131928"}],"wp:attachment":[{"href":"https:\/\/www.europesays.com\/fi\/wp-json\/wp\/v2\/media?parent=131927"}],"wp:term":[{"taxonomy":"category","embeddable":true,"href":"https:\/\/www.europesays.com\/fi\/wp-json\/wp\/v2\/categories?post=131927"},{"taxonomy":"post_tag","embeddable":true,"href":"https:\/\/www.europesays.com\/fi\/wp-json\/wp\/v2\/tags?post=131927"}],"curies":[{"name":"wp","href":"https:\/\/api.w.org\/{rel}","templated":true}]}}