{"id":131933,"date":"2026-01-02T22:38:08","date_gmt":"2026-01-02T22:38:08","guid":{"rendered":"https:\/\/www.europesays.com\/fi\/131933\/"},"modified":"2026-01-02T22:38:08","modified_gmt":"2026-01-02T22:38:08","slug":"tuhoisia-yokerhopaloja-ilta-sanomat","status":"publish","type":"post","link":"https:\/\/www.europesays.com\/fi\/131933\/","title":{"rendered":"Tuhoisia y\u00f6kerhopaloja &#8211; Ilta-Sanomat"},"content":{"rendered":"<p>Historian kuolettavin y\u00f6kerhopalo ajoittuu useiden vuosikymmenien p\u00e4\u00e4h\u00e4n.<\/p>\n<p>Useita turisteja kuoli tuhoisassa y\u00f6kerhopalossa Goalla joulukuussa.<\/p>\n<p>2.1. 23:50<\/p>\n<p class=\"article-body mb-nof-24 px-nof-16\">Lounais-Sveitsiss\u00e4 uutenavuotena tapahtunut tulipalo ei valitettavasti ole ainoa laatuaan.<\/p>\n<p class=\"article-body mb-nof-24 px-nof-16\">Vuosien saatossa y\u00f6kerhoissa on tapahtunut useita tuhoisia tulipaloja ymp\u00e4ri maailmaa. Viimeisimm\u00e4t tulipaloista ajoittuvat aina viime vuosiin.<\/p>\n<p class=\"article-body mb-nof-24 px-nof-16\">Monet y\u00f6kerhopaloista ovat pahimmillaan vaatineet useiden kymmenien ja jopa satojen ihmisten hengen.<\/p>\n<p class=\"article-body mb-nof-24 px-nof-16\">IS koosti viisi vuosien saatossa tapahtunutta tuhoisaa y\u00f6kerhopaloa.<\/p>\n<p>Kocanin y\u00f6kerhopalo, Pohjois-Makedonia (2025)<\/p>\n<p class=\"article-body mb-nof-24 px-nof-16\">Pohjois-Makedoniassa tapahtui 16. maaliskuuta 2025 useita kymmeni\u00e4 kuolonuhreja vaatinut y\u00f6kerhopalo.<\/p>\n<p class=\"article-body mb-nof-24 px-nof-16\">Y\u00f6n pikkutunteina tapahtunut tulipalo sai alkunsa todenn\u00e4k\u00f6isesti konsertissa k\u00e4ytetyst\u00e4 pyrotekniikasta.<\/p>\n<p class=\"article-body mb-nof-24 px-nof-16\">Palo levisi syttymisen j\u00e4lkeen nopeasti y\u00f6kerhon kattorakenteisiin.<\/p>\n<p><img decoding=\"async\" src=\"https:\/\/www.europesays.com\/fi\/wp-content\/uploads\/2026\/01\/1767393488_613_468.jpg\" alt=\"Kocanin y\u00f6kerhopalossa menehtyneen vanhempi piteli kuvaa lapsestaan.\" class=\"_Img_1rerz_1\" style=\"aspect-ratio:1.7777777777777777\" loading=\"eager\"\/><\/p>\n<p class=\"article-picture-caption\">Kocanin y\u00f6kerhopalossa menehtyneen vanhempi piteli kuvaa lapsestaan. Kuva:\u00a0Alexandros Avramidis \/ REUTERS<\/p>\n<p class=\"article-body mb-nof-24 px-nof-16\">Y\u00f6kerhon sis\u00e4ll\u00e4 oli tapahtumien aikaan yli 1\u202f500 ihmist\u00e4. Tulipalossa sai surmansa 63 ihmist\u00e4 ja l\u00e4hes 200 loukkaantui. Kuolleiden joukossa oli 6 ala-ik\u00e4ist\u00e4.<\/p>\n<p class=\"article-body mb-nof-24 px-nof-16\">Viime kes\u00e4kuussa yli 30 ihmist\u00e4 joutui syytteeseen tapahtuneen vuoksi. Syytettyjen joukossa oli y\u00f6kerhon omistajan lis\u00e4ksi Pohjois-Makedonian entisi\u00e4 ministereit\u00e4 ja turvallisuusviranomaisia.<\/p>\n<p>Colectiv-y\u00f6kerhon palo, Romania (2015)<\/p>\n<p class=\"article-body mb-nof-24 px-nof-16\">Ennen Sveitsin ja Pohjois-Makedonian y\u00f6kerhopaloja, eniten kuolonuhreja Euroopassa vaatinut y\u00f6kerhopalo tapahtui viimeksi Romanian p\u00e4\u00e4kaupungissa Bukarestissa.<\/p>\n<p class=\"article-body mb-nof-24 px-nof-16\">Useita satoja ihmisi\u00e4 kokoontui 30. lokakuuta 2015 Colectiv-y\u00f6kerhoon seuraamaan paikallisen metalliyhtyeen esiintymist\u00e4.<\/p>\n<p class=\"article-body mb-nof-24 px-nof-16\">Yhteens\u00e4 64 ihmist\u00e4 menehtyi ja 146 loukkaantui konsertin aikana syttyneess\u00e4 tulipalossa. Tulipalon arvioidaan saanen alkunsa niin ik\u00e4\u00e4n pyrotekniikasta.<\/p>\n<p class=\"article-body mb-nof-24 px-nof-16\">Onnettomuudesta seurasi useita mielenosoituksia, joiden vuoksi Romanian silloinen p\u00e4\u00e4ministeri <a class=\"font-bold underline-offset-[0.12em] [text-decoration:var(--person-link-text-decoration)] ![text-decoration-color:var(--person-link-text-decoration-color)]\" href=\"https:\/\/www.is.fi\/haku\/?query=Victor%20Ponta\" rel=\"nofollow noopener\" target=\"_blank\">Victor Ponta<\/a> <a class=\"underline underline-offset-[0.12em] [text-decoration-thickness:var(--generic-link-underline-thickness)] [text-decoration-color:var(--generic-link-underline-color)] [text-decoration-skip-ink:var(--generic-link-underline-skip-ink)] break-words\" href=\"https:\/\/www.is.fi\/ulkomaat\/art-2000001030112.html\" rel=\"nofollow noopener\" target=\"_blank\">ilmoitti<\/a> koko hallituksensa eroavan.<\/p>\n<p>Permin y\u00f6kerhopalo, Ven\u00e4j\u00e4 (2009)<\/p>\n<p class=\"article-body mb-nof-24 px-nof-16\">L\u00e4hes 160 ihmist\u00e4 kuoli paikallisessa Hromaja Loshad \u2013y\u00f6kerhon palossa Ven\u00e4j\u00e4n Permin kaupungissa. Tulipalo sattui 5. joulukuuta 2009.<\/p>\n<p class=\"article-body mb-nof-24 px-nof-16\">Tulipalo oli kaikkein kuolettavin y\u00f6kerhopalo Ven\u00e4j\u00e4ll\u00e4 sitten Neuvostoliiton hajoamisen.<\/p>\n<p><img decoding=\"async\" src=\"https:\/\/www.europesays.com\/fi\/wp-content\/uploads\/2026\/01\/1767393488_578_468.jpg\" alt=\"Poliisit seisoivat permil\u00e4isen y\u00f6kerhon ulkopuolella tulipalon j\u00e4lkeen. Tuhoisan tulipalon vuoksi Ven\u00e4j\u00e4ll\u00e4 julistettiin kansallinen surup\u00e4iv\u00e4.\" class=\"_Img_1rerz_1\" style=\"aspect-ratio:1.381294964028777\" loading=\"eager\"\/><\/p>\n<p class=\"article-picture-caption\">Poliisit seisoivat permil\u00e4isen y\u00f6kerhon ulkopuolella tulipalon j\u00e4lkeen. Tuhoisan tulipalon vuoksi Ven\u00e4j\u00e4ll\u00e4 julistettiin kansallinen surup\u00e4iv\u00e4. Kuva:\u00a0Denis Sinyakov \/ REUTERS<\/p>\n<p class=\"article-body mb-nof-24 px-nof-16\">Suurin osa tulipalon vaatimista kuolonuhreista kuoli h\u00e4k\u00e4myrkytykseen tai j\u00e4\u00e4dess\u00e4\u00e4n tulipalon aiheuttaman pakokauhun aikana toisten jalkoihin. Rakennuksessa oli palon aikaan l\u00e4hes 200 ihmist\u00e4.<\/p>\n<p class=\"article-body mb-nof-24 px-nof-16\">Suomen silloinen tasavallan presidentti <a class=\"font-bold underline-offset-[0.12em] [text-decoration:var(--person-link-text-decoration)] ![text-decoration-color:var(--person-link-text-decoration-color)]\" href=\"https:\/\/www.is.fi\/haku\/?query=Tarja%20Halonen\" rel=\"nofollow noopener\" target=\"_blank\">Tarja Halonen<\/a> ja ulkoministeri <a class=\"font-bold underline-offset-[0.12em] [text-decoration:var(--person-link-text-decoration)] ![text-decoration-color:var(--person-link-text-decoration-color)]\" href=\"https:\/\/www.is.fi\/haku\/?query=Alexander%20Stubb\" rel=\"nofollow noopener\" target=\"_blank\">Alexander Stubb <\/a><a class=\"underline underline-offset-[0.12em] [text-decoration-thickness:var(--generic-link-underline-thickness)] [text-decoration-color:var(--generic-link-underline-color)] [text-decoration-skip-ink:var(--generic-link-underline-skip-ink)] break-words\" href=\"https:\/\/www.is.fi\/ulkomaat\/art-2000000259367.html\" rel=\"nofollow noopener\" target=\"_blank\">ilmaisivat<\/a> surunvalittelut Suomen puolesta Ven\u00e4j\u00e4n silloiselle presidentille <a class=\"font-bold underline-offset-[0.12em] [text-decoration:var(--person-link-text-decoration)] ![text-decoration-color:var(--person-link-text-decoration-color)]\" href=\"https:\/\/www.is.fi\/haku\/?query=Dmitri%20Medvedeville\" rel=\"nofollow noopener\" target=\"_blank\">Dmitri Medvedeville<\/a>.<\/p>\n<p>Ilotulitusonnettomuus ja y\u00f6kerhopalo, Thaimaa (2009)<\/p>\n<p class=\"article-body mb-nof-24 px-nof-16\">Uudenvuoden juhlinnat ovat my\u00f6s mennein\u00e4 vuosina johtaneet kuolonuhreja vaatineisiin tulipaloihin.<\/p>\n<p class=\"article-body mb-nof-24 px-nof-16\">Yksi t\u00e4llaisista tulipaloista tapahtui Santika Club -nimisess\u00e4 y\u00f6kerhossa Thaimaan Bangkokissa uutenavuotena 2009.<\/p>\n<p class=\"article-body mb-nof-24 px-nof-16\">Ainakin 67 kuoli ja yli 200 ihmist\u00e4 loukkaantui tuhoisassa palossa, joka levisi juhlinnan aikana.<\/p>\n<p class=\"article-body mb-nof-24 px-nof-16\">Y\u00f6kerhopalon tarkka syttymissyy ei viel\u00e4 t\u00e4n\u00e4k\u00e4\u00e4n p\u00e4iv\u00e4n\u00e4 ole tiedossa. Palon <a class=\"underline underline-offset-[0.12em] [text-decoration-thickness:var(--generic-link-underline-thickness)] [text-decoration-color:var(--generic-link-underline-color)] [text-decoration-skip-ink:var(--generic-link-underline-skip-ink)] break-words\" href=\"https:\/\/abcnews.go.com\/International\/wireStory\/worst-fires-bars-nightclubs-music-venues-128826435\" rel=\"nofollow noopener\" target=\"_blank\">arvioidaan <\/a>kuitenkin todenn\u00e4k\u00f6isesti alkunsa y\u00f6kerhon sis\u00e4ll\u00e4 tapahtuneesta ilotulituksesta.<\/p>\n<p><img decoding=\"async\" src=\"https:\/\/www.europesays.com\/fi\/wp-content\/uploads\/2026\/01\/1767393488_541_468.jpg\" alt=\"Pelastusty\u00f6ntekij\u00e4 tarkasteli y\u00f6kerhopalon j\u00e4lki\u00e4 Bangkokissa tammikuussa 2009.\" class=\"_Img_1rerz_1\" style=\"aspect-ratio:1.5213946117274169\" loading=\"eager\"\/><\/p>\n<p class=\"article-picture-caption\">Pelastusty\u00f6ntekij\u00e4 tarkasteli y\u00f6kerhopalon j\u00e4lki\u00e4 Bangkokissa tammikuussa 2009. Kuva:\u00a0Kerek Wongsa \/ REUTERS<\/p>\n<p>Cocoanut Grove -y\u00f6kerhon tulipalo, Yhdysvallat (1942)<\/p>\n<p class=\"article-body mb-nof-24 px-nof-16\">Historian eniten uhreja vaatinut y\u00f6kerhopalo tapahtui 28. marraskuuta 1942 Yhdysvaltain Bostonissa.<\/p>\n<p class=\"article-body mb-nof-24 px-nof-16\">Tulipalo johti l\u00e4hes 500 ihmisen kuolemaan. Palon alkuper\u00e4inen syttymissyy ei ole tiedossa, mutta sen arvioidaan kiihtyneen ilmastointilaitteesta vuotaneen metyylikloridin vuoksi.<\/p>\n<p class=\"article-body mb-nof-24 px-nof-16\">Tuolloin Bostonin suosituimman Cocoanut Grove -y\u00f6kerhon palo johti muun muassa uusiin vaatimuksiin esteett\u00f6mille ulosk\u00e4ynneille ja sprinklerij\u00e4rjestelmille.<\/p>\n","protected":false},"excerpt":{"rendered":"Historian kuolettavin y\u00f6kerhopalo ajoittuu useiden vuosikymmenien p\u00e4\u00e4h\u00e4n. Useita turisteja kuoli tuhoisassa y\u00f6kerhopalossa Goalla joulukuussa. 2.1. 23:50 Lounais-Sveitsiss\u00e4 uutenavuotena&hellip;\n","protected":false},"author":2,"featured_media":131934,"comment_status":"","ping_status":"","sticky":false,"template":"","format":"standard","meta":{"footnotes":""},"categories":[14],"tags":[22,23,26,27,33,31,30,17,34,24,25,28,29,15,18,21,32,19,20,56,16,59,60,61],"class_list":{"0":"post-131933","1":"post","2":"type-post","3":"status-publish","4":"format-standard","5":"has-post-thumbnail","7":"category-ulkomaat","8":"tag-breaking-news","9":"tag-breakingnews","10":"tag-featured-news","11":"tag-featurednews","12":"tag-fi","13":"tag-finland","14":"tag-finnish","15":"tag-headlines","16":"tag-ilta-sanomat","17":"tag-latest-news","18":"tag-latestnews","19":"tag-main-news","20":"tag-mainnews","21":"tag-news","22":"tag-otsikot","23":"tag-paauutiset","24":"tag-suomi","25":"tag-top-stories","26":"tag-topstories","27":"tag-ulkomaat","28":"tag-uutiset","29":"tag-world","30":"tag-world-news","31":"tag-worldnews"},"share_on_mastodon":{"url":"https:\/\/pubeurope.com\/@fi\/115827907346465772","error":""},"_links":{"self":[{"href":"https:\/\/www.europesays.com\/fi\/wp-json\/wp\/v2\/posts\/131933","targetHints":{"allow":["GET"]}}],"collection":[{"href":"https:\/\/www.europesays.com\/fi\/wp-json\/wp\/v2\/posts"}],"about":[{"href":"https:\/\/www.europesays.com\/fi\/wp-json\/wp\/v2\/types\/post"}],"author":[{"embeddable":true,"href":"https:\/\/www.europesays.com\/fi\/wp-json\/wp\/v2\/users\/2"}],"replies":[{"embeddable":true,"href":"https:\/\/www.europesays.com\/fi\/wp-json\/wp\/v2\/comments?post=131933"}],"version-history":[{"count":0,"href":"https:\/\/www.europesays.com\/fi\/wp-json\/wp\/v2\/posts\/131933\/revisions"}],"wp:featuredmedia":[{"embeddable":true,"href":"https:\/\/www.europesays.com\/fi\/wp-json\/wp\/v2\/media\/131934"}],"wp:attachment":[{"href":"https:\/\/www.europesays.com\/fi\/wp-json\/wp\/v2\/media?parent=131933"}],"wp:term":[{"taxonomy":"category","embeddable":true,"href":"https:\/\/www.europesays.com\/fi\/wp-json\/wp\/v2\/categories?post=131933"},{"taxonomy":"post_tag","embeddable":true,"href":"https:\/\/www.europesays.com\/fi\/wp-json\/wp\/v2\/tags?post=131933"}],"curies":[{"name":"wp","href":"https:\/\/api.w.org\/{rel}","templated":true}]}}