{"id":131937,"date":"2026-01-02T22:40:11","date_gmt":"2026-01-02T22:40:11","guid":{"rendered":"https:\/\/www.europesays.com\/fi\/131937\/"},"modified":"2026-01-02T22:40:11","modified_gmt":"2026-01-02T22:40:11","slug":"nuori-herra-ruosniemesta-ehti-ensiksi-han-on-vuoden-2026-ensimmaisena-syntynyt-satakuntalaislapsi","status":"publish","type":"post","link":"https:\/\/www.europesays.com\/fi\/131937\/","title":{"rendered":"Nuori herra Ruosniemest\u00e4 ehti ensiksi \u2013 h\u00e4n on vuoden 2026 ensimm\u00e4isen\u00e4 syntynyt satakuntalaislapsi"},"content":{"rendered":"<p>Pikkuinen poika on sek\u00e4 vanhempiensa esikoinen ett\u00e4 isovanhempiensa ensimm\u00e4inen lapsenlapsi.<\/p>\n<p>2.1. 18:00<\/p>\n<p class=\"article-body mb-nof-24 px-nof-16\">Pori<\/p>\n<p class=\"article-body mb-nof-24 px-nof-16\">Ulkona tuulee j\u00e4inen puhuri, mutta pikkuinen vauva tuhisee tyytyv\u00e4isen\u00e4 l\u00e4mpim\u00e4ss\u00e4 pediss\u00e4\u00e4n Satasairaalan lasten- ja naistentalossa. Untuvaiseen poskeen on liimattu nen\u00e4-mahaletku. Vauvalla ovat asiat hyvin sokeriarvojen pient\u00e4 heittelehtimist\u00e4 lukuun ottamatta.<\/p>\n","protected":false},"excerpt":{"rendered":"Pikkuinen poika on sek\u00e4 vanhempiensa esikoinen ett\u00e4 isovanhempiensa ensimm\u00e4inen lapsenlapsi. 2.1. 18:00 Pori Ulkona tuulee j\u00e4inen puhuri, mutta&hellip;\n","protected":false},"author":2,"featured_media":131938,"comment_status":"","ping_status":"","sticky":false,"template":"","format":"standard","meta":{"footnotes":""},"categories":[5],"tags":[22,23,26,27,33,31,30,17,24,25,28,29,15,18,21,80,32,19,20,16],"class_list":{"0":"post-131937","1":"post","2":"type-post","3":"status-publish","4":"format-standard","5":"has-post-thumbnail","7":"category-otsikot","8":"tag-breaking-news","9":"tag-breakingnews","10":"tag-featured-news","11":"tag-featurednews","12":"tag-fi","13":"tag-finland","14":"tag-finnish","15":"tag-headlines","16":"tag-latest-news","17":"tag-latestnews","18":"tag-main-news","19":"tag-mainnews","20":"tag-news","21":"tag-otsikot","22":"tag-paauutiset","23":"tag-satakunnan-kansa","24":"tag-suomi","25":"tag-top-stories","26":"tag-topstories","27":"tag-uutiset"},"share_on_mastodon":{"url":"https:\/\/pubeurope.com\/@fi\/115827914984141098","error":""},"_links":{"self":[{"href":"https:\/\/www.europesays.com\/fi\/wp-json\/wp\/v2\/posts\/131937","targetHints":{"allow":["GET"]}}],"collection":[{"href":"https:\/\/www.europesays.com\/fi\/wp-json\/wp\/v2\/posts"}],"about":[{"href":"https:\/\/www.europesays.com\/fi\/wp-json\/wp\/v2\/types\/post"}],"author":[{"embeddable":true,"href":"https:\/\/www.europesays.com\/fi\/wp-json\/wp\/v2\/users\/2"}],"replies":[{"embeddable":true,"href":"https:\/\/www.europesays.com\/fi\/wp-json\/wp\/v2\/comments?post=131937"}],"version-history":[{"count":0,"href":"https:\/\/www.europesays.com\/fi\/wp-json\/wp\/v2\/posts\/131937\/revisions"}],"wp:featuredmedia":[{"embeddable":true,"href":"https:\/\/www.europesays.com\/fi\/wp-json\/wp\/v2\/media\/131938"}],"wp:attachment":[{"href":"https:\/\/www.europesays.com\/fi\/wp-json\/wp\/v2\/media?parent=131937"}],"wp:term":[{"taxonomy":"category","embeddable":true,"href":"https:\/\/www.europesays.com\/fi\/wp-json\/wp\/v2\/categories?post=131937"},{"taxonomy":"post_tag","embeddable":true,"href":"https:\/\/www.europesays.com\/fi\/wp-json\/wp\/v2\/tags?post=131937"}],"curies":[{"name":"wp","href":"https:\/\/api.w.org\/{rel}","templated":true}]}}