{"id":131945,"date":"2026-01-02T23:00:07","date_gmt":"2026-01-02T23:00:07","guid":{"rendered":"https:\/\/www.europesays.com\/fi\/131945\/"},"modified":"2026-01-02T23:00:07","modified_gmt":"2026-01-02T23:00:07","slug":"stranger-thingsin-finaalijakso-tienasi-kunnon-rahat-lippukassoilla","status":"publish","type":"post","link":"https:\/\/www.europesays.com\/fi\/131945\/","title":{"rendered":"Stranger Thingsin finaalijakso tienasi kunnon rahat lippukassoilla"},"content":{"rendered":"<p>Netflix ei ole tunnetusti elokuvateatteriyhti\u00f6. N\u00e4imme muutaman Netflix-tuotannon teattereissa korona-aikana, mutta se kokeilu loppui lyhyeen.<\/p>\n<p>Olikin miellytt\u00e4v\u00e4 yll\u00e4tys, ett\u00e4 edes amerikkalaisille tarjottiin mahdollisuus p\u00e4\u00e4st\u00e4 katsomaan Stranger Things -sarjan finaalijakso teattereihin.<\/p>\n<p>Lue my\u00f6s: <a href=\"https:\/\/www.episodi.fi\/uutiset\/tama-stranger-thingsin-hahmo-saa-oman-spinoffinsa\/\" title=\"T\u00e4m\u00e4 Stranger Thingsin hahmo saa oman spinoffinsa\" class=\"underline-custom !font-montserrat !font-bold !underline-offset-4 !decoration-4 !decoration-episodi-blue !text-md\" rel=\"nofollow noopener\" target=\"_blank\">T\u00e4m\u00e4 Stranger Thingsin hahmo saa oman spinoffinsa<\/a><\/p>\n<p>Lue my\u00f6s: <a href=\"https:\/\/www.episodi.fi\/uutiset\/netflix-kaatui-syyna-supersuosittu-sarja\/\" title=\"Netflix kaatui! \u2013 Syyn\u00e4 supersuosittu sarja\" class=\"underline-custom !font-montserrat !font-bold !underline-offset-4 !decoration-4 !decoration-episodi-blue !text-md\" rel=\"nofollow noopener\" target=\"_blank\">Netflix kaatui! \u2013 Syyn\u00e4 supersuosittu sarja<\/a><\/p>\n<p>Se kannatti, nimitt\u00e4in leffa tienasi aivan p\u00e4tev\u00e4n summan muutaman p\u00e4iv\u00e4n aikana.<\/p>\n<p>Finaalijakso esitettiin 600 teatterissa vuodenvaihteessa kahden p\u00e4iv\u00e4n ajan. Jakso tienasi l\u00e4hteest\u00e4 riippuen joko 20-25 miljoonan (SFGazette) tai 25-28 miljoonan dollarin (Variety) verran.<\/p>\n<p>Stranger Thingsin luoneet <strong>Dufferin<\/strong> veljekset kertoivat, ett\u00e4 lippuja myytiin 1,1 miljoonaa kappaletta. Toiset l\u00e4hteet sanovat 1,3.<\/p>\n<p>Netflix on aikeissa ostaa Warner Bros. -studion, joten miten lie k\u00e4y Warnerin elokuvien teatterikierrosten N\u00e4hd\u00e4\u00e4nk\u00f6 niit\u00e4 edelleen teattereissa vai ei?<\/p>\n<p>L\u00e4hde: <a href=\"https:\/\/comicbookmovie.com\/tv\/netflix\/stranger-things\/stranger-things-the-finale-earned-25-million-at-the-box-office-following-new-years-eve-screenings-a225803\" target=\"_blank\" rel=\"noreferrer noopener nofollow\">Comic Book Movies<\/a><\/p>\n<p>Lue my\u00f6s: <a href=\"https:\/\/www.episodi.fi\/uutiskirje\/?uutiskirjemainos=tekstilinkkimainos\" title=\"Tilaa Episodin uutiskirje ja voit voittaa leffalippuja! Nappaa tv-vinkit suoraan s\u00e4hk\u00f6postiin t\u00e4st\u00e4.\" class=\"underline-custom !font-montserrat !font-bold !underline-offset-4 !decoration-4 !decoration-episodi-blue !text-md\" rel=\"nofollow noopener\" target=\"_blank\">Tilaa Episodin uutiskirje ja voit voittaa leffalippuja! Nappaa katseluvinkit suoraan s\u00e4hk\u00f6postiin t\u00e4st\u00e4.<\/a><\/p>\n","protected":false},"excerpt":{"rendered":"Netflix ei ole tunnetusti elokuvateatteriyhti\u00f6. N\u00e4imme muutaman Netflix-tuotannon teattereissa korona-aikana, mutta se kokeilu loppui lyhyeen. Olikin miellytt\u00e4v\u00e4 yll\u00e4tys,&hellip;\n","protected":false},"author":2,"featured_media":101025,"comment_status":"","ping_status":"","sticky":false,"template":"","format":"standard","meta":{"footnotes":""},"categories":[130],"tags":[5864,137,33,31,30,217,13249,32,109],"class_list":{"0":"post-131945","1":"post","2":"type-post","3":"status-publish","4":"format-standard","5":"has-post-thumbnail","7":"category-viihde","8":"tag-elokuvateatterit","9":"tag-entertainment","10":"tag-fi","11":"tag-finland","12":"tag-finnish","13":"tag-netflix","14":"tag-stranger-things","15":"tag-suomi","16":"tag-viihde"},"share_on_mastodon":{"url":"https:\/\/pubeurope.com\/@fi\/115827993646295531","error":""},"_links":{"self":[{"href":"https:\/\/www.europesays.com\/fi\/wp-json\/wp\/v2\/posts\/131945","targetHints":{"allow":["GET"]}}],"collection":[{"href":"https:\/\/www.europesays.com\/fi\/wp-json\/wp\/v2\/posts"}],"about":[{"href":"https:\/\/www.europesays.com\/fi\/wp-json\/wp\/v2\/types\/post"}],"author":[{"embeddable":true,"href":"https:\/\/www.europesays.com\/fi\/wp-json\/wp\/v2\/users\/2"}],"replies":[{"embeddable":true,"href":"https:\/\/www.europesays.com\/fi\/wp-json\/wp\/v2\/comments?post=131945"}],"version-history":[{"count":0,"href":"https:\/\/www.europesays.com\/fi\/wp-json\/wp\/v2\/posts\/131945\/revisions"}],"wp:featuredmedia":[{"embeddable":true,"href":"https:\/\/www.europesays.com\/fi\/wp-json\/wp\/v2\/media\/101025"}],"wp:attachment":[{"href":"https:\/\/www.europesays.com\/fi\/wp-json\/wp\/v2\/media?parent=131945"}],"wp:term":[{"taxonomy":"category","embeddable":true,"href":"https:\/\/www.europesays.com\/fi\/wp-json\/wp\/v2\/categories?post=131945"},{"taxonomy":"post_tag","embeddable":true,"href":"https:\/\/www.europesays.com\/fi\/wp-json\/wp\/v2\/tags?post=131945"}],"curies":[{"name":"wp","href":"https:\/\/api.w.org\/{rel}","templated":true}]}}