{"id":131946,"date":"2026-01-02T23:03:16","date_gmt":"2026-01-02T23:03:16","guid":{"rendered":"https:\/\/www.europesays.com\/fi\/131946\/"},"modified":"2026-01-02T23:03:16","modified_gmt":"2026-01-02T23:03:16","slug":"remppacorneri-tuo-remontoinnin-ideat-ja-materiaalit-yhteen","status":"publish","type":"post","link":"https:\/\/www.europesays.com\/fi\/131946\/","title":{"rendered":"Remppacorneri tuo remontoinnin ideat ja materiaalit yhteen"},"content":{"rendered":"<p>Tiina Painokallio<\/p>\n<p>Julkaistu 02.01.2026\u20221 min<\/p>\n<ul class=\"MuiBox-root css-2ep6zf\">\n<li class=\"MuiBox-root css-0\">TallennaTallenna<\/li>\n<li class=\"MuiBox-root css-0\"\/>\n<li class=\"MuiBox-root css-0\">TulostaTulosta<\/li>\n<\/ul>\n<p><img fetchpriority=\"high\" alt=\"Kirsi_Remppacorneri_2025.jpg\" loading=\"eager\" width=\"1920\" height=\"1080\" decoding=\"async\" data-nimg=\"1\" style=\"color:transparent;width:100%;height:auto\"   src=\"https:\/\/www.europesays.com\/fi\/wp-content\/uploads\/2026\/01\/.jpeg\"\/><\/p>\n<p class=\"MuiBox-root css-15k1q0e\">Kirsi Laamasen minitaloprojekti havainnollistaa muunneltavan asumisen mahdollisuuksia. (Huom! Kuva vuoden 2025 R&amp;R-messuilta.) <\/p>\n<p>Remontointi alkaa hyvist\u00e4 ideoista ja harkituista valinnoista. Messujen Remppacorneri kokoaa yhteen ajankohtaiset ratkaisut, materiaalit ja asiantuntijat, jotka auttavat suunnittelemaan toimivia ja viihtyisi\u00e4 tiloja. Uudistunut Remppacorneri on avoinna perjantaina 23.1. ja lauantaina 24.1.2026.<\/p>\n<p>Uudistunut Remppacorneri tarjoaa inspiraatiota ja k\u00e4yt\u00e4nn\u00f6n ratkaisuja<\/p>\n<p>Remppacorneri on suunniteltu kaikille, jotka pohtivat kodin remonttia, tilojen uudistamista tai materiaalivalintoja. Alueella yhdistyv\u00e4t k\u00e4yt\u00e4nn\u00f6nl\u00e4heiset esimerkit, asiantuntijoiden neuvot ja konkreettiset ideat, joita voi soveltaa niin pieniin pintaremontteihin kuin laajempiin kokonaisuuksiin.<\/p>\n<p>T\u00e4n\u00e4 vuonna Remppacorneri on uudistunut sis\u00e4ll\u00f6lt\u00e4\u00e4n ja toteutukseltaan. Kokonaisuus korostaa erityisesti suunnittelun merkityst\u00e4, muunneltavuutta ja harkittuja materiaalivalintoja.<\/p>\n<p>Mukana my\u00f6s Taitotakomo \u2013 materiaaleja ja osaamista suunnittelun tueksi<\/p>\n<p>Remppacornerissa on mukana my\u00f6s Taitotakomo, jonka materiaalit ja tekemisen filosofia tuovat esiin k\u00e4sity\u00f6n, kest\u00e4vyyden ja persoonallisuuden osana modernia remontointia. Taitotakomon materiaalit tarjoavat vaihtoehtoja, joilla tiloihin voidaan luoda yksil\u00f6llinen ilme ilman turhaa kikkailua.<\/p>\n<p>K\u00e4vij\u00e4t p\u00e4\u00e4sev\u00e4t tutustumaan siihen, miten materiaalivalinnat vaikuttavat tilan tunnelmaan, k\u00e4ytett\u00e4vyyteen ja pitk\u00e4ik\u00e4isyyteen.<\/p>\n<p><img alt=\"&lt;p data-block-key=&quot;0jal9&quot;&gt;Remppacornerissa Jenni ja Kirsi tarjoavat inspiraatiota ja konkreettisia ideoita kodin remontointiin.&lt;\/p&gt;\" loading=\"lazy\" width=\"1000\" height=\"782\" decoding=\"async\" data-nimg=\"1\" style=\"color:transparent;width:revert-layer;height:auto;background-size:cover;background-position:50% 50%;background-repeat:no-repeat;background-image:url(&quot;data:image\/svg+xml;charset=utf-8,%3Csvg xmlns='http:\/\/www.w3.org\/2000\/svg' viewBox='0 0 1000 782'%3E%3Cfilter id='b' color-interpolation-filters='sRGB'%3E%3CfeGaussianBlur stdDeviation='20'\/%3E%3CfeColorMatrix values='1 0 0 0 0 0 1 0 0 0 0 0 1 0 0 0 0 0 100 -1' result='s'\/%3E%3CfeFlood x='0' y='0' width='100%25' height='100%25'\/%3E%3CfeComposite operator='out' in='s'\/%3E%3CfeComposite in2='SourceGraphic'\/%3E%3CfeGaussianBlur stdDeviation='20'\/%3E%3C\/filter%3E%3Cimage width='100%25' height='100%25' x='0' y='0' preserveAspectRatio='none' style='filter: url(%23b);' href='data:image\/svg+xml;base64,Cjxzdmcgd2lkdGg9IjEwMDAiIGhlaWdodD0iNzgyIiB2ZXJzaW9uPSIxLjEiIHhtbG5zPSJodHRwOi8vd3d3LnczLm9yZy8yMDAwL3N2ZyIgeG1sbnM6eGxpbms9Imh0dHA6Ly93d3cudzMub3JnLzE5OTkveGxpbmsiPgogIDxkZWZzPgogICAgPGxpbmVhckdyYWRpZW50IGlkPSJnIj4KICAgICAgPHN0b3Agc3RvcC1jb2xvcj0iI2VlZWRmMiIgb2Zmc2V0PSIyMCUiIC8+CiAgICAgIDxzdG9wIHN0b3AtY29sb3I9IiNmMWYzZjQiIG9mZnNldD0iNTAlIiAvPgogICAgICA8c3RvcCBzdG9wLWNvbG9yPSIjZWVlZGYyIiBvZmZzZXQ9IjcwJSIgLz4KICAgIDwvbGluZWFyR3JhZGllbnQ+CiAgPC9kZWZzPgogIDxyZWN0IHdpZHRoPSIxMDAwIiBoZWlnaHQ9Ijc4MiIgZmlsbD0iI2VlZWRmMiIgLz4KICA8cmVjdCBpZD0iciIgd2lkdGg9IjEwMDAiIGhlaWdodD0iNzgyIiBmaWxsPSJ1cmwoI2cpIiAvPgogIDxhbmltYXRlIHhsaW5rOmhyZWY9IiNyIiBhdHRyaWJ1dGVOYW1lPSJ4IiBmcm9tPSItMTAwMCIgdG89IjEwMDAiIGR1cj0iMXMiIHJlcGVhdENvdW50PSJpbmRlZmluaXRlIiAgLz4KPC9zdmc+'\/%3E%3C\/svg%3E&quot;)\"   src=\"https:\/\/www.europesays.com\/fi\/wp-content\/uploads\/2026\/01\/1767394996_485_.jpeg\"\/><\/p>\n<p>Remppacornerissa Jenni ja Kirsi tarjoavat inspiraatiota ja konkreettisia ideoita kodin remontointiin.<\/p>\n<p>Minitaloprojekti havainnollistaa muunneltavan asumisen mahdollisuuksia<\/p>\n<p>Kirsi Laamasen minitaloprojekti on yksi Remppacornerin keskeisist\u00e4 sis\u00e4ll\u00f6ist\u00e4. Projekti havainnollistaa, miten pieness\u00e4 tilassa korostuvat toiminnallisuus, muunneltavuus ja huolellinen suunnittelu.<\/p>\n<p>Minitalo tarjoaa konkreettisia esimerkkej\u00e4 siit\u00e4, miten tilat voidaan suunnitella monik\u00e4ytt\u00f6isiksi ja miten jokainen neli\u00f6 voidaan hy\u00f6dynt\u00e4\u00e4 j\u00e4rkev\u00e4sti. Ratkaisut inspiroivat niin pientalorakentajia, m\u00f6kkil\u00e4isi\u00e4 kuin kaupunkiasujia, jotka haluavat enemm\u00e4n toimivuutta arkeensa.<\/p>\n<p><img alt=\"&lt;p data-block-key=&quot;b6zsk&quot;&gt;Kirsin minitalo sijaitsee K\u00e4rk\u00f6l\u00e4ss\u00e4.&lt;\/p&gt;\" loading=\"lazy\" width=\"1920\" height=\"1080\" decoding=\"async\" data-nimg=\"1\" style=\"color:transparent;width:revert-layer;height:auto;background-size:cover;background-position:50% 50%;background-repeat:no-repeat;background-image:url(&quot;data:image\/svg+xml;charset=utf-8,%3Csvg xmlns='http:\/\/www.w3.org\/2000\/svg' viewBox='0 0 1920 1080'%3E%3Cfilter id='b' color-interpolation-filters='sRGB'%3E%3CfeGaussianBlur stdDeviation='20'\/%3E%3CfeColorMatrix values='1 0 0 0 0 0 1 0 0 0 0 0 1 0 0 0 0 0 100 -1' result='s'\/%3E%3CfeFlood x='0' y='0' width='100%25' height='100%25'\/%3E%3CfeComposite operator='out' in='s'\/%3E%3CfeComposite in2='SourceGraphic'\/%3E%3CfeGaussianBlur stdDeviation='20'\/%3E%3C\/filter%3E%3Cimage width='100%25' height='100%25' x='0' y='0' preserveAspectRatio='none' style='filter: url(%23b);' href='data:image\/svg+xml;base64,Cjxzdmcgd2lkdGg9IjE5MjAiIGhlaWdodD0iMTA4MCIgdmVyc2lvbj0iMS4xIiB4bWxucz0iaHR0cDovL3d3dy53My5vcmcvMjAwMC9zdmciIHhtbG5zOnhsaW5rPSJodHRwOi8vd3d3LnczLm9yZy8xOTk5L3hsaW5rIj4KICA8ZGVmcz4KICAgIDxsaW5lYXJHcmFkaWVudCBpZD0iZyI+CiAgICAgIDxzdG9wIHN0b3AtY29sb3I9IiNlZWVkZjIiIG9mZnNldD0iMjAlIiAvPgogICAgICA8c3RvcCBzdG9wLWNvbG9yPSIjZjFmM2Y0IiBvZmZzZXQ9IjUwJSIgLz4KICAgICAgPHN0b3Agc3RvcC1jb2xvcj0iI2VlZWRmMiIgb2Zmc2V0PSI3MCUiIC8+CiAgICA8L2xpbmVhckdyYWRpZW50PgogIDwvZGVmcz4KICA8cmVjdCB3aWR0aD0iMTkyMCIgaGVpZ2h0PSIxMDgwIiBmaWxsPSIjZWVlZGYyIiAvPgogIDxyZWN0IGlkPSJyIiB3aWR0aD0iMTkyMCIgaGVpZ2h0PSIxMDgwIiBmaWxsPSJ1cmwoI2cpIiAvPgogIDxhbmltYXRlIHhsaW5rOmhyZWY9IiNyIiBhdHRyaWJ1dGVOYW1lPSJ4IiBmcm9tPSItMTkyMCIgdG89IjE5MjAiIGR1cj0iMXMiIHJlcGVhdENvdW50PSJpbmRlZmluaXRlIiAgLz4KPC9zdmc+'\/%3E%3C\/svg%3E&quot;)\"   src=\"https:\/\/www.europesays.com\/fi\/wp-content\/uploads\/2026\/01\/1767394996_129_.jpeg\"\/><\/p>\n<p>Kirsin minitalo sijaitsee K\u00e4rk\u00f6l\u00e4ss\u00e4.<\/p>\n<p>V\u00e4rimaailma haltuun sisustusartesaanin opastuksella<\/p>\n<p>Remppacornerissa k\u00e4vij\u00f6it\u00e4 opastaa sisustusartesaani Jenna Tallberg, jonka johdolla voi suunnitella omaa v\u00e4rimaailmaa Taitotakomon materiaaleja hy\u00f6dynt\u00e4en. Asiantuntijan vinkit auttavat hahmottamaan, miten v\u00e4rit, pinnat ja materiaalit toimivat yhdess\u00e4.<\/p>\n<p>V\u00e4risuunnittelu on usein yksi remontin haastavimmista vaiheista, ja henkil\u00f6kohtainen opastus auttaa tekem\u00e4\u00e4n valintoja, jotka kest\u00e4v\u00e4t aikaa ja k\u00e4ytt\u00f6\u00e4.<\/p>\n<p>Remppacorneri avoinna perjantaina ja lauantaina<\/p>\n<p>Remppacorneri palvelee messuilla perjantaina 23.1. ja lauantaina 24.1.2026. Remppacorneri on paikka, jossa remontti-ideat muuttuvat konkreettisiksi. Alue tarjoaa inspiraatiota, asiantuntijatietoa ja k\u00e4yt\u00e4nn\u00f6n ratkaisuja kaikille, jotka suunnittelevat kodin uudistamista nyt tai tulevaisuudessa.<\/p>\n<p>Sunnuntaina alueen valtaavat perheen pienet rakentajat, kun alue muuntuu lasten PiiPoo-rakennusalueeksi Perhep\u00e4iv\u00e4n merkeiss\u00e4. Messuviikonlopun rakenne mahdollistaa sen, ett\u00e4 aikuiset saavat rauhassa keskitty\u00e4 remontointi- ja suunnitteluteemoihin, ja sunnuntaina lapset p\u00e4\u00e4sev\u00e4t tutustumaan rakentamisen maailmaan leikin ja tekemisen kautta.<\/p>\n<p>Poikkea Remppacornerissa ja anna ideoiden lent\u00e4\u00e4!<\/p>\n<p>Ostitko jo liput R&amp;R-messuille?<\/p>\n<p>..Jos et, niin klikkaa itsesi kipin kapin lippukaupoille ja varmista p\u00e4\u00e4sysi sutjakasti ohi lippujonojen.<\/p>\n","protected":false},"excerpt":{"rendered":"Tiina Painokallio Julkaistu 02.01.2026\u20221 min TallennaTallenna TulostaTulosta Kirsi Laamasen minitaloprojekti havainnollistaa muunneltavan asumisen mahdollisuuksia. (Huom! Kuva vuoden 2025&hellip;\n","protected":false},"author":2,"featured_media":131947,"comment_status":"","ping_status":"","sticky":false,"template":"","format":"standard","meta":{"footnotes":""},"categories":[76],"tags":[542,79,77,33,31,30,15071,11387,32,78,15068,1641],"class_list":{"0":"post-131946","1":"post","2":"type-post","3":"status-publish","4":"format-standard","5":"has-post-thumbnail","7":"category-talous","8":"tag-asuminen","9":"tag-business","10":"tag-economy","11":"tag-fi","12":"tag-finland","13":"tag-finnish","14":"tag-messut","15":"tag-remontointi","16":"tag-suomi","17":"tag-talous","18":"tag-tuotetietous","19":"tag-tuotteet"},"share_on_mastodon":{"url":"https:\/\/pubeurope.com\/@fi\/115828005525290102","error":""},"_links":{"self":[{"href":"https:\/\/www.europesays.com\/fi\/wp-json\/wp\/v2\/posts\/131946","targetHints":{"allow":["GET"]}}],"collection":[{"href":"https:\/\/www.europesays.com\/fi\/wp-json\/wp\/v2\/posts"}],"about":[{"href":"https:\/\/www.europesays.com\/fi\/wp-json\/wp\/v2\/types\/post"}],"author":[{"embeddable":true,"href":"https:\/\/www.europesays.com\/fi\/wp-json\/wp\/v2\/users\/2"}],"replies":[{"embeddable":true,"href":"https:\/\/www.europesays.com\/fi\/wp-json\/wp\/v2\/comments?post=131946"}],"version-history":[{"count":0,"href":"https:\/\/www.europesays.com\/fi\/wp-json\/wp\/v2\/posts\/131946\/revisions"}],"wp:featuredmedia":[{"embeddable":true,"href":"https:\/\/www.europesays.com\/fi\/wp-json\/wp\/v2\/media\/131947"}],"wp:attachment":[{"href":"https:\/\/www.europesays.com\/fi\/wp-json\/wp\/v2\/media?parent=131946"}],"wp:term":[{"taxonomy":"category","embeddable":true,"href":"https:\/\/www.europesays.com\/fi\/wp-json\/wp\/v2\/categories?post=131946"},{"taxonomy":"post_tag","embeddable":true,"href":"https:\/\/www.europesays.com\/fi\/wp-json\/wp\/v2\/tags?post=131946"}],"curies":[{"name":"wp","href":"https:\/\/api.w.org\/{rel}","templated":true}]}}