{"id":131962,"date":"2026-01-02T23:29:18","date_gmt":"2026-01-02T23:29:18","guid":{"rendered":"https:\/\/www.europesays.com\/fi\/131962\/"},"modified":"2026-01-02T23:29:18","modified_gmt":"2026-01-02T23:29:18","slug":"tatakin-lehtea-kustantaa-tasta-paivasta-lahtien-keskisuomalainen-media-oy-keski-suomi","status":"publish","type":"post","link":"https:\/\/www.europesays.com\/fi\/131962\/","title":{"rendered":"T\u00e4t\u00e4kin lehte\u00e4 kustantaa t\u00e4st\u00e4 p\u00e4iv\u00e4st\u00e4 l\u00e4htien Keskisuomalainen Media Oy | Keski-Suomi"},"content":{"rendered":"<p>Keskisuomalainen-konserni on koonnut koko uutismedialiiketoimintansa yhteen yhti\u00f6\u00f6n, joka on aloittanut toimintansa perjantaina 2. tammikuuta.<\/p>\n<p>Uuden yhti\u00f6n nimi on Keskisuomalainen Media Oy. Aiemmin tiedotettu nimi, Uutissuomalainen Oy, ei j\u00e4\u00e4 voimaan.<\/p>\n<p>Yhti\u00f6\u00f6n yhdistyv\u00e4t konsernin uutismedialiiketoiminnan alueyhti\u00f6t Etel\u00e4-Suomen Media, Savo-Karjalan Media ja P\u00e4ij\u00e4nne Media, graafisten tuotantopalvelujen yhti\u00f6 Mediasep\u00e4t sek\u00e4 V\u00e4li-Suomen Media, joka vastaa konsernin valtakunnallisista sis\u00e4ll\u00f6ist\u00e4 ja uutismedioiden kehityksest\u00e4.<\/p>\n<p><strong class=\"diks-storyline__impact\">Syntyneen yhti\u00f6n<\/strong> toimitusjohtaja ja Keskisuomalainen Oyj:n konsernijohtaja <strong>Vesa-Pekka Kangaskorpi<\/strong> kertoo tiedotteessa, ett\u00e4 yhden uutismediayhti\u00f6n malli tarjoaa konsernille entist\u00e4 tehokkaampia ty\u00f6nkulkuja ja toimintoja.<\/p>\n<p>\u2013 Yhti\u00f6rajojen poistuessa kykenemme my\u00f6s tarjoamaan asiakkaillemme monipuolisempia tuotteita ja palveluita, Kangaskorpi sanoo.<\/p>\n<p>Yhdeksi konkreettiseksi tavoitteeksi Kangaskorpi <a href=\"https:\/\/www.ksml.fi\/paikalliset\/8586759\" rel=\"nofollow noopener\" target=\"_blank\">kertoi<\/a> kes\u00e4kuussa, ett\u00e4 yhdell\u00e4 lehden tilauksella voisi tilata useita konsernin lehti\u00e4. Aiemmalla yhti\u00f6rakenteella arvonlis\u00e4vero aiheutti h\u00e4nen mukaansa ongelmia yhteistilauksissa.<\/p>\n<p>Konserni on supistanut alueyhti\u00f6idens\u00e4 m\u00e4\u00e4r\u00e4\u00e4 aiemminkin useaan otteeseen, viimeksi maalis\u2013huhtikuun vaihteessa 2025, jolloin yhti\u00f6it\u00e4 yhdisteltiin ja hajotettiin. Alueyhti\u00f6t ovat olleet peruja konsernin aiemmin tekemist\u00e4 yritysostoista.<\/p>\n<p>T\u00e4m\u00e4n jutun julkaissutta lehte\u00e4 kustantaa Keskisuomalainen Media Oy, joka on osa Mediakonserni Keskisuomalaista.<\/p>\n","protected":false},"excerpt":{"rendered":"Keskisuomalainen-konserni on koonnut koko uutismedialiiketoimintansa yhteen yhti\u00f6\u00f6n, joka on aloittanut toimintansa perjantaina 2. tammikuuta. Uuden yhti\u00f6n nimi on&hellip;\n","protected":false},"author":2,"featured_media":131963,"comment_status":"","ping_status":"","sticky":false,"template":"","format":"standard","meta":{"footnotes":""},"categories":[76],"tags":[79,77,33,31,30,3595,3004,720,1616,3596,2294,32,78],"class_list":{"0":"post-131962","1":"post","2":"type-post","3":"status-publish","4":"format-standard","5":"has-post-thumbnail","7":"category-talous","8":"tag-business","9":"tag-economy","10":"tag-fi","11":"tag-finland","12":"tag-finnish","13":"tag-kustantaminen","14":"tag-liiketoiminta","15":"tag-liiketoiminta-ja-rahoitus","16":"tag-media-viestinta","17":"tag-printtimedia","18":"tag-sanomalehdet","19":"tag-suomi","20":"tag-talous"},"share_on_mastodon":{"url":"https:\/\/pubeurope.com\/@fi\/115828107912124710","error":""},"_links":{"self":[{"href":"https:\/\/www.europesays.com\/fi\/wp-json\/wp\/v2\/posts\/131962","targetHints":{"allow":["GET"]}}],"collection":[{"href":"https:\/\/www.europesays.com\/fi\/wp-json\/wp\/v2\/posts"}],"about":[{"href":"https:\/\/www.europesays.com\/fi\/wp-json\/wp\/v2\/types\/post"}],"author":[{"embeddable":true,"href":"https:\/\/www.europesays.com\/fi\/wp-json\/wp\/v2\/users\/2"}],"replies":[{"embeddable":true,"href":"https:\/\/www.europesays.com\/fi\/wp-json\/wp\/v2\/comments?post=131962"}],"version-history":[{"count":0,"href":"https:\/\/www.europesays.com\/fi\/wp-json\/wp\/v2\/posts\/131962\/revisions"}],"wp:featuredmedia":[{"embeddable":true,"href":"https:\/\/www.europesays.com\/fi\/wp-json\/wp\/v2\/media\/131963"}],"wp:attachment":[{"href":"https:\/\/www.europesays.com\/fi\/wp-json\/wp\/v2\/media?parent=131962"}],"wp:term":[{"taxonomy":"category","embeddable":true,"href":"https:\/\/www.europesays.com\/fi\/wp-json\/wp\/v2\/categories?post=131962"},{"taxonomy":"post_tag","embeddable":true,"href":"https:\/\/www.europesays.com\/fi\/wp-json\/wp\/v2\/tags?post=131962"}],"curies":[{"name":"wp","href":"https:\/\/api.w.org\/{rel}","templated":true}]}}