{"id":131966,"date":"2026-01-02T23:31:07","date_gmt":"2026-01-02T23:31:07","guid":{"rendered":"https:\/\/www.europesays.com\/fi\/131966\/"},"modified":"2026-01-02T23:31:07","modified_gmt":"2026-01-02T23:31:07","slug":"katjan-talossa-on-8-astetta-lamminta-sahkoyhtiolta-tai-kunnalta-ei-apua-heru","status":"publish","type":"post","link":"https:\/\/www.europesays.com\/fi\/131966\/","title":{"rendered":"Katjan talossa on 8 astetta l\u00e4mmint\u00e4 \u2013 S\u00e4hk\u00f6yhti\u00f6lt\u00e4 tai kunnalta ei apua heru"},"content":{"rendered":"<p>Hannes-myrsky vei Katjan talosta s\u00e4hk\u00f6t, eik\u00e4 niit\u00e4 ole viel\u00e4k\u00e4\u00e4n saatu korjattua.<\/p>\n<p class=\"paragraph\">Etel\u00e4-Pohjanmaan Teuvassa asuva <strong>Katja Kuurakorpi<\/strong> kertoo Iltalehdelle, ett\u00e4 h\u00e4nen talossaan ei ole ollut s\u00e4hk\u00f6\u00e4 melkein viikkoon. S\u00e4hk\u00f6t meniv\u00e4t poikki lauantai-iltana, kun Hannes-myrsky riepotteli Suomea.<\/p>\n<p class=\"paragraph\">\u2013 Olen henkisesti aivan loppu t\u00e4h\u00e4n kylmyyteen. T\u00e4\u00e4ll\u00e4 talossa on t\u00e4ll\u00e4 hetkell\u00e4 8 astetta l\u00e4mmint\u00e4. Olemme erist\u00e4neet olohuoneen paksuilla verhoilla ja peitoilla, jotta pystymme nukkumaan siell\u00e4, niin siell\u00e4 on jopa 15 astetta l\u00e4mmint\u00e4. Makuuhuoneessa menee varmaan kohta pakkasen puolelle, Kuurakorpi kertoo.<\/p>\n<p class=\"paragraph\">Kuurakorpi l\u00e4hetti Iltalehdelle perjantaina 2.1. otetun kuvan l\u00e4mp\u00f6mittarista, jossa n\u00e4kyy, ett\u00e4 elohopea on painunut sis\u00e4ll\u00e4 noin 8 asteeseen. Ulkona pakkasta on Kuurakorven mukaan ollut pahimmillaan 18 astetta. Iltalehti on my\u00f6s n\u00e4hnyt kuvia Kuurakorven pihapiirist\u00e4, josta myrskyn aiheuttamat vauriot k\u00e4yv\u00e4t ilmi.<\/p>\n<p class=\"paragraph\">Energiateollisuuden mukaan Hannes oli s\u00e4hk\u00f6katkoiltaan <a href=\"https:\/\/www.iltalehti.fi\/saauutiset\/0e6d6ea3-fc34-4bb6-b458-f270b9d5a8f7\" rel=\"nofollow noopener\" target=\"_blank\">pahin Suomeen iskenyt myrsky<\/a> yli kymmeneen vuoteen. S\u00e4hk\u00f6tt\u00f6mi\u00e4 asiakkaita oli pahimmillaan jopa 187 000. S\u00e4hk\u00f6katkot painottuivat maan l\u00e4nsi- ja keskiosaan.<\/p>\n<p class=\"paragraph\">Energiateollisuuden <a href=\"https:\/\/sahkokatkokartta.fi\/\" target=\"_blank\" rel=\"noopener nofollow\">s\u00e4hk\u00f6katkokartan<\/a> mukaan Suomessa oli puolen p\u00e4iv\u00e4n j\u00e4lkeen perjantaina edelleen yli 2 000 s\u00e4hk\u00f6t\u00f6nt\u00e4 asiakasta.<\/p>\n<p class=\"paragraph\">Katja Kuurakorpi puolisoineen on yksi heist\u00e4.<\/p>\n<p>S\u00e4hk\u00f6yhti\u00f6st\u00e4 tai kunnasta ei ole ollut apua<\/p>\n<p class=\"paragraph\">S\u00e4hk\u00f6yhti\u00f6 Carunalta ei ole h\u00e4nen mukaansa herunut tietoa sen enemp\u00e4\u00e4 kuin mink\u00e4\u00e4nlaista apuakaan.<\/p>\n<p class=\"paragraph\">\u2013 Heist\u00e4 ei ole kuulunut mit\u00e4\u00e4n. Emme tied\u00e4 edes sit\u00e4, milloin t\u00e4nne on tulossa joku korjaamaan s\u00e4hk\u00f6j\u00e4.<\/p>\n<p class=\"paragraph\">Iltalehti ei tavoittanut Carunaa kommentoimaan asiaa perjantai-iltana.<\/p>\n<p>Katja Kuurakorpi toivoo, ett\u00e4 vastaavissa tilanteissa olisi enemm\u00e4n apua saatavilla. Liki viikko j\u00e4\u00e4kylm\u00e4ss\u00e4 talossa on ottanut todella koville.  Katja Kuurakorpi<\/p>\n<p class=\"paragraph\">Kuurakorpi kertoo, ett\u00e4 Teuvan kunta ei ole my\u00f6sk\u00e4\u00e4n ollut kovin avulias, saati tiedottanut asukkaita kunnolla.<\/p>\n<p class=\"paragraph\">\u2013 P\u00e4\u00e4simme pesulle viimeksi viime lauantaina ennen s\u00e4hk\u00f6katkoa, koska sen j\u00e4lkeen ei ole ollut l\u00e4mmint\u00e4 vett\u00e4. Otin yhteytt\u00e4 kuntaan alkuviikosta ja kysyin, p\u00e4\u00e4sisimmek\u00f6 jonnekin pesulle. He eiv\u00e4t aluksi noteeranneet mitenk\u00e4\u00e4n.<\/p>\n<p class=\"paragraph\">Kuurakorpi kertoo, ett\u00e4 h\u00e4net ohjattiin lopulta er\u00e4\u00e4n ty\u00f6ntekij\u00e4n juttusille, jolla oli tietoa kunnan peseytymistiloista uimalammen yhteydess\u00e4.<\/p>\n<p class=\"paragraph\">\u2013 H\u00e4n kertoi meille, ett\u00e4 sinne voisi menn\u00e4 peseytym\u00e4\u00e4n, ja siell\u00e4 on saunamahdollisuuskin. Ajattelimme, ett\u00e4 jos sinne p\u00e4\u00e4sisi sitten pesulle. No kuule 80 euroa olisi pyydetty siit\u00e4 k\u00e4ynnist\u00e4.<\/p>\n<p class=\"paragraph\">Kuurakorven mukaan ty\u00f6ntekij\u00e4 perusteli maksua, ett\u00e4 paikalle pit\u00e4isi tilata talonmies, ja matkakulut pit\u00e4isi hoitaa.<\/p>\n<p class=\"paragraph\">\u2013 T\u00e4m\u00e4 ei ole sit\u00e4, ett\u00e4 ihmisi\u00e4 autetaan h\u00e4d\u00e4ss\u00e4.<\/p>\n<p class=\"paragraph\">Kuurakorpi soitti t\u00e4m\u00e4n j\u00e4lkeen alueen diakonissalle. Diakoniaty\u00f6ntekij\u00e4t olivat h\u00e4nen mukaansa jo ehtineet mietti\u00e4, miten tilanteessa voitaisiin auttaa.<\/p>\n<p class=\"paragraph\">\u2013 He neuvoivat meid\u00e4t sellaiseen teuvalaiseen y\u00f6pymispaikkaan, jossa oli saunat ja suihkut. Olemme saaneet lainata saunaa ja suihkuja kaksi kertaa t\u00e4ll\u00e4 viikolla, ja olen kyll\u00e4 ikuisesti kiitollinen heille. Ihania l\u00e4mpimi\u00e4 ihmisi\u00e4, edes joku v\u00e4litt\u00e4\u00e4, Kuurakorpi kertoo.<\/p>\n<p>Kunnanjohtaja vastaa kritiikkiin<\/p>\n<p class=\"paragraph\">Teuvan kunnanjohtaja <strong>Rami Mattila<\/strong> kertoo Iltalehdelle, ett\u00e4 Teuvan uimahallissa pystyy peseytym\u00e4\u00e4n edulliseen hintaan. H\u00e4nen mukaansa uimahalli on ollut auki ainakin uudenvuodenaattona ja j\u00e4lleen 2. tammikuuta.<\/p>\n<p class=\"paragraph\">\u2013 Olemme viestineet, ett\u00e4 uimahallilla voi ladata k\u00e4nnyk\u00e4n akkua, k\u00e4yd\u00e4 peseytym\u00e4ss\u00e4 ja hakea vett\u00e4. Facebookissa on p\u00e4ivitys uimahallin aukioloajoista, pyysin t\u00e4llaisen tekem\u00e4\u00e4n, Mattila kertoo.<\/p>\n<p class=\"paragraph\">Teuvan kunta tiedotti asiasta <a href=\"https:\/\/www.facebook.com\/teuvaon\/posts\/pfbid027sKt4WRybdQoh5YByFyqUoj5TteQ5TjuKXZ6gMSoJHnVLfuNtieBGoFnZzJ4JAygl?locale=fi_FI\" target=\"_blank\" rel=\"noopener nofollow\">Facebookissa<\/a> hieman ennen kello kahta uudenvuodenaaton iltap\u00e4iv\u00e4n\u00e4. Julkaisussa kerrotaan, ett\u00e4 uimahalli on samana p\u00e4iv\u00e4n\u00e4 auki kello 18 saakka, ja on suljettuna uudenvuodenp\u00e4iv\u00e4n\u00e4 sek\u00e4 4.\u20136. tammikuuta. Uimahalli on julkaisun mukaan avoinna 2. ja 3. tammikuuta. Iltalehden tiedossa ei ole, miten uimahalli oli auki v\u00e4lip\u00e4ivin\u00e4.<\/p>\n<p class=\"paragraph\"><strong>Jos uimahalli on ollut auki ja siell\u00e4 on voinut peseyty\u00e4 edullisesti, niin miksi haastattelemalleni henkil\u00f6lle oli suositeltu n\u00e4it\u00e4 uimalammen peseytymistiloja, joiden k\u00e4ytt\u00f6 maksaa 80 euroa kerralta?<\/strong><\/p>\n<p class=\"paragraph\">\u2013 En tied\u00e4 n\u00e4ist\u00e4 keskusteluista, olen itse ollut n\u00e4m\u00e4 v\u00e4lip\u00e4iv\u00e4t lomalla, niin en osaa sanoa. En osaa kenenk\u00e4\u00e4n puolesta vastata, Mattila kertoo.<\/p>\n<p class=\"paragraph\">Mattilan mukaan kunta olisi ryhtynyt toimenpiteisiin, mik\u00e4li pitkittyneet s\u00e4hk\u00f6katkot olisivat koskettaneet Teuvan asukkaita laajemmin. H\u00e4nen mukaansa s\u00e4hk\u00f6t ovat olleet poikki pidemm\u00e4n aikaa vain yhdeks\u00e4ss\u00e4 kotitaloudessa Teuvassa.<\/p>\n<p class=\"paragraph\">\u2013 Jos s\u00e4hk\u00f6tt\u00f6mi\u00e4 talouksia olisi ollut huomattavia m\u00e4\u00e4ri\u00e4, niin sitten olisimme varmaan j\u00e4rjest\u00e4neet esimerkiksi uimahalliin my\u00f6s pyh\u00e4p\u00e4iviksi aukioloaikoja.<\/p>\n<p class=\"paragraph\">\u2013 Mutta aina on tietenkin parannettava ja t\u00e4st\u00e4 varmasti keskustellaan nyt sitten vastaisuuden varalta, Mattila toteaa.<\/p>\n<p>Perheen ei ole mahdollista majoittua muualle<\/p>\n<p class=\"paragraph\">Kuurakorpi ei ole voinut l\u00e4hte\u00e4 talostaan toiseen majapaikkaan s\u00e4hk\u00f6katkon ajaksi, sill\u00e4 pariskunnalla on el\u00e4imi\u00e4, joita ei voi j\u00e4tt\u00e4\u00e4 yksin.<\/p>\n<p class=\"paragraph\">\u2013 Meill\u00e4 on yhteens\u00e4 nelj\u00e4 koiraa, joista yksi on kolmekuukautinen pentu, kaksi kissaa, kaksi ponia, ankkoja sek\u00e4 muutama vanha kana. Jotkut varmaan l\u00e4htev\u00e4t m\u00f6keilleen tai hotelliin, mutta emme me voi mihink\u00e4\u00e4n l\u00e4hte\u00e4, kun meill\u00e4 on n\u00e4m\u00e4 talliel\u00e4imet. Ne kaikki ovat etusijalla.<\/p>\n<p>Katja on puolisonsa kanssa erist\u00e4nyt 200-neli\u00f6isen talonsa olohuoneen verhoilla ja peitoilla, jotta se pysyisi riitt\u00e4v\u00e4n l\u00e4mpim\u00e4n\u00e4. Pariskunta nukkuu s\u00e4hk\u00f6katkon aikana olohuoneessa nelj\u00e4n koiransa kanssa. Katja Kuurakorpi<\/p>\n<p class=\"paragraph\">Kuurakorven mukaan myrsky kaatoi kaksi isoa puuta tallirakennuksen takana. Tallin yhteydess\u00e4 on s\u00e4hk\u00f6tolppa, jonka kautta s\u00e4hk\u00f6\u00e4 tulee talliin, ja sielt\u00e4 edelleen p\u00e4\u00e4rakennukseen.<\/p>\n<p class=\"paragraph\">Puut kiskaisivat voimalinjat mukanaan alas, jonka my\u00f6t\u00e4 kaapelit irtosivat p\u00e4\u00e4rakennuksesta.<\/p>\n<p class=\"paragraph\">\u2013 Tallissa s\u00e4ilyi valot luojan kiitos, muuten el\u00e4imet olisivat pelk\u00e4ss\u00e4 pimeydess\u00e4. Mutta meilt\u00e4 l\u00e4hti kaikki. Olemme olleet kahden aggregaatin varassa koko viikon, ja meill\u00e4 on mennyt noin sata euroa p\u00e4iv\u00e4ss\u00e4 niiden polttoaineeseen, Kuurakorpi kertoo.<\/p>\n<p class=\"paragraph\">Kuurakorpi on huolissaan perheen taloudellisesta tilanteesta. H\u00e4n kertoo olevansa t\u00e4ll\u00e4 hetkell\u00e4 ty\u00f6t\u00f6n, ja h\u00e4nen miehens\u00e4 on joutunut Kuurakorven mukaan olemaan tilanteen vuoksi jonkin verran pois t\u00f6ist\u00e4.<\/p>\n<p class=\"paragraph\">\u2013 Kaikki sanovat, ett\u00e4 t\u00e4st\u00e4 voi saada kunnon korvauksen, mutta ei se l\u00e4mmit\u00e4 mielt\u00e4ni  p\u00e4tk\u00e4\u00e4k\u00e4\u00e4n t\u00e4ss\u00e4 kohtaa.<\/p>\n<p class=\"paragraph\">Kuurakorven mukaan toinen aggregaatti eli lis\u00e4virtal\u00e4hde pimeni eilen. H\u00e4n viestitti Iltalehdelle haastattelun j\u00e4lkeen, ett\u00e4 toinenkin aggregaatti on sittemmin hajonnut.<\/p>\n<p class=\"paragraph\">\u2013 Kaikista paras oli, kun soitimme Carunan asiakaspalveluun, ja tuli ilmi, ett\u00e4 tallissa toimii edelleen valot. Sielt\u00e4 sitten sanottiin, ett\u00e4 menk\u00e4\u00e4 sinne talliin. Siis sinne j\u00e4\u00e4kylm\u00e4\u00e4n talliin vai?<\/p>\n<p>\u201dSelviytymisen selviytymist\u00e4\u201d<\/p>\n<p>Kuurakorpi kertoo, ett\u00e4 pariskunta on tehnyt leivinuunissa muun muassa munakasta ankan munista. Leivinuunissa on my\u00f6s l\u00e4mmitetty vett\u00e4 talliel\u00e4imille. Leivinuunista on s\u00e4hk\u00f6katkon aikana apua l\u00e4hinn\u00e4 ruuanlaittoon, koska sill\u00e4 ei pystyt\u00e4 l\u00e4mmitt\u00e4m\u00e4\u00e4n taloa keitti\u00f6t\u00e4 lukuun ottamatta. Katja Kuurakorpi<\/p>\n<p class=\"paragraph\">Kuurakorpi kertoo, ett\u00e4 viikko on ollut hyvin rankka. Kylmyyden lis\u00e4ksi talossa on t\u00e4ytynyt huolehtia, etteiv\u00e4t talon putket j\u00e4\u00e4dy, ja ett\u00e4 el\u00e4imist\u00e4 pystyt\u00e4\u00e4n pit\u00e4m\u00e4\u00e4n huolta. Ruuat on laitettu talon leivinuunissa ja kahvit keitetty retkikeittimell\u00e4. Talliin pit\u00e4\u00e4 kantaa talosta vett\u00e4, koska vesi pit\u00e4\u00e4 l\u00e4mmitt\u00e4\u00e4 leivinuunissa, ettei se j\u00e4\u00e4dy heti.<\/p>\n<p class=\"paragraph\">\u2013 Sinulla on koko ajan kylm\u00e4, huolehdit koko ajan, ett\u00e4 el\u00e4imill\u00e4 on ruokaa ja riitt\u00e4v\u00e4n l\u00e4mmin. Sitten k\u00e4yt\u00e4t koirat pikaisesti ulkona tarpeillaan, menet takaisin olohuoneeseen ja ved\u00e4t verhot kiinni. Selviytymisen selviytymist\u00e4, sellaista t\u00e4m\u00e4 viikko on kyll\u00e4 ollut, Kuurakorpi toteaa.<\/p>\n<p class=\"paragraph\">Kuurakorpi viestitt\u00e4\u00e4 Iltalehdelle muutama tunti haastattelun j\u00e4lkeen perjantai-iltap\u00e4iv\u00e4n\u00e4, ett\u00e4 s\u00e4hk\u00f6verkkoyhti\u00f6 Elenian ty\u00f6ntekij\u00f6it\u00e4 saapui h\u00e4nen talolleen ja tarkastamaan tilannetta.<\/p>\n<p class=\"paragraph\">Kuurakorpi viestitti Iltalehdelle alkuillasta, ettei katkosta saatu kuitenkaan korjattua, eik\u00e4 tilanteesta ole jatkon osalta viel\u00e4 tietoa.<\/p>\n<p class=\"paragraph\">\u2013 Sen verran s\u00e4hk\u00f6miehet pystyiv\u00e4t auttamaan, ett\u00e4 saimme ulkorakennuksesta jatkojohdon avulla sis\u00e4lle makuusoppiimme patterin p\u00e4\u00e4lle, Kuurakorpi viestitt\u00e4\u00e4 Iltalehdelle perjantai-iltana.<\/p>\n<p class=\"paragraph\">Erityisesti yksi ajatus on viikon ep\u00e4tietoisuuden ja palelun j\u00e4lkeen Kuurakorven mielen p\u00e4\u00e4ll\u00e4.<\/p>\n<p class=\"paragraph\">\u2013 Oletin, ettei ihmisi\u00e4 j\u00e4tet\u00e4 yksin selviytym\u00e4\u00e4n, ett\u00e4 on tahoja, jotka tulevat auttamaan. T\u00e4llaisissa tilanteissa pit\u00e4isi olla auttavia k\u00e4si\u00e4, mutta ei ket\u00e4\u00e4n kiinnosta. Lis\u00e4ksi [yhti\u00f6iden ja p\u00e4\u00e4tt\u00e4jien ym.] pit\u00e4isi havahtua t\u00e4h\u00e4n p\u00e4iv\u00e4\u00e4n. Apua pit\u00e4isi tarjota enemm\u00e4n ja tiedottaa siit\u00e4 paremmin.<\/p>\n","protected":false},"excerpt":{"rendered":"Hannes-myrsky vei Katjan talosta s\u00e4hk\u00f6t, eik\u00e4 niit\u00e4 ole viel\u00e4k\u00e4\u00e4n saatu korjattua. Etel\u00e4-Pohjanmaan Teuvassa asuva Katja Kuurakorpi kertoo Iltalehdelle,&hellip;\n","protected":false},"author":2,"featured_media":131967,"comment_status":"","ping_status":"","sticky":false,"template":"","format":"standard","meta":{"footnotes":""},"categories":[12],"tags":[35,22,23,124,1628,26,27,33,31,30,17,24,25,72,28,29,15,18,21,710,2007,32,19,20,16],"class_list":{"0":"post-131966","1":"post","2":"type-post","3":"status-publish","4":"format-standard","5":"has-post-thumbnail","7":"category-suomi","8":"tag-24h","9":"tag-breaking-news","10":"tag-breakingnews","11":"tag-energia-sektori","12":"tag-energia-ja-energiavarat","13":"tag-featured-news","14":"tag-featurednews","15":"tag-fi","16":"tag-finland","17":"tag-finnish","18":"tag-headlines","19":"tag-latest-news","20":"tag-latestnews","21":"tag-luonto","22":"tag-main-news","23":"tag-mainnews","24":"tag-news","25":"tag-otsikot","26":"tag-paauutiset","27":"tag-saa","28":"tag-sahko","29":"tag-suomi","30":"tag-top-stories","31":"tag-topstories","32":"tag-uutiset"},"share_on_mastodon":{"url":"https:\/\/pubeurope.com\/@fi\/115828115588468847","error":""},"_links":{"self":[{"href":"https:\/\/www.europesays.com\/fi\/wp-json\/wp\/v2\/posts\/131966","targetHints":{"allow":["GET"]}}],"collection":[{"href":"https:\/\/www.europesays.com\/fi\/wp-json\/wp\/v2\/posts"}],"about":[{"href":"https:\/\/www.europesays.com\/fi\/wp-json\/wp\/v2\/types\/post"}],"author":[{"embeddable":true,"href":"https:\/\/www.europesays.com\/fi\/wp-json\/wp\/v2\/users\/2"}],"replies":[{"embeddable":true,"href":"https:\/\/www.europesays.com\/fi\/wp-json\/wp\/v2\/comments?post=131966"}],"version-history":[{"count":0,"href":"https:\/\/www.europesays.com\/fi\/wp-json\/wp\/v2\/posts\/131966\/revisions"}],"wp:featuredmedia":[{"embeddable":true,"href":"https:\/\/www.europesays.com\/fi\/wp-json\/wp\/v2\/media\/131967"}],"wp:attachment":[{"href":"https:\/\/www.europesays.com\/fi\/wp-json\/wp\/v2\/media?parent=131966"}],"wp:term":[{"taxonomy":"category","embeddable":true,"href":"https:\/\/www.europesays.com\/fi\/wp-json\/wp\/v2\/categories?post=131966"},{"taxonomy":"post_tag","embeddable":true,"href":"https:\/\/www.europesays.com\/fi\/wp-json\/wp\/v2\/tags?post=131966"}],"curies":[{"name":"wp","href":"https:\/\/api.w.org\/{rel}","templated":true}]}}