{"id":131975,"date":"2026-01-02T23:52:08","date_gmt":"2026-01-02T23:52:08","guid":{"rendered":"https:\/\/www.europesays.com\/fi\/131975\/"},"modified":"2026-01-02T23:52:08","modified_gmt":"2026-01-02T23:52:08","slug":"nyt-suoratoistossa-ehka-kaikkien-aikojen-paras-sotaelokuva-julma-yksityiskohta-meni-katsojilta-ohi","status":"publish","type":"post","link":"https:\/\/www.europesays.com\/fi\/131975\/","title":{"rendered":"Nyt suoratoistossa: Ehk\u00e4 kaikkien aikojen paras sotaelokuva \u2013 julma yksityiskohta meni katsojilta ohi"},"content":{"rendered":"<p>Pelastakaa sotamies Ryan\u00a0(Saving Private Ryan, 1998) on lis\u00e4tty SkyShowtimen valikoimaan.<\/p>\n<p><strong>Steven Spielbergin<\/strong> ohjaama Pelastakaa sotamies Ryan on yksi kaikkien aikojen parhaita sotaelokuvia. Toiseen maailmansotaan sijoittuva elokuva kertoo joukosta sotilaita, jotka saavat teht\u00e4v\u00e4kseen etsi\u00e4 vihollislinjojen takana olevan sotamies Ryanin. Ryan pit\u00e4\u00e4 tuoda pois rintamalta, koska h\u00e4nen veljens\u00e4 ovat kaatuneet sodassa.<\/p>\n<p>P\u00e4\u00e4osissa n\u00e4hd\u00e4\u00e4n\u00a0<strong>Tom Hanks<\/strong>,\u00a0<strong>Tom Sizemore<\/strong>,\u00a0<strong>Edward Burns<\/strong>,\u00a0<strong>Barry Pepper<\/strong>,\u00a0<strong>Adam Goldberg<\/strong>, <strong>Giovanni Ribisi<\/strong>,\u00a0<strong>Jeremy Davies<\/strong>\u00a0ja\u00a0<strong>Matt Damon<\/strong>.<\/p>\n<p>Lue my\u00f6s: <a href=\"https:\/\/www.episodi.fi\/uutiset\/nyt-suoratoistossa-nayttava-sotaelokuva-vuodelta-2022-upeasti-toteutetut-lento-ja-taistelukohtaukset\/\" title=\"Nyt suoratoistossa: N\u00e4ytt\u00e4v\u00e4 sotaelokuva vuodelta 2022 \u2013 \u201dUpeasti toteutetut lento- ja taistelukohtaukset\u201d\" class=\"underline-custom !font-montserrat !font-bold !underline-offset-4 !decoration-4 !decoration-episodi-blue !text-md\" rel=\"nofollow noopener\" target=\"_blank\">Nyt suoratoistossa: N\u00e4ytt\u00e4v\u00e4 sotaelokuva vuodelta 2022 \u2013 \u201dUpeasti toteutetut lento- ja taistelukohtaukset\u201d<\/a><\/p>\n<p>Lue my\u00f6s: <a href=\"https:\/\/www.episodi.fi\/uutiset\/nyt-netflixissa-kauan-odotettu-fantasialeffa-lopputulos-valtava-pettymys\/\" title=\"Nyt Netflixiss\u00e4: Kauan odotettu fantasialeffa \u2013 lopputulos valtava pettymys!\" class=\"underline-custom !font-montserrat !font-bold !underline-offset-4 !decoration-4 !decoration-episodi-blue !text-md\" rel=\"nofollow noopener\" target=\"_blank\">Nyt Netflixiss\u00e4: Kauan odotettu fantasialeffa \u2013 lopputulos valtava pettymys!<\/a><\/p>\n<p>Lue my\u00f6s: <a href=\"https:\/\/www.episodi.fi\/uutiset\/nyt-netflixissa-ylistetty-sotaelokuva-kertoo-yhdysvaltojen-sisallissodasta-rotten-tomatoes-luku-95\/\" title=\"Nyt Netflixiss\u00e4: Ylistetty sotaelokuva kertoo Yhdysvaltojen sis\u00e4llissodasta \u2013 Rotten Tomatoes -luku 95!\" class=\"underline-custom !font-montserrat !font-bold !underline-offset-4 !decoration-4 !decoration-episodi-blue !text-md\" rel=\"nofollow noopener\" target=\"_blank\">Nyt Netflixiss\u00e4: Ylistetty sotaelokuva kertoo Yhdysvaltojen sis\u00e4llissodasta \u2013 Rotten Tomatoes -luku 95!<\/a><\/p>\n<p>Pelastakaa sotamies Ryan\u00a0voitti Oscar-palkinnot parhaasta ohjauksesta, kuvauksesta, leikkauksesta, \u00e4\u00e4nityksest\u00e4 ja \u00e4\u00e4nitehosteista.<\/p>\n<p>Elokuvan <a href=\"https:\/\/www.rottentomatoes.com\/m\/saving_private_ryan\" rel=\"noreferrer noopener nofollow\" target=\"_blank\">Rotten Tomatoes -prosentti<\/a> on 94.<\/p>\n<p>Triviana voidaan mainita, ett\u00e4 elokuvassa on <a href=\"https:\/\/www.episodi.fi\/uutiset\/pelastakaa-sotamies-ryanissa-on-monilta-ohi-mennyt-yksityiskohta-tekee-elokuvasta-paljon-brutaalimman\/\" rel=\"nofollow noopener\" target=\"_blank\">brutaali yksityiskohta<\/a>, joka on mennyt monilta ohi. Omaha Beachin maihinnousun j\u00e4lkimainingeissa kaksi saksalaisten joukkojen sotilasta antautuu liittoutuneille. Antautuneet anovat armoa, mutta heit\u00e4 ymm\u00e4rt\u00e4m\u00e4tt\u00f6m\u00e4t liittoutuneet teloittavat heid\u00e4t siihen paikkaan.<\/p>\n<p>Kohtauksesta tekee entist\u00e4 julmemman se, ett\u00e4 antautuneet eiv\u00e4t itse asiassa ole edes saksalaisia. He puhuvat tsekki\u00e4, jota liittoutuneet eiv\u00e4t edes tajunneet. <\/p>\n<p>Katso traileri alta.<\/p>\n<p><img loading=\"lazy\" decoding=\"async\" alt=\"YouTube video\" width=\"480\" height=\"360\" data-pin-nopin=\"true\" nopin=\"nopin\" class=\"perfmatters-lazy\" src=\"https:\/\/www.europesays.com\/fi\/wp-content\/uploads\/2025\/11\/1761976567_751_hqdefault.jpg\"\/><\/p>\n<p>Lue my\u00f6s: <a href=\"https:\/\/www.episodi.fi\/uutiskirje\/?uutiskirjemainos=tekstilinkkimainos\" title=\"Tilaa Episodin uutiskirje ja voit voittaa leffalippuja! Nappaa tv-vinkit suoraan s\u00e4hk\u00f6postiin t\u00e4st\u00e4.\" class=\"underline-custom !font-montserrat !font-bold !underline-offset-4 !decoration-4 !decoration-episodi-blue !text-md\" rel=\"nofollow noopener\" target=\"_blank\">Tilaa Episodin uutiskirje ja voit voittaa leffalippuja! Nappaa katseluvinkit suoraan s\u00e4hk\u00f6postiin t\u00e4st\u00e4.<\/a><\/p>\n","protected":false},"excerpt":{"rendered":"Pelastakaa sotamies Ryan\u00a0(Saving Private Ryan, 1998) on lis\u00e4tty SkyShowtimen valikoimaan. Steven Spielbergin ohjaama Pelastakaa sotamies Ryan on yksi&hellip;\n","protected":false},"author":2,"featured_media":131976,"comment_status":"","ping_status":"","sticky":false,"template":"","format":"standard","meta":{"footnotes":""},"categories":[130],"tags":[137,33,31,30,341,32,109],"class_list":{"0":"post-131975","1":"post","2":"type-post","3":"status-publish","4":"format-standard","5":"has-post-thumbnail","7":"category-viihde","8":"tag-entertainment","9":"tag-fi","10":"tag-finland","11":"tag-finnish","12":"tag-skyshowtime","13":"tag-suomi","14":"tag-viihde"},"share_on_mastodon":{"url":"https:\/\/pubeurope.com\/@fi\/115828198148071888","error":""},"_links":{"self":[{"href":"https:\/\/www.europesays.com\/fi\/wp-json\/wp\/v2\/posts\/131975","targetHints":{"allow":["GET"]}}],"collection":[{"href":"https:\/\/www.europesays.com\/fi\/wp-json\/wp\/v2\/posts"}],"about":[{"href":"https:\/\/www.europesays.com\/fi\/wp-json\/wp\/v2\/types\/post"}],"author":[{"embeddable":true,"href":"https:\/\/www.europesays.com\/fi\/wp-json\/wp\/v2\/users\/2"}],"replies":[{"embeddable":true,"href":"https:\/\/www.europesays.com\/fi\/wp-json\/wp\/v2\/comments?post=131975"}],"version-history":[{"count":0,"href":"https:\/\/www.europesays.com\/fi\/wp-json\/wp\/v2\/posts\/131975\/revisions"}],"wp:featuredmedia":[{"embeddable":true,"href":"https:\/\/www.europesays.com\/fi\/wp-json\/wp\/v2\/media\/131976"}],"wp:attachment":[{"href":"https:\/\/www.europesays.com\/fi\/wp-json\/wp\/v2\/media?parent=131975"}],"wp:term":[{"taxonomy":"category","embeddable":true,"href":"https:\/\/www.europesays.com\/fi\/wp-json\/wp\/v2\/categories?post=131975"},{"taxonomy":"post_tag","embeddable":true,"href":"https:\/\/www.europesays.com\/fi\/wp-json\/wp\/v2\/tags?post=131975"}],"curies":[{"name":"wp","href":"https:\/\/api.w.org\/{rel}","templated":true}]}}