{"id":132021,"date":"2026-01-03T01:16:11","date_gmt":"2026-01-03T01:16:11","guid":{"rendered":"https:\/\/www.europesays.com\/fi\/132021\/"},"modified":"2026-01-03T01:16:11","modified_gmt":"2026-01-03T01:16:11","slug":"nain-hakunilan-ostarilla-kommentoitiin-hiihtajan-mogadishu-vertausta","status":"publish","type":"post","link":"https:\/\/www.europesays.com\/fi\/132021\/","title":{"rendered":"N\u00e4in Hakunilan ostarilla kommentoitiin hiiht\u00e4j\u00e4n Mogadishu-vertausta"},"content":{"rendered":"<p>Vantaa|Hiiht\u00e4j\u00e4 Vilma Nissinen vertasi Hakunilaa Somalian p\u00e4\u00e4kaupunkiin. Kysyimme Hakunilan ostarilla asioineilta, mit\u00e4 mielt\u00e4 he olivat Nissisen kommenteista.<\/p>\n<p>2.1. 17:00<\/p>\n<p class=\"article-body mb-nof-24 px-nof-16\">Maajoukkuehiiht\u00e4j\u00e4 <a class=\"font-bold underline-offset-[0.12em] [text-decoration:var(--person-link-text-decoration)] ![text-decoration-color:var(--person-link-text-decoration-color)]\" href=\"https:\/\/www.hs.fi\/haku\/?query=Vilma%20Nissinen\" rel=\"nofollow noopener\" target=\"_blank\">Vilma Nissinen<\/a> kuvaili Vantaata Suomen Mogadishuksi torstaina. Nissisen mukaan Vantaa on ollut \u201dMogadishu\u201d 1990-luvulta asti, ja varsinkin Hakunilan l\u00e4hi\u00f6iss\u00e4 saattaa kuulemma sattua ja tapahtua kaikenlaista.<\/p>\n<p class=\"article-body mb-nof-24 px-nof-16\">Nissinen ei asu Vantaalla. Siisp\u00e4 on paikallaan kysy\u00e4 vantaalaisilta itselt\u00e4\u00e4n, tuntuuko turvattomalta ja onko levotonta.<\/p>\n<p class=\"article-body mb-nof-24 px-nof-16\">Haastattelupaikka on tietysti Hakunilan ostoskeskus. Se on 1980-luvulla valmistunut todellinen vanhan liiton ostari.<\/p>\n<p class=\"article-body mb-nof-24 px-nof-16\">Alueella on rauhallista ja v\u00e4lj\u00e4\u00e4 perjantaina p\u00e4iv\u00e4ll\u00e4. Parkkipaikkoja l\u00f6ytyy, h\u00e4irikk\u00f6j\u00e4 ei n\u00e4y. Vastaan tulee etenkin lapsiperheit\u00e4, pariskuntia ja ik\u00e4ihmisi\u00e4.<\/p>\n<p class=\"article-body mb-nof-24 px-nof-16\">Ostoskeskuksen ulkokuoresta tulee ensimm\u00e4isen\u00e4 mieleen adjektiivi rapistunut.<\/p>\n<p class=\"article-body mb-nof-24 px-nof-16\"><a class=\"font-bold underline-offset-[0.12em] [text-decoration:var(--person-link-text-decoration)] ![text-decoration-color:var(--person-link-text-decoration-color)]\" href=\"https:\/\/www.hs.fi\/haku\/?query=Riikka%20Luukkonen\" rel=\"nofollow noopener\" target=\"_blank\">Riikka Luukkonen<\/a> kertoo, ett\u00e4 h\u00e4n asioi Hakunilan ostarilla s\u00e4\u00e4nn\u00f6llisesti. H\u00e4n muutti l\u00e4hes viereen eli It\u00e4-Hakkilaan Helsingin Lauttasaaresta kaksi vuotta sitten, kun isompi asunto tuli tarpeelliseksi perheelle.<\/p>\n<p class=\"article-body mb-nof-24 px-nof-16\">\u201dEn ole ikin\u00e4 kokenut mink\u00e4\u00e4nlaista turvattomuutta alueella. Ulkoilemme paljon ja tykk\u00e4\u00e4mme asua mets\u00e4n l\u00e4hell\u00e4. Vantaalla parasta on luonto\u201d, Luukkonen sanoo.<\/p>\n<p class=\"article-body mb-nof-24 px-nof-16\">\u201dEnemm\u00e4n Helsingiss\u00e4 mielest\u00e4ni on turvattomuutta kuin t\u00e4\u00e4ll\u00e4.\u201d<\/p>\n<p class=\"article-body mb-nof-24 px-nof-16\">H\u00e4vett\u00e4\u00e4k\u00f6 asua Vantaalla?<\/p>\n<p class=\"article-body mb-nof-24 px-nof-16\">\u201dEi yht\u00e4\u00e4n. Ennemmin olen ylpe\u00e4.\u201d<\/p>\n<p class=\"article-body mb-nof-24 px-nof-16\">Mit\u00e4 mielt\u00e4 Vilma Nissisen Mogadishu-vertauksesta?<\/p>\n<p class=\"article-body mb-nof-24 px-nof-16\">\u201dAika hurjalta kuulostaa. En tied\u00e4, mihin h\u00e4nen kokemuksensa perustuu. Mutta kaikilla on omat kokemuksensa tietysti.\u201d<\/p>\n<p><img decoding=\"async\" src=\"https:\/\/www.europesays.com\/fi\/wp-content\/uploads\/2026\/01\/1767402971_578_468.jpg\" alt=\"Riikka Luukkonen asioi Hakunilan ostarilla Joshua-pojan kanssa perjantaina.\" class=\"_Img_1rerz_1\" style=\"aspect-ratio:1.5\" loading=\"eager\"\/><\/p>\n<p class=\"article-picture-caption\">Riikka Luukkonen asioi Hakunilan ostarilla Joshua-pojan kanssa perjantaina. Kuva:\u00a0Outi Pyh\u00e4ranta \/ HS<\/p>\n<p class=\"article-body mb-nof-24 px-nof-16\"><a class=\"font-bold underline-offset-[0.12em] [text-decoration:var(--person-link-text-decoration)] ![text-decoration-color:var(--person-link-text-decoration-color)]\" href=\"https:\/\/www.hs.fi\/haku\/?query=Marko%20Ratinen\" rel=\"nofollow noopener\" target=\"_blank\">Marko Ratinen<\/a> muutti Hakunilaan vuonna 1972 ja asui alueella yli 50 vuotta, kunnes muutti pois hiljattain.<\/p>\n<p class=\"article-body mb-nof-24 px-nof-16\">\u201dMuutimme muutama vuosi sitten uuteen taloon, johon iski rottaongelma, koska naapuritaloistakin alettiin tuomaan roskiksia meid\u00e4n yhti\u00f6n puolelle. Ei riitt\u00e4nyt, vaikka tyhjennettiin kahdesti viikossa. Kaikenlaista kannettiin pihalle juoksumatoista ja pesukoneista l\u00e4htien.\u201d<\/p>\n<p class=\"article-body mb-nof-24 px-nof-16\">\u201dMuutimme Klaukkalaan, mutta emme olisi l\u00e4hteneet ilman taloyhti\u00f6n j\u00e4teongelmaa. Miehen\u00e4 en ole ikin\u00e4 kokenut turvattomuutta t\u00e4\u00e4ll\u00e4. Ehdimme asua tosi monessa asunnossa Hakunilassa.\u201d<\/p>\n<p class=\"article-body mb-nof-24 px-nof-16\">Ratinen luki sunnuntaina mediasta, mit\u00e4 hiiht\u00e4j\u00e4 oli lausunut Vantaasta.<\/p>\n<blockquote class=\"p-[var(--citation-padding)] m-[var(--citation-margin)] border-y-[length:var(--citation-border-width)] border-y-[color:var(--citation-border-color)]\">\n<p>\u201dIkin\u00e4 ei ollut mit\u00e4\u00e4n ongelmia, ja hyvin ovat p\u00e4rj\u00e4nneet el\u00e4m\u00e4ss\u00e4 sen j\u00e4lkeenkin. Itse olen akateemisesti koulutettu enk\u00e4 n\u00e4e mitenk\u00e4\u00e4n noloksi asua Vantaalla.\u201d<\/p>\n<\/blockquote>\n<p class=\"article-body mb-nof-24 px-nof-16\">Ymm\u00e4rr\u00e4tk\u00f6 Nissisen vertauksen pitk\u00e4n linjan hakunilalaisena?<\/p>\n<p class=\"article-body mb-nof-24 px-nof-16\">\u201dNo, kyll\u00e4 h\u00e4n mielest\u00e4ni v\u00e4h\u00e4n tottakin puhuu siin\u00e4. Tied\u00e4n esimerkiksi, ett\u00e4 meid\u00e4n uuden talon rapussa kantasuomalaiset olivat todella isossa v\u00e4hemmist\u00f6ss\u00e4, samoin kaverini lapsen koululuokalla kaikki muut olivat vieraskielisi\u00e4. Ei ole pelk\u00e4st\u00e4\u00e4n positiivisia ajatuksia suuntauksesta.\u201d<\/p>\n<p><img decoding=\"async\" src=\"https:\/\/www.europesays.com\/fi\/wp-content\/uploads\/2026\/01\/1767402971_988_468.jpg\" alt=\"Marko Ratiselle Hakunila on tuttu paikka yli 50 vuoden ajalta.\" class=\"_Img_1rerz_1\" style=\"aspect-ratio:1.5\" loading=\"eager\"\/><\/p>\n<p class=\"article-picture-caption\">Marko Ratiselle Hakunila on tuttu paikka yli 50 vuoden ajalta. Kuva:\u00a0Outi Pyh\u00e4ranta \/ HS<\/p>\n<p class=\"article-body mb-nof-24 px-nof-16\"><a class=\"font-bold underline-offset-[0.12em] [text-decoration:var(--person-link-text-decoration)] ![text-decoration-color:var(--person-link-text-decoration-color)]\" href=\"https:\/\/www.hs.fi\/haku\/?query=Arja%20Varis\" rel=\"nofollow noopener\" target=\"_blank\">Arja Varis<\/a> asioi Hakunilan ostarilla Vaaralasta, miss\u00e4 on asunut vuodesta 1982.<\/p>\n<p class=\"article-body mb-nof-24 px-nof-16\">\u201dT\u00e4m\u00e4kin ostoskeskus on muuttunut vuosikymmenten mittaan. Nyky\u00e4\u00e4n t\u00e4m\u00e4 on melko rauhallinen, mutta on ollut aikoja, jolloin t\u00e4\u00e4ll\u00e4 n\u00e4kyi enemm\u00e4n p\u00e4ihteidenk\u00e4ytt\u00e4ji\u00e4 ja v\u00e4h\u00e4n levotonta nuorisoa.\u201d<\/p>\n<p class=\"article-body mb-nof-24 px-nof-16\">\u201dIhan kaikessa rauhassa voi tulla kauppaan t\u00e4nne. Ja Vaarala on mahtava paikka asua.\u201d<\/p>\n<p class=\"article-body mb-nof-24 px-nof-16\">Nissisen lausunnoista Varis sanoo, ett\u00e4 yleist\u00e4minen on v\u00e4\u00e4rin.<\/p>\n<p class=\"article-body mb-nof-24 px-nof-16\">\u201dVantaa on niin valtavan suuri alue, ett\u00e4 \u00e4lytt\u00f6m\u00e4n vaikea sanoa sen olevan sit\u00e4 tai t\u00e4t\u00e4. Asuinalueita on erilaisia ja erityyppisi\u00e4. Varmaankin t\u00e4\u00e4ll\u00e4 It\u00e4-Vantaalla ongelmat kohdistuvat tietyille alueille. Esimerkiksi L\u00e4nsim\u00e4ki ja Hakunila ovat v\u00e4h\u00e4n levottomampia paikkoja, mutta silti hyvi\u00e4 paikkoja asua.\u201d<\/p>\n<p class=\"article-body mb-nof-24 px-nof-16\">\u201dVantaalla on my\u00f6s aivan mahtavia liikuntapaikkoja ja urheilualueita. Ja puistoja k\u00e4velyteineen. Itse olen koiraharrastaja, ja siihen t\u00e4\u00e4ll\u00e4 on loistavat puitteet tuossa ihan l\u00e4hell\u00e4 Ojangossa.\u201d<\/p>\n<p class=\"article-body mb-nof-24 px-nof-16\">Varis kertoo, ett\u00e4 h\u00e4nen lapsensa k\u00e4viv\u00e4t koulut l\u00e4hikulmilla aikoinaan.<\/p>\n<p class=\"article-body mb-nof-24 px-nof-16\">\u201dIkin\u00e4 ei ollut mit\u00e4\u00e4n ongelmia, ja hyvin ovat p\u00e4rj\u00e4nneet el\u00e4m\u00e4ss\u00e4 sen j\u00e4lkeenkin. Itse olen akateemisesti koulutettu enk\u00e4 n\u00e4e mitenk\u00e4\u00e4n noloksi asua Vantaalla.\u201d<\/p>\n<p><img decoding=\"async\" src=\"https:\/\/www.europesays.com\/fi\/wp-content\/uploads\/2026\/01\/1767402971_675_468.jpg\" alt=\"Arja Varis k\u00e4y s\u00e4\u00e4nn\u00f6llisesti ruokakaupassa Hakunilan ostarilla.\" class=\"_Img_1rerz_1\" style=\"aspect-ratio:1.5\" loading=\"eager\"\/><\/p>\n<p class=\"article-picture-caption\">Arja Varis k\u00e4y s\u00e4\u00e4nn\u00f6llisesti ruokakaupassa Hakunilan ostarilla. Kuva:\u00a0Outi Pyh\u00e4ranta \/ HS<\/p>\n<p class=\"article-body mb-nof-24 px-nof-16\"><a class=\"font-bold underline-offset-[0.12em] [text-decoration:var(--person-link-text-decoration)] ![text-decoration-color:var(--person-link-text-decoration-color)]\" href=\"https:\/\/www.hs.fi\/haku\/?query=Henna%20Busk\" rel=\"nofollow noopener\" target=\"_blank\">Henna Busk<\/a> asuu l\u00e4heisell\u00e4 It\u00e4-Hakkilan alueella. H\u00e4n asioi Hakunilan ostarilla perheenj\u00e4senten ja yst\u00e4v\u00e4ns\u00e4 kanssa.<\/p>\n<p class=\"article-body mb-nof-24 px-nof-16\">Busk muutti It\u00e4-Hakkilaan kymmenen vuotta sitten.<\/p>\n<p class=\"article-body mb-nof-24 px-nof-16\">\u201dIhan turvallista t\u00e4\u00e4ll\u00e4 on mielest\u00e4ni. En ole kokenut oloa turvattomaksi, joten en ole ihan samaa mielt\u00e4 kuin edell\u00e4 mainittu hiiht\u00e4j\u00e4, mutta riippuu tietysti alueestakin hyvin paljon. Ehk\u00e4 Sotungin puolella meno on v\u00e4h\u00e4n villimp\u00e4\u00e4. Koko Vantaata ei voi luokitella mihink\u00e4\u00e4n kategoriaan.\u201d<\/p>\n<p class=\"article-body mb-nof-24 px-nof-16\">\u201dIt\u00e4-Hakkilan alueella on tosi rauhallista, semmoista yhteist\u00f6llist\u00e4 jopa. Ilmapiiri on hyv\u00e4. Voin suositella t\u00e4t\u00e4 asuinpaikkana.\u201d<\/p>\n<p class=\"article-body mb-nof-24 px-nof-16\">Vilma Nissinen pyysi perjantaina anteeksi lausuntoaan.<\/p>\n<p class=\"article-body mb-nof-24 px-nof-16\">\u201dHeti kilpailun j\u00e4lkeen antamani kommentti oli sopimaton ja asiaton. Pyyd\u00e4n sit\u00e4 vilpitt\u00f6m\u00e4sti anteeksi\u201d, Nissinen totesi Hiihtoliiton tiedotteessa.<\/p>\n<p><img decoding=\"async\" src=\"https:\/\/www.europesays.com\/fi\/wp-content\/uploads\/2026\/01\/1767402971_497_468.jpg\" alt=\"Henna Busk ei ole kokenut oloaan turvattomaksi Vantaalla.\" class=\"_Img_1rerz_1\" style=\"aspect-ratio:1.5\" loading=\"eager\"\/><\/p>\n<p class=\"article-picture-caption\">Henna Busk ei ole kokenut oloaan turvattomaksi Vantaalla. Kuva:\u00a0Outi Pyh\u00e4ranta \/ HS<\/p>\n","protected":false},"excerpt":{"rendered":"Vantaa|Hiiht\u00e4j\u00e4 Vilma Nissinen vertasi Hakunilaa Somalian p\u00e4\u00e4kaupunkiin. Kysyimme Hakunilan ostarilla asioineilta, mit\u00e4 mielt\u00e4 he olivat Nissisen kommenteista. 2.1.&hellip;\n","protected":false},"author":2,"featured_media":132022,"comment_status":"","ping_status":"","sticky":false,"template":"","format":"standard","meta":{"footnotes":""},"categories":[5],"tags":[22,23,26,27,33,31,30,17,46,24,25,28,29,15,18,21,32,19,20,16],"class_list":{"0":"post-132021","1":"post","2":"type-post","3":"status-publish","4":"format-standard","5":"has-post-thumbnail","7":"category-otsikot","8":"tag-breaking-news","9":"tag-breakingnews","10":"tag-featured-news","11":"tag-featurednews","12":"tag-fi","13":"tag-finland","14":"tag-finnish","15":"tag-headlines","16":"tag-helsingin-sanomat","17":"tag-latest-news","18":"tag-latestnews","19":"tag-main-news","20":"tag-mainnews","21":"tag-news","22":"tag-otsikot","23":"tag-paauutiset","24":"tag-suomi","25":"tag-top-stories","26":"tag-topstories","27":"tag-uutiset"},"share_on_mastodon":{"url":"https:\/\/pubeurope.com\/@fi\/115828528501458382","error":""},"_links":{"self":[{"href":"https:\/\/www.europesays.com\/fi\/wp-json\/wp\/v2\/posts\/132021","targetHints":{"allow":["GET"]}}],"collection":[{"href":"https:\/\/www.europesays.com\/fi\/wp-json\/wp\/v2\/posts"}],"about":[{"href":"https:\/\/www.europesays.com\/fi\/wp-json\/wp\/v2\/types\/post"}],"author":[{"embeddable":true,"href":"https:\/\/www.europesays.com\/fi\/wp-json\/wp\/v2\/users\/2"}],"replies":[{"embeddable":true,"href":"https:\/\/www.europesays.com\/fi\/wp-json\/wp\/v2\/comments?post=132021"}],"version-history":[{"count":0,"href":"https:\/\/www.europesays.com\/fi\/wp-json\/wp\/v2\/posts\/132021\/revisions"}],"wp:featuredmedia":[{"embeddable":true,"href":"https:\/\/www.europesays.com\/fi\/wp-json\/wp\/v2\/media\/132022"}],"wp:attachment":[{"href":"https:\/\/www.europesays.com\/fi\/wp-json\/wp\/v2\/media?parent=132021"}],"wp:term":[{"taxonomy":"category","embeddable":true,"href":"https:\/\/www.europesays.com\/fi\/wp-json\/wp\/v2\/categories?post=132021"},{"taxonomy":"post_tag","embeddable":true,"href":"https:\/\/www.europesays.com\/fi\/wp-json\/wp\/v2\/tags?post=132021"}],"curies":[{"name":"wp","href":"https:\/\/api.w.org\/{rel}","templated":true}]}}