{"id":132023,"date":"2026-01-03T01:20:08","date_gmt":"2026-01-03T01:20:08","guid":{"rendered":"https:\/\/www.europesays.com\/fi\/132023\/"},"modified":"2026-01-03T01:20:08","modified_gmt":"2026-01-03T01:20:08","slug":"taivaalta-voi-illalla-hyvalla-onnella-bongailla-tahdenlentoja-uutisia-lyhyesti","status":"publish","type":"post","link":"https:\/\/www.europesays.com\/fi\/132023\/","title":{"rendered":"Taivaalta voi illalla hyv\u00e4ll\u00e4 onnella bongailla t\u00e4hdenlentoja | Uutisia lyhyesti"},"content":{"rendered":"<p class=\"aw-1gybjub aw-5vja16 kEtdKx kmuxyA yle__article__paragraph\">Paras aika t\u00e4hdenlentojen bongaukseen on illalla noin yhdentoista aikaan.<\/p>\n<p><img decoding=\"async\" alt=\"T\u00e4hdenlento y\u00f6taivaalla.\" src=\"https:\/\/www.europesays.com\/fi\/wp-content\/uploads\/2026\/01\/39-15038596894319e8fdca.jpeg\" class=\"aw-1l9m598 hKVVvP\"\/><\/p>\n<p>Avaa kuvien katselu<\/p>\n<p>T\u00e4hdenlentoparvi Sveitsin Allamanin taivaan yll\u00e4 13. elokuuta, 2024. Kuva: Valentin Flauraud \/ AOP<\/p>\n<p class=\"aw-1gybjub aw-1p7kakr kEtdKx cEmitX yle__article__paragraph\">My\u00f6h\u00e4\u00e4n t\u00e4n\u00e4 iltana kannattaa t\u00e4hyill\u00e4 taivaalle t\u00e4hdenlentojen n\u00e4kemisen toivossa. Hyv\u00e4ll\u00e4 onnella voi n\u00e4hd\u00e4 meteoreja kvadrantidien t\u00e4hdenlentoparvesta.<\/p>\n<p class=\"aw-1gybjub aw-1p7kakr kEtdKx cEmitX yle__article__paragraph\">Paras aika t\u00e4hdenlentojen bongaukseen on illalla noin yhdentoista aikaan, kertoo T\u00e4htitieteellinen yhdistys Ursa. Y\u00f6lle osuva t\u00e4ysikuu ja sen kirkkaus voi Ursan mukaan kuitenkin heikent\u00e4\u00e4 t\u00e4hdenlentojen n\u00e4kymist\u00e4 merkitt\u00e4v\u00e4sti.<\/p>\n<p class=\"aw-1gybjub aw-1p7kakr kEtdKx cEmitX yle__article__paragraph\">Kvadrantidien t\u00e4hdenlentoparvi on Ursan mukaan parhaimmillaan yksi vuoden n\u00e4ytt\u00e4vimmist\u00e4 meteoriparvista.<\/p>\n","protected":false},"excerpt":{"rendered":"Paras aika t\u00e4hdenlentojen bongaukseen on illalla noin yhdentoista aikaan. Avaa kuvien katselu T\u00e4hdenlentoparvi Sveitsin Allamanin taivaan yll\u00e4 13.&hellip;\n","protected":false},"author":2,"featured_media":305,"comment_status":"","ping_status":"","sticky":false,"template":"","format":"standard","meta":{"footnotes":""},"categories":[114],"tags":[453,33,31,30,118,452,32,119],"class_list":{"0":"post-132023","1":"post","2":"type-post","3":"status-publish","4":"format-standard","5":"has-post-thumbnail","7":"category-avaruus","8":"tag-avaruus","9":"tag-fi","10":"tag-finland","11":"tag-finnish","12":"tag-science","13":"tag-space","14":"tag-suomi","15":"tag-tiede"},"share_on_mastodon":{"url":"https:\/\/pubeurope.com\/@fi\/115828544142727642","error":""},"_links":{"self":[{"href":"https:\/\/www.europesays.com\/fi\/wp-json\/wp\/v2\/posts\/132023","targetHints":{"allow":["GET"]}}],"collection":[{"href":"https:\/\/www.europesays.com\/fi\/wp-json\/wp\/v2\/posts"}],"about":[{"href":"https:\/\/www.europesays.com\/fi\/wp-json\/wp\/v2\/types\/post"}],"author":[{"embeddable":true,"href":"https:\/\/www.europesays.com\/fi\/wp-json\/wp\/v2\/users\/2"}],"replies":[{"embeddable":true,"href":"https:\/\/www.europesays.com\/fi\/wp-json\/wp\/v2\/comments?post=132023"}],"version-history":[{"count":0,"href":"https:\/\/www.europesays.com\/fi\/wp-json\/wp\/v2\/posts\/132023\/revisions"}],"wp:featuredmedia":[{"embeddable":true,"href":"https:\/\/www.europesays.com\/fi\/wp-json\/wp\/v2\/media\/305"}],"wp:attachment":[{"href":"https:\/\/www.europesays.com\/fi\/wp-json\/wp\/v2\/media?parent=132023"}],"wp:term":[{"taxonomy":"category","embeddable":true,"href":"https:\/\/www.europesays.com\/fi\/wp-json\/wp\/v2\/categories?post=132023"},{"taxonomy":"post_tag","embeddable":true,"href":"https:\/\/www.europesays.com\/fi\/wp-json\/wp\/v2\/tags?post=132023"}],"curies":[{"name":"wp","href":"https:\/\/api.w.org\/{rel}","templated":true}]}}