{"id":132024,"date":"2026-01-03T01:28:10","date_gmt":"2026-01-03T01:28:10","guid":{"rendered":"https:\/\/www.europesays.com\/fi\/132024\/"},"modified":"2026-01-03T01:28:10","modified_gmt":"2026-01-03T01:28:10","slug":"tata-saatanan-paskaa-sitten-taas-riikka-purra-ei-kirosanoja-saastellyt-purkaessaan-mennytta-vuottaan","status":"publish","type":"post","link":"https:\/\/www.europesays.com\/fi\/132024\/","title":{"rendered":"&#8221;T\u00e4t\u00e4 saatanan paskaa sitten taas&#8221; \u2013 Riikka Purra ei kirosanoja s\u00e4\u00e4stellyt purkaessaan mennytt\u00e4 vuottaan"},"content":{"rendered":"<p>Perussuomalaisten puheenjohtaja, valtiovarainministeri <strong>Riikka Purra<\/strong> laittoi kuluneen vuoden pakettiin sanan s\u00e4il\u00e4\u00e4 pihtailematta.<\/p>\n<p>H\u00e4n tuuletteli tuntojaan jokaisen kuukauden osalta, eik\u00e4 summauksesta v\u00e4rikk\u00e4it\u00e4 ilmauksia puuttunut.<\/p>\n<p>Lue my\u00f6s: <a href=\"https:\/\/www.voice.fi\/ilmiot\/is-riikka-purra-jyrahtaa-rasismikohusta-typeraa-ja-lapsellista\" title=\"IS: Riikka Purra jyr\u00e4ht\u00e4\u00e4 rasismikohusta \u2013 \u201dtyper\u00e4\u00e4 ja lapsellista\u201d\" class=\"underline-custom !font-montserrat !font-bold !underline-offset-4 !decoration-4 !decoration-tilt-light !text-md\" rel=\"nofollow noopener\" target=\"_blank\">IS: Riikka Purra jyr\u00e4ht\u00e4\u00e4 rasismikohusta \u2013 \u201dtyper\u00e4\u00e4 ja lapsellista\u201d<\/a><\/p>\n<p>Lue my\u00f6s: <a href=\"https:\/\/www.voice.fi\/ilmiot\/pienituloisille-pahaa-joulua-riikka-purran-mukaan-toimeentulotuki-on-karannut-kasista\" title=\"\u201dPienituloisille pahaa joulua\u201d \u2013 Riikka Purran mukaan toimeentulotuki on karannut k\u00e4sist\u00e4\" class=\"underline-custom !font-montserrat !font-bold !underline-offset-4 !decoration-4 !decoration-tilt-light !text-md\" rel=\"nofollow noopener\" target=\"_blank\">\u201dPienituloisille pahaa joulua\u201d \u2013 Riikka Purran mukaan toimeentulotuki on karannut k\u00e4sist\u00e4<\/a><\/p>\n<p>Alkuvuoden osalta kertomukset olivat melko tavanomaisia ja liittyiv\u00e4t suurelta osin ty\u00f6skentelyyn, matkoihin ja el\u00e4m\u00e4ntapoihin.<\/p>\n<p>Kes\u00e4ll\u00e4 alkoi tapahtua: ministeri Purra kertoi jatkaneensa terveellist\u00e4 el\u00e4m\u00e4\u00e4 siihen saakka, ett\u00e4 suurimmat ty\u00f6urakat saatiin pakettiin. N\u00e4iden p\u00e4\u00e4tteeksi h\u00e4n kertoi juoneensa suunnitellun, \u201crapsakan\u201d k\u00e4nnin, jonka h\u00e4n kertoikin olleen toimivaa l\u00e4\u00e4kett\u00e4 silloiseen el\u00e4m\u00e4ntilanteeseen.<\/p>\n<p>Syksyll\u00e4 kes\u00e4n l\u00e4mm\u00f6n iloiseksi voitelema mieliala l\u00e4ss\u00e4hti. Purra kertoi syyskuun startanneen \u201cOuran stressitasoja huudattamalla\u201d.<\/p>\n<p>\u2013 Budjettiriihen j\u00e4lkeen tuntui, ett\u00e4 jaahas, t\u00e4t\u00e4 saatanan paskaa sitten taas.\u00a0<\/p>\n<p>Lue my\u00f6s: <a href=\"https:\/\/www.voice.fi\/ilmiot\/il-teemu-keskisarja-paasteli-tayslaidallisen-kylla-me-persut-suvaitsemme-kaukoitalaisia-vinosilmia\" title=\"IL: Teemu Keskisarja p\u00e4\u00e4steli t\u00e4yslaidallisen: \u201dkyll\u00e4 me persut suvaitsemme kaukoit\u00e4l\u00e4isi\u00e4 vinosilmi\u00e4\u201d\" class=\"underline-custom !font-montserrat !font-bold !underline-offset-4 !decoration-4 !decoration-tilt-light !text-md\" rel=\"nofollow noopener\" target=\"_blank\">IL: Teemu Keskisarja p\u00e4\u00e4steli t\u00e4yslaidallisen: \u201dkyll\u00e4 me persut suvaitsemme kaukoit\u00e4l\u00e4isi\u00e4 vinosilmi\u00e4\u201d<\/a><\/p>\n<p>Lue my\u00f6s: <a href=\"https:\/\/www.voice.fi\/ilmiot\/vihreiden-vaihtoehdossa-poltellaan-pilvea-ja-haaveillaan-paremmasta-maailmasta-riikka-purra-tykitteli-kaikilla-piipuilla-eduskunnassa\" title=\"\u201dVihreiden vaihtoehdossa poltellaan pilve\u00e4 ja haaveillaan paremmasta maailmasta\u201d \u2013 Riikka Purra tykitteli kaikilla piipuilla eduskunnassa\" class=\"underline-custom !font-montserrat !font-bold !underline-offset-4 !decoration-4 !decoration-tilt-light !text-md\" rel=\"nofollow noopener\" target=\"_blank\">\u201dVihreiden vaihtoehdossa poltellaan pilve\u00e4 ja haaveillaan paremmasta maailmasta\u201d \u2013 Riikka Purra tykitteli kaikilla piipuilla eduskunnassa<\/a><\/p>\n<p>H\u00e4n kertoo pohtineensa, eik\u00f6 tosiaan keksisi el\u00e4m\u00e4lleen muuta tarkoitusta kuin seist\u00e4 lapioimassa kakkaemojeita vuorokauden ymp\u00e4ri, viikosta toiseen.<\/p>\n<p>Marraskuussa mieli myrtyi entisest\u00e4\u00e4n:<\/p>\n<p>\u2013 Voi prkleen kaamos. V\u00e4sytti aamuin ja illoin vaan ei oikein \u00f6isin.<\/p>\n<p>Joulukuussa pohja alkoi paistaa toden teolla:<\/p>\n<p>\u2013 Paskan vastaanottamisen ja tyhmien\/vittumaisten ihmisten sietokykyni alkaa l\u00e4hesty\u00e4 pohjalukemiaan. Mutta viel\u00e4 on vuotta j\u00e4ljell\u00e4!<\/p>\n<p>\u2013 En muutenkaan juuri jaksa teeskennell\u00e4, mutta mit\u00e4 pidemm\u00e4lle kuukausi menee, sit\u00e4 v\u00e4hemm\u00e4n. Paljon juhlia, mutta ei ehk\u00e4 juhlatunnelmaa. Y\u00f6unet kuralla, ja valvon l\u00e4hes joka y\u00f6.<\/p>\n<p>\u2013 Viimeisell\u00e4 kokonaisella ty\u00f6viikolla shitty shit, mutta vastapainoksi my\u00f6s monia ihania debriefing-hetki\u00e4 politiikkayst\u00e4vien kanssa.<\/p>\n","protected":false},"excerpt":{"rendered":"Perussuomalaisten puheenjohtaja, valtiovarainministeri Riikka Purra laittoi kuluneen vuoden pakettiin sanan s\u00e4il\u00e4\u00e4 pihtailematta. H\u00e4n tuuletteli tuntojaan jokaisen kuukauden osalta,&hellip;\n","protected":false},"author":2,"featured_media":132025,"comment_status":"","ping_status":"","sticky":false,"template":"","format":"standard","meta":{"footnotes":""},"categories":[136],"tags":[407,137,33,31,30,408,23312,23313,3302,23314,32,109],"class_list":{"0":"post-132024","1":"post","2":"type-post","3":"status-publish","4":"format-standard","5":"has-post-thumbnail","7":"category-julkkikset","8":"tag-celebrities","9":"tag-entertainment","10":"tag-fi","11":"tag-finland","12":"tag-finnish","13":"tag-julkkikset","14":"tag-kirosanat","15":"tag-paskan-lapiointi","16":"tag-riikka-purra","17":"tag-summaus","18":"tag-suomi","19":"tag-viihde"},"share_on_mastodon":{"url":"https:\/\/pubeurope.com\/@fi\/115828575613644232","error":""},"_links":{"self":[{"href":"https:\/\/www.europesays.com\/fi\/wp-json\/wp\/v2\/posts\/132024","targetHints":{"allow":["GET"]}}],"collection":[{"href":"https:\/\/www.europesays.com\/fi\/wp-json\/wp\/v2\/posts"}],"about":[{"href":"https:\/\/www.europesays.com\/fi\/wp-json\/wp\/v2\/types\/post"}],"author":[{"embeddable":true,"href":"https:\/\/www.europesays.com\/fi\/wp-json\/wp\/v2\/users\/2"}],"replies":[{"embeddable":true,"href":"https:\/\/www.europesays.com\/fi\/wp-json\/wp\/v2\/comments?post=132024"}],"version-history":[{"count":0,"href":"https:\/\/www.europesays.com\/fi\/wp-json\/wp\/v2\/posts\/132024\/revisions"}],"wp:featuredmedia":[{"embeddable":true,"href":"https:\/\/www.europesays.com\/fi\/wp-json\/wp\/v2\/media\/132025"}],"wp:attachment":[{"href":"https:\/\/www.europesays.com\/fi\/wp-json\/wp\/v2\/media?parent=132024"}],"wp:term":[{"taxonomy":"category","embeddable":true,"href":"https:\/\/www.europesays.com\/fi\/wp-json\/wp\/v2\/categories?post=132024"},{"taxonomy":"post_tag","embeddable":true,"href":"https:\/\/www.europesays.com\/fi\/wp-json\/wp\/v2\/tags?post=132024"}],"curies":[{"name":"wp","href":"https:\/\/api.w.org\/{rel}","templated":true}]}}