{"id":132026,"date":"2026-01-03T01:35:07","date_gmt":"2026-01-03T01:35:07","guid":{"rendered":"https:\/\/www.europesays.com\/fi\/132026\/"},"modified":"2026-01-03T01:35:07","modified_gmt":"2026-01-03T01:35:07","slug":"il-seuraa-nuoret-leijonat-taistelee-usata-vastaan-mm-trillerissa-iltalehti","status":"publish","type":"post","link":"https:\/\/www.europesays.com\/fi\/132026\/","title":{"rendered":"IL seuraa: Nuoret Leijonat taistelee USA:ta vastaan MM-trilleriss\u00e4 &#8211; Iltalehti"},"content":{"rendered":"<ol>\n<li><a href=\"https:\/\/news.google.com\/rss\/articles\/CBMifkFVX3lxTE05LXQ2a2NYNk9UcG4yWmludmJpTTlyNVdFamk1YzNaZU1ybWJGMGpXY0JNWndRU0ZQMTJDYXZIQ1pPNlBqTVVmMzJxMEg1b05oZjhTZDZ0bWwwSHNCWFJVNnphUXZWQkNWTWF4LW01UTVCcnBxOVNjcFUzMTNRQQ?oc=5\" target=\"_blank\" rel=\"nofollow noopener\">IL seuraa: Nuoret Leijonat taistelee USA:ta vastaan MM-trilleriss\u00e4<\/a>&nbsp;&nbsp;Iltalehti<\/li>\n<li><a href=\"https:\/\/news.google.com\/rss\/articles\/CBMiX0FVX3lxTE5IWGZMU3B5MVNOQnh6c2Q0Z0ZKNmxPMzBsUC0zLWZ3U1k4NWxpQlFfNFJNbWc3OERLV0EwemtPc2pOOG1EZjlfOGhhQW14QmhXbTNkZ2pvQ1gzd0RneGZF?oc=5\" target=\"_blank\" rel=\"nofollow noopener\">Nuoret Leijonat kohtalonpeliss\u00e4, Aatos Koivu ulkona \u2013 USA:n leirist\u00e4 hurja uutinen<\/a>&nbsp;&nbsp;Ilta-Sanomat<\/li>\n<li><a href=\"https:\/\/news.google.com\/rss\/articles\/CBMifkFVX3lxTE5JUFFWTzJNaGx0dW1fa1lETXBQWFh5bUFaR1pMd0NzOXJ5Nk9leGcxTWhseXFIX3VZWmNsWmo3cXFURzNNM3l1MlZXSkozQ0xsLTRfeUVhZmR3TW1ERHVxaHJpSU9vZDhWVGg2NFlzd1lUWVd0SThCUWlBcHlQQQ?oc=5\" target=\"_blank\" rel=\"nofollow noopener\">Asiantuntijalta selke\u00e4 ohje Nuorille Leijonille: \u201dSiin\u00e4 on se iso mahdollisuus USA-otteluun\u201d<\/a>&nbsp;&nbsp;Iltalehti<\/li>\n<li><a href=\"https:\/\/news.google.com\/rss\/articles\/CBMilAJBVV95cUxOdVFPdVBJZHJocTAwSlQ5N1VkT2ZPM1FUWFV5RUR6ckpvM1BGc2lic3EzTHNXZ2RHdUpXM05mc2VrbUFaYkNZR3hnbmJkXzI0VDZvWUloZ2sxMzJkOURVaElHenUxUzNmTURSZ0RwTmVvNjVXR0ZNMmNKb1g3VnlBSmwwNVI3R0V3ZE9hUWMxT29jdkxkRjNad3ZpUnJwQlB3MGd2SEZLYzB4MVNLRzdfWmRsYm9ldnFtczFKUWtRQnhJdzVLOE5TZEpIV25nd1BPQnpySzcyYUc5STJpcXpNSG1GMXhJMndBVzB6QnJ5M3lONmd1alJ3ZWRJVjNnSUw0c1pOMldoaFpDbE5zWjhJclFmS0k?oc=5\" target=\"_blank\" rel=\"nofollow noopener\">Suomi\u2013USA! Nuoret Leijonat n\u00e4ill\u00e4 kent\u00e4llisill\u00e4 MM-kisojen puoliv\u00e4lier\u00e4otteluun \u2013 L\u00e4hetys TV5 ja HBO Max lauantaina kello 1.00<\/a>&nbsp;&nbsp;Leijonat<\/li>\n<li><a href=\"https:\/\/news.google.com\/rss\/articles\/CBMiQkFVX3lxTE1ya2piQ19yaDZrWFRndDdxMnBuTDZWTUhNTVFac3AwcG1xaTBjVHljU0txSTg3NHZFM0IwallsVHAwQQ?oc=5\" target=\"_blank\" rel=\"nofollow noopener\">Nuoret Leijonat hakee v\u00e4lier\u00e4paikkaa \u2013 Yle seuraa j\u00e4\u00e4kiekon nuorten MM-kisoja<\/a>&nbsp;&nbsp;Yle<\/li>\n<\/ol>\n","protected":false},"excerpt":{"rendered":"IL seuraa: Nuoret Leijonat taistelee USA:ta vastaan MM-trilleriss\u00e4&nbsp;&nbsp;Iltalehti Nuoret Leijonat kohtalonpeliss\u00e4, Aatos Koivu ulkona \u2013 USA:n leirist\u00e4 hurja&hellip;\n","protected":false},"author":2,"featured_media":132027,"comment_status":"","ping_status":"","sticky":false,"template":"","format":"standard","meta":{"footnotes":""},"categories":[158],"tags":[35,1144,33,31,30,1143,41,159,32,1145,160,161],"class_list":{"0":"post-132026","1":"post","2":"type-post","3":"status-publish","4":"format-standard","5":"has-post-thumbnail","7":"category-urheilu","8":"tag-24h","9":"tag-ammattilaisjaakiekko","10":"tag-fi","11":"tag-finland","12":"tag-finnish","13":"tag-jaakiekko","14":"tag-liikunta-ja-urheilu","15":"tag-sports","16":"tag-suomi","17":"tag-talviurheilu","18":"tag-urheilu","19":"tag-urheilutapahtumat"},"share_on_mastodon":{"url":"https:\/\/pubeurope.com\/@fi\/115828603191164337","error":""},"_links":{"self":[{"href":"https:\/\/www.europesays.com\/fi\/wp-json\/wp\/v2\/posts\/132026","targetHints":{"allow":["GET"]}}],"collection":[{"href":"https:\/\/www.europesays.com\/fi\/wp-json\/wp\/v2\/posts"}],"about":[{"href":"https:\/\/www.europesays.com\/fi\/wp-json\/wp\/v2\/types\/post"}],"author":[{"embeddable":true,"href":"https:\/\/www.europesays.com\/fi\/wp-json\/wp\/v2\/users\/2"}],"replies":[{"embeddable":true,"href":"https:\/\/www.europesays.com\/fi\/wp-json\/wp\/v2\/comments?post=132026"}],"version-history":[{"count":0,"href":"https:\/\/www.europesays.com\/fi\/wp-json\/wp\/v2\/posts\/132026\/revisions"}],"wp:featuredmedia":[{"embeddable":true,"href":"https:\/\/www.europesays.com\/fi\/wp-json\/wp\/v2\/media\/132027"}],"wp:attachment":[{"href":"https:\/\/www.europesays.com\/fi\/wp-json\/wp\/v2\/media?parent=132026"}],"wp:term":[{"taxonomy":"category","embeddable":true,"href":"https:\/\/www.europesays.com\/fi\/wp-json\/wp\/v2\/categories?post=132026"},{"taxonomy":"post_tag","embeddable":true,"href":"https:\/\/www.europesays.com\/fi\/wp-json\/wp\/v2\/tags?post=132026"}],"curies":[{"name":"wp","href":"https:\/\/api.w.org\/{rel}","templated":true}]}}