{"id":132037,"date":"2026-01-03T01:46:08","date_gmt":"2026-01-03T01:46:08","guid":{"rendered":"https:\/\/www.europesays.com\/fi\/132037\/"},"modified":"2026-01-03T01:46:08","modified_gmt":"2026-01-03T01:46:08","slug":"taman-tiedamme-nyt-sveitsin-tuhoisasta-tulipalosta-yle","status":"publish","type":"post","link":"https:\/\/www.europesays.com\/fi\/132037\/","title":{"rendered":"T\u00e4m\u00e4n tied\u00e4mme nyt Sveitsin tuhoisasta tulipalosta &#8211; Yle"},"content":{"rendered":"<ol>\n<li><a href=\"https:\/\/news.google.com\/rss\/articles\/CBMiVkFVX3lxTE9MMllOWFdtZXJsMXY5ckU0T2QzeFVLaXVwbzVVeFhkQkVTNExaTFR0eXRfY3VOalIxZ1NHV0Fjd2FONnNKcXN6azJVVXFuM3M2dFRpS3ln?oc=5\" target=\"_blank\" rel=\"nofollow noopener\">T\u00e4m\u00e4n tied\u00e4mme nyt Sveitsin tuhoisasta tulipalosta<\/a>&nbsp;&nbsp;Yle<\/li>\n<li><a href=\"https:\/\/news.google.com\/rss\/articles\/CBMiQkFVX3lxTE10UlVtVXRRcWhZZDM1bmJHZ0JvUjI5VVl3UWNsUklSNWcxb3AzSWV0d01BRkJ5LVBpZnJWSTNIMjlIdw?oc=5\" target=\"_blank\" rel=\"nofollow noopener\">V\u00e4\u00e4r\u00e4\u00e4 dieseli\u00e4 tankissa \u2013 Lapin paukkupakkaset ovat hyydytt\u00e4neet yli 400 autoilijan matkanteon<\/a>&nbsp;&nbsp;Yle<\/li>\n<li><a href=\"https:\/\/news.google.com\/rss\/articles\/CBMiVkFVX3lxTE1CT1ZtMWkya1UtSlpWSUluTUdXbDJ1cGlZWWhuNlpGZk9CSzYwMnVMYlhFS1cxaFNvSi1mTnZRdUZ5SUYzNjZBSkxzT0dUUXEyVElqbk1n?oc=5\" target=\"_blank\" rel=\"nofollow noopener\">Kambodzha syytt\u00e4\u00e4 Thaimaata rajakyl\u00e4n liitt\u00e4misest\u00e4<\/a>&nbsp;&nbsp;Etel\u00e4-Suomen Sanomat<\/li>\n<li><a href=\"https:\/\/news.google.com\/rss\/articles\/CBMiV0FVX3lxTE1pakgtX3RMZkdvOFZIT1ltTkFuQXJSZkg4X0Nfdm9TZ25ScVFiU19iNnV0a3hrd0JhRGJEZE9RZGhFM1ZscDlteUxod3JENEQ0Tk5pejRKYw?oc=5\" target=\"_blank\" rel=\"nofollow noopener\">Thaimaa teki &#8221;hyv\u00e4\u00e4 tahtoa osoittavan eleen&#8221; ja vapautti kambodzhalaissotilaita<\/a>&nbsp;&nbsp;Keskisuomalainen<\/li>\n<li><a href=\"https:\/\/news.google.com\/rss\/articles\/CBMifEFVX3lxTE92N0pzTTZGYnRSVW1uTmZHS1M4TFdtNlVhU2RRRmVySl83MjhDSGtMUG1nM3BkelJDS1ZFLUwzZUEzS2JJalNMMkpHYWZTNWRfWHNZcFplVlhEOGJwWC05WEprRm1IUGVxTXVCWWVEQWt0ODhuUnFVb2hVMFI?oc=5\" target=\"_blank\" rel=\"nofollow noopener\">Suomalaisten suosikkikohde p\u00e4\u00e4si sopimukseen ilman Trumpia<\/a>&nbsp;&nbsp;Iltalehti<\/li>\n<\/ol>\n","protected":false},"excerpt":{"rendered":"T\u00e4m\u00e4n tied\u00e4mme nyt Sveitsin tuhoisasta tulipalosta&nbsp;&nbsp;Yle V\u00e4\u00e4r\u00e4\u00e4 dieseli\u00e4 tankissa \u2013 Lapin paukkupakkaset ovat hyydytt\u00e4neet yli 400 autoilijan matkanteon&nbsp;&nbsp;Yle&hellip;\n","protected":false},"author":2,"featured_media":132038,"comment_status":"","ping_status":"","sticky":false,"template":"","format":"standard","meta":{"footnotes":""},"categories":[114],"tags":[453,33,31,30,837,118,452,32,7906,119,1265,56],"class_list":{"0":"post-132037","1":"post","2":"type-post","3":"status-publish","4":"format-standard","5":"has-post-thumbnail","7":"category-avaruus","8":"tag-avaruus","9":"tag-fi","10":"tag-finland","11":"tag-finnish","12":"tag-onnettomuudet","13":"tag-science","14":"tag-space","15":"tag-suomi","16":"tag-sveitsi","17":"tag-tiede","18":"tag-tulipalot","19":"tag-ulkomaat"},"share_on_mastodon":{"url":"https:\/\/pubeurope.com\/@fi\/115828646378844322","error":""},"_links":{"self":[{"href":"https:\/\/www.europesays.com\/fi\/wp-json\/wp\/v2\/posts\/132037","targetHints":{"allow":["GET"]}}],"collection":[{"href":"https:\/\/www.europesays.com\/fi\/wp-json\/wp\/v2\/posts"}],"about":[{"href":"https:\/\/www.europesays.com\/fi\/wp-json\/wp\/v2\/types\/post"}],"author":[{"embeddable":true,"href":"https:\/\/www.europesays.com\/fi\/wp-json\/wp\/v2\/users\/2"}],"replies":[{"embeddable":true,"href":"https:\/\/www.europesays.com\/fi\/wp-json\/wp\/v2\/comments?post=132037"}],"version-history":[{"count":0,"href":"https:\/\/www.europesays.com\/fi\/wp-json\/wp\/v2\/posts\/132037\/revisions"}],"wp:featuredmedia":[{"embeddable":true,"href":"https:\/\/www.europesays.com\/fi\/wp-json\/wp\/v2\/media\/132038"}],"wp:attachment":[{"href":"https:\/\/www.europesays.com\/fi\/wp-json\/wp\/v2\/media?parent=132037"}],"wp:term":[{"taxonomy":"category","embeddable":true,"href":"https:\/\/www.europesays.com\/fi\/wp-json\/wp\/v2\/categories?post=132037"},{"taxonomy":"post_tag","embeddable":true,"href":"https:\/\/www.europesays.com\/fi\/wp-json\/wp\/v2\/tags?post=132037"}],"curies":[{"name":"wp","href":"https:\/\/api.w.org\/{rel}","templated":true}]}}