{"id":132039,"date":"2026-01-03T01:54:08","date_gmt":"2026-01-03T01:54:08","guid":{"rendered":"https:\/\/www.europesays.com\/fi\/132039\/"},"modified":"2026-01-03T01:54:08","modified_gmt":"2026-01-03T01:54:08","slug":"taman-takia-laura-lahtinen-ja-ella-junnila-eivat-saaneet-apurahaa-yle","status":"publish","type":"post","link":"https:\/\/www.europesays.com\/fi\/132039\/","title":{"rendered":"T\u00e4m\u00e4n takia Laura Lahtinen ja Ella Junnila eiv\u00e4t saaneet apurahaa &#8211; Yle"},"content":{"rendered":"<ol>\n<li><a href=\"https:\/\/news.google.com\/rss\/articles\/CBMiVkFVX3lxTFBUb3lndzJSU0RoUzJRb01GSm83MGFhTkJGb1JCRWRVRWE5bnBzOXBJSFlhZHVVZWNReUlzRGpKQ3VmaEQ3TllFSG9jMEtXbGhZM202YVFB?oc=5\" target=\"_blank\" rel=\"nofollow noopener\">T\u00e4m\u00e4n takia Laura Lahtinen ja Ella Junnila eiv\u00e4t saaneet apurahaa<\/a>&nbsp;&nbsp;Yle<\/li>\n<li><a href=\"https:\/\/news.google.com\/rss\/articles\/CBMiX0FVX3lxTFBIU19jQ3BpbDl2eXhrYWNNQXZ3bzc5a2FvVkg2S24yX3BlTk40b25nMHdDQ1FrWUVGTFdZOGRrbGYyVGFyTEtzNkw2eTJWcUlzcF9yQ3p4b0JBaEw4dmpz?oc=5\" target=\"_blank\" rel=\"nofollow noopener\">T\u00e4ss\u00e4 ovat Suomen olympiajoukkueet \u2013 Laine ulos<\/a>&nbsp;&nbsp;Ilta-Sanomat<\/li>\n<li><a href=\"https:\/\/news.google.com\/rss\/articles\/CBMifkFVX3lxTE12MUhpaG1pRTRiczcyeWpyQTNhQVNxR01MVWhMVXZ5R1JDOTYxRVlKVjJWRUlNWjhKeDdraFIybDAzYXRFNGZXcjFUeG9hUTJnZUVrUmEtcDBjb0JVcEZXb1NoZmlYSDZuZW5GdjRDbzYzbTVhdUdnSUdiREFGdw?oc=5\" target=\"_blank\" rel=\"nofollow noopener\">Jesse Puljuj\u00e4rvi ulos Leijonista \u2013 Valmentajalta suora arvio<\/a>&nbsp;&nbsp;Iltalehti<\/li>\n<li><a href=\"https:\/\/news.google.com\/rss\/articles\/CBMijAJBVV95cUxNdDJMdzAwVXk1aUZjM2t3aHMwdV8wWWdZTkxIRExPd2ZtaHh6aHlneGNTXzFqNm1LZ2J1WkpZeFNwbFpyeUpJQTNxZ0R1VUtXa3BhSFVrakNJcm5qa09vbWVlTVcxXzR6VXM1RzQxT1k3djJRSFZ1MkNSTEZpWHpBX2JOV0w3OHlNZ0pYWFpYcEd0amZCVnpiRFVPYkNKclJKQjVKNEcwNnBLY0ZvajQ1TE9taWM2Z3JMY3NRWGdpd2dyOEZEaDkwYjAzaFdfMURMRWVlVWVVbEE5ZlFmd0pOekhWRHNoemhtM203YlZXRjA0a0VYWTZKMkJ6bDliY0tkZmdCM1k2RzFwcXlE?oc=5\" target=\"_blank\" rel=\"nofollow noopener\">Leijonien olympiajoukkue julki \u2013 Pennanen: &#8221;N\u00e4lk\u00e4inen joukkue, joka on valmis menestym\u00e4\u00e4n ja taistelemaan mitaleista&#8221;<\/a>&nbsp;&nbsp;Leijonat<\/li>\n<li><a href=\"https:\/\/news.google.com\/rss\/articles\/CBMiQkFVX3lxTE1QeVBXcGtSaXZfRHVJT21vdm9DR0I2bXZBaHlRVE5JME9aVWVsUW9kSmdWYmpLZ3Jqb1JfVDB0QTVoZw?oc=5\" target=\"_blank\" rel=\"nofollow noopener\">Jussi Jokiselta kova linjaus Leijonien olympiaryhm\u00e4st\u00e4 \u2013 t\u00e4m\u00e4n pelaajan pit\u00e4\u00e4 pelata Mikko Rantasen kanssa<\/a>&nbsp;&nbsp;Yle<\/li>\n<\/ol>\n","protected":false},"excerpt":{"rendered":"T\u00e4m\u00e4n takia Laura Lahtinen ja Ella Junnila eiv\u00e4t saaneet apurahaa&nbsp;&nbsp;Yle T\u00e4ss\u00e4 ovat Suomen olympiajoukkueet \u2013 Laine ulos&nbsp;&nbsp;Ilta-Sanomat Jesse&hellip;\n","protected":false},"author":2,"featured_media":131608,"comment_status":"","ping_status":"","sticky":false,"template":"","format":"standard","meta":{"footnotes":""},"categories":[136],"tags":[407,5703,137,33,31,30,408,20550,1366,32,4312,160,109,162],"class_list":{"0":"post-132039","1":"post","2":"type-post","3":"status-publish","4":"format-standard","5":"has-post-thumbnail","7":"category-julkkikset","8":"tag-celebrities","9":"tag-ella-junnila","10":"tag-entertainment","11":"tag-fi","12":"tag-finland","13":"tag-finnish","14":"tag-julkkikset","15":"tag-laura-lahtinen","16":"tag-opetus-ja-kulttuuriministerio","17":"tag-suomi","18":"tag-uinti","19":"tag-urheilu","20":"tag-viihde","21":"tag-yleisurheilu"},"share_on_mastodon":{"url":"https:\/\/pubeurope.com\/@fi\/115828677841361690","error":""},"_links":{"self":[{"href":"https:\/\/www.europesays.com\/fi\/wp-json\/wp\/v2\/posts\/132039","targetHints":{"allow":["GET"]}}],"collection":[{"href":"https:\/\/www.europesays.com\/fi\/wp-json\/wp\/v2\/posts"}],"about":[{"href":"https:\/\/www.europesays.com\/fi\/wp-json\/wp\/v2\/types\/post"}],"author":[{"embeddable":true,"href":"https:\/\/www.europesays.com\/fi\/wp-json\/wp\/v2\/users\/2"}],"replies":[{"embeddable":true,"href":"https:\/\/www.europesays.com\/fi\/wp-json\/wp\/v2\/comments?post=132039"}],"version-history":[{"count":0,"href":"https:\/\/www.europesays.com\/fi\/wp-json\/wp\/v2\/posts\/132039\/revisions"}],"wp:featuredmedia":[{"embeddable":true,"href":"https:\/\/www.europesays.com\/fi\/wp-json\/wp\/v2\/media\/131608"}],"wp:attachment":[{"href":"https:\/\/www.europesays.com\/fi\/wp-json\/wp\/v2\/media?parent=132039"}],"wp:term":[{"taxonomy":"category","embeddable":true,"href":"https:\/\/www.europesays.com\/fi\/wp-json\/wp\/v2\/categories?post=132039"},{"taxonomy":"post_tag","embeddable":true,"href":"https:\/\/www.europesays.com\/fi\/wp-json\/wp\/v2\/tags?post=132039"}],"curies":[{"name":"wp","href":"https:\/\/api.w.org\/{rel}","templated":true}]}}