{"id":132049,"date":"2026-01-03T02:08:13","date_gmt":"2026-01-03T02:08:13","guid":{"rendered":"https:\/\/www.europesays.com\/fi\/132049\/"},"modified":"2026-01-03T02:08:13","modified_gmt":"2026-01-03T02:08:13","slug":"antti-pennanen-jatkaa-leijonissa-sopimuksessa-todella-erikoinen-yksityiskohta","status":"publish","type":"post","link":"https:\/\/www.europesays.com\/fi\/132049\/","title":{"rendered":"Antti Pennanen jatkaa Leijonissa \u2013 Sopimuksessa todella erikoinen yksityiskohta"},"content":{"rendered":"<p>Heikki Hietanen vahvisti, ett\u00e4 Pennasen sopimuksen optio k\u00e4ytet\u00e4\u00e4n tammikuussa.<\/p>\n<p><img decoding=\"async\" class=\"image image-show image-preview\" src=\"https:\/\/www.europesays.com\/fi\/wp-content\/uploads\/2026\/01\/9919336dd923e59dfa3717089767b866cc2f1309325604494bf3fd690463f80c.jpg\" alt=\"\"\/><img decoding=\"async\" class=\"image image-show\" src=\"https:\/\/www.europesays.com\/fi\/wp-content\/uploads\/2026\/01\/1767406091_443_9919336dd923e59dfa3717089767b866cc2f1309325604494bf3fd690463f80c.jpg\" alt=\"\"\/><\/p>\n<p>Antti Pennasen optio k\u00e4ytet\u00e4\u00e4n, vahvisti Suomen kiekkopomo. jussi saarinen<\/p>\n<p><a href=\"https:\/\/www.iltalehti.fi\/kirjoittajat\/Anssi Karjalainen\" rel=\"nofollow noopener\" target=\"_blank\"><img decoding=\"async\" class=\"author-image-img\" alt=\"Tekij\u00e4n kuva\" src=\"https:\/\/www.europesays.com\/fi\/wp-content\/uploads\/2025\/11\/0599a0651f338f13f30d2507e4cd6f258d9592d83b94ed62a00adbcfecae12f7.png\"\/><\/a><a href=\"https:\/\/www.iltalehti.fi\/kirjoittajat\/Viljami Kalmari\" rel=\"nofollow noopener\" target=\"_blank\"><img decoding=\"async\" class=\"author-image-img\" alt=\"Tekij\u00e4n kuva\" src=\"https:\/\/www.europesays.com\/fi\/wp-content\/uploads\/2025\/12\/96e56df14c745495772d0e9213ca38b49cce0b4852a9305976c88c0c6655a021.png\"\/><\/a><\/p>\n<p>Eilen klo 16:41 (p\u00e4ivitetty eilen klo 17:35)<\/p>\n<p class=\"paragraph\">Suomen miesten j\u00e4\u00e4kiekkomaajoukkueen p\u00e4\u00e4valmentajatilanteesta tipahti uutinen perjantaina.<\/p>\n<p class=\"paragraph\">J\u00e4\u00e4kiekkoliiton puheenjohtaja <strong>Heikki Hietanen<\/strong> vahvisti Iltalehdelle, ett\u00e4 <strong>Antti Pennanen<\/strong> jatkaa Leijonien p\u00e4\u00e4valmentajana kauden 2026\u20132027 loppuun.<\/p>\n<p class=\"paragraph\">Tilanne oli sangen mielenkiintoinen, koska Pennasen alkuper\u00e4inen sopimus oli mallia 2+1. Hietanen vahvisti, ett\u00e4 option takaraja oli asetettu t\u00e4m\u00e4n vuoden tammikuuhun \u2013 siis ennen talven ja kev\u00e4\u00e4n arvokisoja.<\/p>\n<p class=\"paragraph\">Pennasen option takarajasta kertoi taannoin ensimm\u00e4isen\u00e4 Urheilucast-podcast.<\/p>\n<p class=\"paragraph\">\u2013\u2009K\u00e4yt\u00e4nn\u00f6ss\u00e4 h\u00e4nell\u00e4 on sopimus ensi kaudesta, Hietanen sanoi IL:lle.<\/p>\n<p class=\"paragraph\"><strong>Eli onko optio jo k\u00e4ytetty?<\/strong><\/p>\n<p class=\"paragraph\">\u2013\u2009K\u00e4yt\u00e4nn\u00f6ss\u00e4&#8230; ei nyt viel\u00e4 ole sit\u00e4 keskustelua k\u00e4yty. L\u00e4hdemme kuitenkin siit\u00e4, ett\u00e4 sopimus on ensi kauden loppuun asti.<\/p>\n<p class=\"paragraph\"><strong>Mit\u00e4 se tarkoittaa esimerkiksi silloin, jos olympialaiset sujuvat heikosti?<\/strong><\/p>\n<p class=\"paragraph\">\u2013\u2009Sittenh\u00e4n sopimus jatkuu. Kyll\u00e4 meill\u00e4 on luotto siihen, ett\u00e4 Antti on meille hyv\u00e4 valmentaja. Maajoukkueessa asia on v\u00e4h\u00e4n erilainen kuin seurajoukkuepuolella, joka on nopeatempoisempi. Siell\u00e4 valmentajia erotetaan kesken sopimuskaudenkin, mutta meill\u00e4 hyvin harvoin.<\/p>\n<p class=\"paragraph\">\u2013\u2009Naisten puolella tehtiin viimeksi se ratkaisu. Haemme pitk\u00e4aikaisia sopimuksia ja sitoumuksia.<\/p>\n<p class=\"paragraph\">Hietasen mukaan liitossa ei n\u00e4hd\u00e4 syyt\u00e4 vaihtaa Leijonien p\u00e4\u00e4valmentajaa.<\/p>\n<p>Eroa valitsemisessa<\/p>\n<p class=\"paragraph\">Puheenjohtajan mielest\u00e4 voidaan olla tyytyv\u00e4isi\u00e4, jos Suomi pelaa miesten puolella olympiamitalista.<\/p>\n<p class=\"paragraph\">\u2013\u2009Ainahan l\u00e4hdet\u00e4\u00e4n hakemaan kultaa. Taso on kuitenkin todella kova \u2013 my\u00f6s naisten puolella.<\/p>\n<p class=\"paragraph\">Naisleijonien ja Leijonien joukkueiden valinnoissa on pieni eroavaisuus.<\/p>\n<p class=\"paragraph\">\u2013\u2009Naisten puolella on valmennusjohto, ja miesten puoli on sill\u00e4 tavalla erilainen, ett\u00e4 siell\u00e4 on GM mukana, Hietanen avasi.<\/p>\n<p class=\"paragraph\">Leijonien GM on <strong>Jere Lehtinen<\/strong>.<\/p>\n<p class=\"paragraph\">\u2013\u2009Valinnat on n\u00e4hd\u00e4kseni tehty hyv\u00e4ss\u00e4 yhteisymm\u00e4rryksess\u00e4. Viimeiset kaksi kolme pelaajaa her\u00e4tt\u00e4v\u00e4t aina enemm\u00e4n keskustelua. Kuten valmentajat ottivat esille, roolitus ratkaisee sitten siin\u00e4 vaiheessa.<\/p>\n<p><a href=\"https:\/\/www.iltalehti.fi\/telkku\/?utm_source=iltalehti.fi&amp;utm_medium=almainternal&amp;utm_campaign=urheilu_artikkelibanneri&amp;utm_content=banner_612_a\" rel=\"nofollow noopener\" target=\"_blank\"><img decoding=\"async\" src=\"https:\/\/www.europesays.com\/fi\/wp-content\/uploads\/2025\/08\/7ef604e47d46ca174b7df4149bd3557dbde56a86d520f8e1b2125548b0a2e03a.png\" alt=\"TV-ohjelmat t\u00e4n\u00e4\u00e4n, TV-opas\"\/><\/a><\/p>\n","protected":false},"excerpt":{"rendered":"Heikki Hietanen vahvisti, ett\u00e4 Pennasen sopimuksen optio k\u00e4ytet\u00e4\u00e4n tammikuussa. Antti Pennasen optio k\u00e4ytet\u00e4\u00e4n, vahvisti Suomen kiekkopomo. jussi saarinen&hellip;\n","protected":false},"author":2,"featured_media":132050,"comment_status":"","ping_status":"","sticky":false,"template":"","format":"standard","meta":{"footnotes":""},"categories":[5],"tags":[35,1274,22,23,26,27,33,31,30,17,1143,24,25,41,28,29,15,18,21,32,1145,19,20,161,16],"class_list":{"0":"post-132049","1":"post","2":"type-post","3":"status-publish","4":"format-standard","5":"has-post-thumbnail","7":"category-otsikot","8":"tag-24h","9":"tag-ammattiurheilu","10":"tag-breaking-news","11":"tag-breakingnews","12":"tag-featured-news","13":"tag-featurednews","14":"tag-fi","15":"tag-finland","16":"tag-finnish","17":"tag-headlines","18":"tag-jaakiekko","19":"tag-latest-news","20":"tag-latestnews","21":"tag-liikunta-ja-urheilu","22":"tag-main-news","23":"tag-mainnews","24":"tag-news","25":"tag-otsikot","26":"tag-paauutiset","27":"tag-suomi","28":"tag-talviurheilu","29":"tag-top-stories","30":"tag-topstories","31":"tag-urheilutapahtumat","32":"tag-uutiset"},"share_on_mastodon":{"url":"https:\/\/pubeurope.com\/@fi\/115828732974579630","error":""},"_links":{"self":[{"href":"https:\/\/www.europesays.com\/fi\/wp-json\/wp\/v2\/posts\/132049","targetHints":{"allow":["GET"]}}],"collection":[{"href":"https:\/\/www.europesays.com\/fi\/wp-json\/wp\/v2\/posts"}],"about":[{"href":"https:\/\/www.europesays.com\/fi\/wp-json\/wp\/v2\/types\/post"}],"author":[{"embeddable":true,"href":"https:\/\/www.europesays.com\/fi\/wp-json\/wp\/v2\/users\/2"}],"replies":[{"embeddable":true,"href":"https:\/\/www.europesays.com\/fi\/wp-json\/wp\/v2\/comments?post=132049"}],"version-history":[{"count":0,"href":"https:\/\/www.europesays.com\/fi\/wp-json\/wp\/v2\/posts\/132049\/revisions"}],"wp:featuredmedia":[{"embeddable":true,"href":"https:\/\/www.europesays.com\/fi\/wp-json\/wp\/v2\/media\/132050"}],"wp:attachment":[{"href":"https:\/\/www.europesays.com\/fi\/wp-json\/wp\/v2\/media?parent=132049"}],"wp:term":[{"taxonomy":"category","embeddable":true,"href":"https:\/\/www.europesays.com\/fi\/wp-json\/wp\/v2\/categories?post=132049"},{"taxonomy":"post_tag","embeddable":true,"href":"https:\/\/www.europesays.com\/fi\/wp-json\/wp\/v2\/tags?post=132049"}],"curies":[{"name":"wp","href":"https:\/\/api.w.org\/{rel}","templated":true}]}}