{"id":132058,"date":"2026-01-03T02:32:07","date_gmt":"2026-01-03T02:32:07","guid":{"rendered":"https:\/\/www.europesays.com\/fi\/132058\/"},"modified":"2026-01-03T02:32:07","modified_gmt":"2026-01-03T02:32:07","slug":"ainakin-yksitoista-kuoli-bussiturmassa-brasiliassa-uutisia-lyhyesti","status":"publish","type":"post","link":"https:\/\/www.europesays.com\/fi\/132058\/","title":{"rendered":"Ainakin yksitoista kuoli bussiturmassa Brasiliassa | Uutisia lyhyesti"},"content":{"rendered":"<p class=\"aw-1gybjub aw-5vja16 kEtdKx kmuxyA yle__article__paragraph\">Onnettomuus tapahtui Brasilian etel\u00e4osassa perjantaina.<\/p>\n<p class=\"aw-1gybjub aw-1p7kakr kEtdKx cEmitX yle__article__paragraph\">Ainakin 11 ihmist\u00e4 on kuollut linja-auton ja hiekkalastia kuljettaneen rekan yhteent\u00f6rm\u00e4yksess\u00e4 Brasilian etel\u00e4osassa. Lis\u00e4ksi onnettomuudessa loukkaantui ainakin seitsem\u00e4n ihmist\u00e4.<\/p>\n<p class=\"aw-1gybjub aw-1p7kakr kEtdKx cEmitX yle__article__paragraph\">Onnettomuus tapahtui Rio Grande do Sulin osavaltiossa perjantaina paikallista aikaa hieman ennen puoltap\u00e4iv\u00e4\u00e4, Brasilian tieliikennepoliisi kertoi lausunnossaan.<\/p>\n<p class=\"aw-1gybjub aw-1p7kakr kEtdKx cEmitX yle__article__paragraph\">Osa rekan hiekkalastista p\u00e4\u00e4tyi t\u00f6rm\u00e4yksen seurauksena sis\u00e4lle bussiin, mik\u00e4 vaikeutti pelastushenkil\u00f6kunnan p\u00e4\u00e4sy\u00e4 ajoneuvoon, poliisi lis\u00e4si.<\/p>\n<p class=\"aw-1gybjub aw-1p7kakr kEtdKx cEmitX yle__article__paragraph\">Reuters<\/p>\n","protected":false},"excerpt":{"rendered":"Onnettomuus tapahtui Brasilian etel\u00e4osassa perjantaina. Ainakin 11 ihmist\u00e4 on kuollut linja-auton ja hiekkalastia kuljettaneen rekan yhteent\u00f6rm\u00e4yksess\u00e4 Brasilian etel\u00e4osassa.&hellip;\n","protected":false},"author":2,"featured_media":74,"comment_status":"","ping_status":"","sticky":false,"template":"","format":"standard","meta":{"footnotes":""},"categories":[14],"tags":[2741,22,23,1826,26,27,33,31,30,17,2455,683,23316,24,25,121,990,4822,1166,28,29,15,837,18,21,32,128,4134,19,20,56,16,59,60,61],"class_list":{"0":"post-132058","1":"post","2":"type-post","3":"status-publish","4":"format-standard","5":"has-post-thumbnail","7":"category-ulkomaat","8":"tag-brasilia","9":"tag-breaking-news","10":"tag-breakingnews","11":"tag-etela-amerikka","12":"tag-featured-news","13":"tag-featurednews","14":"tag-fi","15":"tag-finland","16":"tag-finnish","17":"tag-headlines","18":"tag-hengenvaara-ja-loukkaantuminen","19":"tag-kuolema","20":"tag-kuorma-auto-rekka","21":"tag-latest-news","22":"tag-latestnews","23":"tag-liikenne-ja-kuljetus","24":"tag-liikenneonnettomuudet","25":"tag-linja-auto-onnettomuudet","26":"tag-linja-autoliikenne","27":"tag-main-news","28":"tag-mainnews","29":"tag-news","30":"tag-onnettomuudet","31":"tag-otsikot","32":"tag-paauutiset","33":"tag-suomi","34":"tag-tieliikenne","35":"tag-tieliikenneonnettomuudet","36":"tag-top-stories","37":"tag-topstories","38":"tag-ulkomaat","39":"tag-uutiset","40":"tag-world","41":"tag-world-news","42":"tag-worldnews"},"share_on_mastodon":{"url":"","error":"Validation failed: Text character limit of 500 exceeded"},"_links":{"self":[{"href":"https:\/\/www.europesays.com\/fi\/wp-json\/wp\/v2\/posts\/132058","targetHints":{"allow":["GET"]}}],"collection":[{"href":"https:\/\/www.europesays.com\/fi\/wp-json\/wp\/v2\/posts"}],"about":[{"href":"https:\/\/www.europesays.com\/fi\/wp-json\/wp\/v2\/types\/post"}],"author":[{"embeddable":true,"href":"https:\/\/www.europesays.com\/fi\/wp-json\/wp\/v2\/users\/2"}],"replies":[{"embeddable":true,"href":"https:\/\/www.europesays.com\/fi\/wp-json\/wp\/v2\/comments?post=132058"}],"version-history":[{"count":0,"href":"https:\/\/www.europesays.com\/fi\/wp-json\/wp\/v2\/posts\/132058\/revisions"}],"wp:featuredmedia":[{"embeddable":true,"href":"https:\/\/www.europesays.com\/fi\/wp-json\/wp\/v2\/media\/74"}],"wp:attachment":[{"href":"https:\/\/www.europesays.com\/fi\/wp-json\/wp\/v2\/media?parent=132058"}],"wp:term":[{"taxonomy":"category","embeddable":true,"href":"https:\/\/www.europesays.com\/fi\/wp-json\/wp\/v2\/categories?post=132058"},{"taxonomy":"post_tag","embeddable":true,"href":"https:\/\/www.europesays.com\/fi\/wp-json\/wp\/v2\/tags?post=132058"}],"curies":[{"name":"wp","href":"https:\/\/api.w.org\/{rel}","templated":true}]}}