{"id":132063,"date":"2026-01-03T02:46:16","date_gmt":"2026-01-03T02:46:16","guid":{"rendered":"https:\/\/www.europesays.com\/fi\/132063\/"},"modified":"2026-01-03T02:46:16","modified_gmt":"2026-01-03T02:46:16","slug":"prinsessat-beatrice-ja-eugenie-tukevat-toisiaan-myrskyn-silmassa","status":"publish","type":"post","link":"https:\/\/www.europesays.com\/fi\/132063\/","title":{"rendered":"Prinsessat Beatrice ja Eugenie tukevat toisiaan myrskyn silm\u00e4ss\u00e4"},"content":{"rendered":"<p class=\"ingress\">Prinsessat Beatrice ja Eugenie ovat olleet toistensa tukena, kun vanhemmat joutuivat myrskyn silm\u00e4\u00e4n. Vaikka maailma j\u00e4rkkyy, sisaret pit\u00e4v\u00e4t yht\u00e4.<\/p>\n<p>Tuskin on ep\u00e4ilyst\u00e4k\u00e4\u00e4n, etteik\u00f6 Yorkin prinsessojen <strong>Beatricen<\/strong>, 37, ja<strong> Eugenien<\/strong>, 35, maailma olisi viime syksyn\u00e4 keikahtanut radaltaan. Paljastukset heid\u00e4n vanhempiensa\u00ad prinssi <strong>Andrew\u2019n<\/strong> ja herttuatar<strong> Sarahin<\/strong> yhteyksist\u00e4 yhdysvaltalaiseen seksuaalirikolliseen <strong>Jeffrey Epsteiniin<\/strong> olivat varmasti j\u00e4rkytys pariskunnan tytt\u00e4rille. <\/p>\n<p>Mutta kuten usein ennenkin, sisarukset pitiv\u00e4t tunteensa omana tietonaan ja saivat tukea toinen toisiltaan. Sisaruus on heid\u00e4n supervoimansa. Hieman t\u00e4tim\u00e4isesti pukeutuneet prinsessat n\u00e4hd\u00e4\u00e4n julkisuudessa ehk\u00e4 useammin kahdestaan kuin aviomiestens\u00e4 kanssa. Toisiaan he kutsuvat tuttavallisesti lempinimill\u00e4 Bea ja Euge.<\/p>\n<p>Kuninkaallistuntijat kuvaavat prinsessoja miellytt\u00e4viksi, rennoiksi ja eritt\u00e4in kohteliaiksi nuoriksi naisiksi. He ovat ahkeria uranaisia, jotka osaavat k\u00e4ytt\u00e4\u00e4 kuninkaallista asemaansa my\u00f6s hyviksi kokemiensa asioiden eteen. <\/p>\n<p>Heid\u00e4n vanhemmiltaan on nyt viety asema ja tittelit, mutta tytt\u00e4rien asema Britannian kuninkaallisessa perheess\u00e4 s\u00e4ilyi virallisesti entisell\u00e4\u00e4n. Silti syksyn j\u00e4ljilt\u00e4 moni asia heid\u00e4n el\u00e4m\u00e4ss\u00e4\u00e4n on muuttunut. <\/p>\n<p><strong>Lue my\u00f6s: <\/strong><a href=\"https:\/\/anna.fi\/ihmiset\/syovasta-toipuva-prinsessa-catherine\" rel=\"nofollow noopener\" target=\"_blank\">Viime vuosi oli prinsessa Catherinelle vaikea \u2212 prinssi William kommentoi perheen tilannetta Etel\u00e4-Afrikassa harvinaisen avoimesti<\/a><\/p>\n<p>Sisarukset pitiv\u00e4t yht\u00e4 vanhempien avioeron keskell\u00e4<\/p>\n<p>Beatricen ja Eugenien l\u00e4heiset v\u00e4lit juontuvat jo varhaislapsuudesta, sill\u00e4 heid\u00e4n ik\u00e4eronsa on vain kaksi vuotta. <\/p>\n<p>Varmasti my\u00f6s vanhempien avioero tiivisti pienten tytt\u00f6jen v\u00e4lej\u00e4. Eroh\u00e4ss\u00e4kk\u00e4 alkoi vuonna 1992 ja p\u00e4\u00e4ttyi lopulliseen eroon nelj\u00e4 vuotta my\u00f6hemmin. Beatrice oli tuolloin seitsem\u00e4n, Eugenie juuri t\u00e4ytt\u00e4nyt kuusi. <\/p>\n<p>Vanhempien avioliittoon oli tuonut haasteita Andrew\u2019n ty\u00f6 laivaston upseerina, joka vei h\u00e4net pitkiksi ajoiksi pois perheens\u00e4 luota. Avioeroa on silti kuvattu sopuisaksi, ja vanhemmille j\u00e4i tytt\u00e4rien yhteishuoltajuus.<\/p>\n<p>Lessons From Our Mothers -podcastissa prinsessat ovat kertoneet, kuinka vahvasti \u00e4iti on vaikuttanut heid\u00e4n el\u00e4m\u00e4\u00e4ns\u00e4. Lapsuudenperhett\u00e4\u00e4n prinsessat kehuvat kannustavaksi.<\/p>\n<p>Beatricen mukaan heid\u00e4n kasvatuksensa oli tavallinen. Vogue-lehden yhteishaastattelussa joitakin vuosia sitten prinsessat kertoivat, ett\u00e4 heille opetettiin hienovaraisen tarkasti kuninkaalliseen kasvatukseen kuuluvia tapoja.<\/p>\n<p>\u201dMe tiesimme aina rajamme\u201d, sanoo Eugenie haastattelussa. H\u00e4nt\u00e4 pidet\u00e4\u00e4n sisaruksista s\u00e4rmikk\u00e4\u00e4mp\u00e4n\u00e4, ja h\u00e4n on kertonut perineens\u00e4 is\u00e4ns\u00e4 lyhyen pinnan.<\/p>\n<p>\u201dJa t\u00e4ytyy my\u00f6nt\u00e4\u00e4, etten miss\u00e4\u00e4n nimess\u00e4 ole yht\u00e4 kohtelias kuin Beatrice\u201d, Eugenie kertoi London Telegraph -lehdess\u00e4. <\/p>\n<p>Molemmilla prinsessoilla todettiin jo lapsena terveys\u00adhaasteita, jotka he ovat avoimesti tuoneet esiin. Beatrice sai seitsem\u00e4nvuotiaana lukih\u00e4iri\u00f6diagnoosin \u2013 sama ongelma vaivaa my\u00f6s h\u00e4nen et\u00e4isi\u00e4 sukulaisiaan Ruotsin hovissa. <\/p>\n<p>Eugeniella todettiin skolioosi eli selk\u00e4rangan vinouma, jonka vuoksi h\u00e4nelle tehtiin kaksitoistavuotiaana iso selk\u00e4leikkaus. Kun prinsessa my\u00f6hemmin meni naimisiin, h\u00e4\u00e4puvun yl\u00e4osan erikoinen leikkaus paljasti tarkoituksella sel\u00e4n leikkausarven. N\u00e4in prinsessa halusi kiitt\u00e4\u00e4 h\u00e4nt\u00e4 aikoinaan hoitaneita ja kannustaa muita samasta vaivasta k\u00e4rsivi\u00e4.<\/p>\n<p>Eugenie ja Beatrice k\u00e4yv\u00e4t t\u00f6iss\u00e4 ja tekev\u00e4t hyv\u00e4ntekev\u00e4isyytt\u00e4<\/p>\n<p>Yorkin sisaruksilla ei ole kuninkaallisia velvollisuuksia, eiv\u00e4tk\u00e4 he edusta kuningashuonetta, joten he eiv\u00e4t saa varoja el\u00e4miseen kuningashuoneen budjetista. <\/p>\n<p>Molemmat ovat hankkineet yliopistokoulutuksen ja k\u00e4yv\u00e4t palkkat\u00f6iss\u00e4. Beatrice opiskeli historiaa ja ty\u00f6skentelee nyt johtoteht\u00e4viss\u00e4 ohjelmistoyhti\u00f6 Afinitissa, Eugenie opiskeli kirjallisuutta ja taidehistoriaa ja ty\u00f6skentelee kansainv\u00e4lisen Hauser\u2009&amp;\u2009Wirth -taidegallerian johtajana.<\/p>\n<p>Ansiot\u00f6iden ohella molemmat prinsessat tekev\u00e4t my\u00f6s ahkerasti hyv\u00e4ntekev\u00e4isyysty\u00f6t\u00e4, mit\u00e4 pidet\u00e4\u00e4n Britanniassa kuninkaallisten velvollisuutena. <\/p>\n<p>Hyv\u00e4ntekev\u00e4isyyden nimiss\u00e4 Beatrice on esimerkiksi kiivennyt Etna-tulivuoren huipulle ja juossut ainoana brittikuninkaallisena Lontoon maratonin.<\/p>\n<p>Sisaruksista ensimm\u00e4isen\u00e4 naimisiin meni kuopus Eugenie. H\u00e4nen ja brittil\u00e4isen markkinointijohtajan <strong>Jack Brooksbankin<\/strong> h\u00e4it\u00e4 vietettiin lokakuussa 2018. Pariskunnalla on kaksi poikaa, <strong>August<\/strong>, 4, ja <strong>Ernest<\/strong>, 2. Perhe asuu nyttemmin Jackin ty\u00f6n vuoksi osittain Portugalissa. <\/p>\n<p>Beatricen ja englantilaisen, italialaisesta aatelissuvusta polveutuvan kiinteist\u00f6kehitt\u00e4j\u00e4n <strong>Edoardo Mapelli Mozzin<\/strong> h\u00e4it\u00e4 vuonna 2020 synkisti ensin korona. Pandemian vuoksi tilaisuutta jouduttiin pienent\u00e4m\u00e4\u00e4n ja siirt\u00e4m\u00e4\u00e4n toukokuulta hein\u00e4kuulle. <\/p>\n<p>Synkemm\u00e4n varjon h\u00e4iden ylle heittiv\u00e4t is\u00e4 Andrew\u2019n toimet. Prinssi oli edellisvuonna joutunut j\u00e4tt\u00e4m\u00e4\u00e4n osan kuninkaallisista teht\u00e4vist\u00e4\u00e4n, kun h\u00e4nen yhteytens\u00e4 Epsteiniin alkoivat tulla ilmi. Is\u00e4 sai saattaa tytt\u00e4rens\u00e4 alttarille, mutta virallisissa h\u00e4\u00e4kuvissa h\u00e4nt\u00e4 ei n\u00e4hty.<\/p>\n<p>Beatricen esikoistyt\u00e4r <strong>Siena<\/strong> syntyi vuonna 2021. Toisen tytt\u00e4ren <strong>Athenan <\/strong>syntym\u00e4 oli dramaattinen, sill\u00e4 h\u00e4n syntyi useita viikkoja ennen laskettua aikaa tammikuussa 2025. Perheeseen kuuluu my\u00f6s Edoardon poika <strong>Christopher Woolf<\/strong> miehen edellisest\u00e4 suhteesta. <\/p>\n<p>Beatrice joutui toimimaan kilpen\u00e4 is\u00e4\u00e4n kohdistuneita syyt\u00f6ksi\u00e4 vastaan<\/p>\n<p>Lokakuun lopussa sai p\u00e4\u00e4tepisteen prinsessojen is\u00e4\u00e4n liittyv\u00e4 j\u00e4rkytt\u00e4v\u00e4 tapahtumasarja, jonka alku ulottuu vuoteen 2001. Tuolloin prinssi Andrew\u2019n kerrotaan harrastaneen seksi\u00e4 kolme kertaa eri paikoissa 17-vuotiaan<strong> Virginia Giuffren<\/strong> kanssa. Giuffren oli pakottanut tekoon seksuaalirikoksista tuomittu ja sittemmin itsemurhan vankilassa tehnyt Jeffrey Epstein.<\/p>\n<p>Ensimm\u00e4ist\u00e4 kertaa Andrew joutui vastaamaan teoistaan BBC:n haastattelussa vuonna 2019, jolloin h\u00e4n kielsi koskaan tavanneensa Virginiaa. V\u00e4ite ei pid\u00e4 paikkaansa, sill\u00e4 heid\u00e4n tapaamisestaan on olemassa valokuva, jossa Andrew on kiert\u00e4nyt k\u00e4tens\u00e4 Virginian vy\u00f6t\u00e4r\u00f6lle. Vain muutama p\u00e4iv\u00e4 haastattelun j\u00e4lkeen Andrew joutui luopumaan osasta kuninkaallisia velvollisuuksiaan.<\/p>\n<p>Synkemm\u00e4ksi tapahtuneen tekee se, ett\u00e4 Andrew\u2019n hyv\u00e4ksik\u00e4ytt\u00e4m\u00e4 Virginia Giuffre oli vain viisi vuotta vanhempi kuin prinssin tuolloin kaksitoistavuotias esikoistyt\u00e4r. <\/p>\n<p>BBC:n haastattelussa Andrew k\u00e4ytti my\u00f6s tyt\u00e4rt\u00e4\u00e4n kilpen\u00e4 syyt\u00f6ksi\u00e4 vastaan. Yksi Giuffren mainitsema tapaaminen oli Andrew\u2019n muistin mukaan mahdoton, koska h\u00e4n olisi ollut silloin pizzalla Beatricen kanssa.<\/p>\n<p>My\u00f6hemmin on tullut ilmi, ett\u00e4 Epstein ja h\u00e4nen seuralaisensa oli kutsuttu vieraiksi Beatricen 18-vuotissyntym\u00e4p\u00e4iv\u00e4juhliin Windsorin linnaan, ja Andrew oli is\u00e4nn\u00f6inyt heit\u00e4 my\u00f6s kotonaan. Vain hieman aiemmin Epsteinia vastaan oli aloitettu kaksi eri oikeudenk\u00e4ynti\u00e4. <\/p>\n<p>Yhdysvalloissa nostettiin siviilikanne Andrew\u2019ta vastaan, mutta se soviteltiin rahalla, ja Andrew teki vuonna 2022 huomattavan lahjoituksen Giuffren hyv\u00e4ntekev\u00e4isyysj\u00e4rjest\u00f6lle.<\/p>\n<p>Andrew menetti herttuan ja prinssin arvot<\/p>\n<p>Virginia Giuffre p\u00e4\u00e4tyi riist\u00e4m\u00e4\u00e4n itselt\u00e4\u00e4n hengen kev\u00e4\u00e4ll\u00e4 2025, ja syksyll\u00e4 h\u00e4nelt\u00e4 ilmestyi postuumi muistelmateos.<\/p>\n<p>Muistelmateoksen lis\u00e4ksi syksyll\u00e4 alkoi paljastua uutta tietoa Andrew\u2019n ja Epsteinin tiiviist\u00e4 suhteista. Julkisuuteen vuoti my\u00f6s entisen puolison Sarahin s\u00e4hk\u00f6posti Epsteinille, jossa t\u00e4m\u00e4 kutsui miest\u00e4 itsens\u00e4 ja perheens\u00e4 ylimm\u00e4ksi yst\u00e4v\u00e4ksi. T\u00e4m\u00e4 tapahtui sen j\u00e4lkeen, kun Sarah oli kielt\u00e4nyt olleensa yhteydess\u00e4 Epsteiniin. <\/p>\n<p>Pikku hiljaa tilanne alkoi k\u00e4yd\u00e4 kest\u00e4m\u00e4tt\u00f6m\u00e4ksi Britannian kuningashuoneelle. Ensin Andrew\u2019lta vietiin Yorkin herttuan arvo, ja lopulta h\u00e4nen isoveljens\u00e4, kuningas <strong>Charles\u00a0III<\/strong> p\u00e4\u00e4tti, ett\u00e4 Andrew\u2019n oli luovuttava my\u00f6s prinssin arvosta. Sen seurauksena h\u00e4nest\u00e4 tuli tavallinen kansalainen Andrew <strong>Mountbatten-Windsor<\/strong>. Kruununperij\u00e4 prinssi <strong>Williamin<\/strong> kerrotaan tukeneen voimakkaasti is\u00e4ns\u00e4 p\u00e4\u00e4t\u00f6st\u00e4.<\/p>\n<p>My\u00f6s Andrew\u2019n entinen puoliso Sarah menetti herttuattaren tittelins\u00e4, h\u00e4n on j\u00e4lleen Sarah <strong>Ferguson<\/strong>. Molemmat joutuivat my\u00f6s muuttamaan pois Royal Lodge -kartanosta, jossa he ovat asuneet yhdess\u00e4. Heit\u00e4 ei my\u00f6sk\u00e4\u00e4n en\u00e4\u00e4 kutsuta suvun yhteisiin tilaisuuksiin, kuten joulunviettoon Sandringhamiin.<\/p>\n<p>Eugenie ja Beatrice ovat pysyneet vaiti perheen tapahtumista<\/p>\n<p>Ent\u00e4 tytt\u00e4ret? Mit\u00e4 t\u00e4m\u00e4 kaikki on merkinnyt heille?<\/p>\n<p>Sisarukset ovat pysyneet visusti vaiti perhett\u00e4\u00e4n kuohuttaneista tapahtumista eiv\u00e4tk\u00e4 ole koskaan kommentoineet julkisesti esimerkiksi is\u00e4ns\u00e4 televisiohaastattelua. <\/p>\n<p>\u201dHe ovat tapahtumien ep\u00e4onnisia uhreja, joiden on t\u00e4ytynyt k\u00e4rsi\u00e4 hiljaisuudessa, ja sen he ovat tehneet arvokkaasti\u201d, kuvailee kuninkaallistoimittaja <strong>Katie Nicholl <\/strong>Britannian yleisradioyhti\u00f6 BBC:n mukaan. <\/p>\n<p>Mutta sattumaa tai ei, juuri syksyn kohun ollessa hurjimmillaan molemmat prinsessat olivat ulkomailla. Beatrice oli ty\u00f6matkalla Saudi-Arabiassa ja Eugenie yst\u00e4viens\u00e4 kanssa Pariisissa.<\/p>\n<p>Sisaruus on nyt kohujen ja skandaalien keskell\u00e4 ollut j\u00e4lleen heid\u00e4n t\u00e4rkein voimavaransa.<\/p>\n<p>\u201dMe olemme ainoat ihmiset toistemme el\u00e4m\u00e4ss\u00e4, jotka tiet\u00e4v\u00e4t tarkalleen, mit\u00e4 toinen joutuu k\u00e4ym\u00e4\u00e4n l\u00e4pi\u201d, kuten Eugenie kuvasi heid\u00e4n suhdettaan taannoin Voguessa.<\/p>\n<p>Skandaalilla ei ole ollut suurta vaikutusta prinsessojen el\u00e4m\u00e4\u00e4n<\/p>\n<p>Kaiken tapahtuneen j\u00e4lkeen Beatricen ja Eugenien el\u00e4m\u00e4ss\u00e4 mik\u00e4\u00e4n ei ole muodollisesti muuttunut. He ovat edelleen prinsessoja, ja molempien paikka kruununperimyksess\u00e4 s\u00e4ilyy: Beatrice on sijalla yhdeks\u00e4n ja Eugenie kaksitoista. T\u00e4m\u00e4 on tiett\u00e4v\u00e4sti kuningas Charlesin tahto. Lis\u00e4ksi he ovat edelleen tervetulleita kuninkaallisiin tilaisuuksiin, kuten joulunviettoon, puutarhajuhliin ja Ascotin laukkakisoihin.<\/p>\n<p>Iso k\u00e4yt\u00e4nn\u00f6n muutos tulee kuitenkin olemaan se, ett\u00e4 joutuessaan muuttamaan pois nykyisest\u00e4 kodistaan Andrew ja Sarah eiv\u00e4t en\u00e4\u00e4 asu l\u00e4hell\u00e4 tytt\u00e4riens\u00e4 perheit\u00e4. V\u00e4limatkat kasvavat. On jopa ep\u00e4ilty, ett\u00e4 Sarah saattaa muuttaa ulkomaille, mutta sit\u00e4 voi pit\u00e4\u00e4 lastenlasten vuoksi ep\u00e4todenn\u00e4k\u00f6isen\u00e4.<\/p>\n<p>Andrew\u2019n tytt\u00e4ret ovat edelleen osa kuninkaallisen perheen ydint\u00e4. Kuningas Charles on heid\u00e4n set\u00e4ns\u00e4, Walesin prinssi William heid\u00e4n serkkunsa ja edesmennyt kuningatar <strong>Elisabet<\/strong> oli heid\u00e4n iso\u00e4itins\u00e4. <\/p>\n<p>Syksyn mittaan on n\u00e4hty, ett\u00e4 suku ei ole hyl\u00e4nnyt heit\u00e4 ja he ovat saaneet pitk\u00e4st\u00e4 aikaa n\u00e4kyv\u00e4sti edustaa kuningashuonetta. Esimerkiksi Eugenie em\u00e4nn\u00f6i lokakuussa Jordanian prinsessa <strong>Rajwan<\/strong> vierailua. He k\u00e4viv\u00e4t yhdess\u00e4 lontoolaisissa sairaaloissa tutustumassa siihen, miten taide voi vaikuttaa mielenterveyteen. <\/p>\n<p><strong>Lue my\u00f6s: <\/strong><a href=\"https:\/\/kotiliesi.fi\/ihmiset\/nostalgia\/kuningatar-elisabet\/\" rel=\"nofollow noopener\" target=\"_blank\">Muistatko kuningatar Elisabetin Suomi-vierailun? Mets\u00e4ss\u00e4 tarpova monarkki on painunut monen syd\u00e4meen \u2013 katso ikimuistoiset kuvat<\/a><\/p>\n<p>Eugenie ja Beatrice saattavat menett\u00e4\u00e4 arvonimens\u00e4 <\/p>\n<p>Beatricen ja Eugenien tilanne n\u00e4ytt\u00e4\u00e4 t\u00e4ll\u00e4 er\u00e4\u00e4 selv\u00e4lt\u00e4, mutta heid\u00e4n el\u00e4m\u00e4ns\u00e4 kuninkaallisen perheen ja asemansa menett\u00e4neiden vanhempiensa v\u00e4liss\u00e4 etsii varmasti viel\u00e4 muotoaan. <\/p>\n<p>On arveltu, ett\u00e4 my\u00f6s he saattavat tulevaisuudessa menett\u00e4\u00e4 kuninkaallisen arvonsa, koska heill\u00e4 ei ole virallisia velvollisuuksia. N\u00e4in voi k\u00e4yd\u00e4 esimerkiksi silloin, kun Williamista tulee kuningas. Kruununprinssi on jo ilmoittanut, ett\u00e4 h\u00e4nen aikanaan kuningashuoneessa tullaan n\u00e4kem\u00e4\u00e4n muutoksia.<\/p>\n<p>Vaikka Andrew Mountbatten-Windsorin suhde tytt\u00e4riins\u00e4 on is\u00e4llisen rakastava, saatetaan heid\u00e4n v\u00e4leiss\u00e4\u00e4n n\u00e4hd\u00e4 pieni mutta merkitt\u00e4v\u00e4 muutos: is\u00e4 joutuu ehk\u00e4 jatkossa kumartamaan tytt\u00e4rilleen, jos kohtaa heid\u00e4t julkisessa tilaisuudessa.<\/p>\n<p>Kuninkaallisten el\u00e4m\u00e4kerturi <strong>Robert Hardman<\/strong> ennakoi Daily Mail -lehdess\u00e4, ett\u00e4 n\u00e4in saattaa k\u00e4yd\u00e4, sill\u00e4 Andrew on nyt aivan tavallinen kansalainen ja h\u00e4nen tytt\u00e4rens\u00e4 ovat prinsessoja. Siihen Andrew tuskin kuitenkaan kovin mielell\u00e4\u00e4n n\u00f6yrtyy. <\/p>\n<p>Juttu on julkaistu Annassa 01\/2026.<\/p>\n<p>    Sinua voi kiinnostaa my\u00f6s:<\/p>\n<ol class=\"read-also__list\">\n<li>\n<p>            <img loading=\"lazy\" decoding=\"async\" class=\"card__image awpo-lqip awpo-lazy\" width=\"2560\" height=\"1600\" src=\"https:\/\/www.europesays.com\/fi\/wp-content\/uploads\/2026\/01\/kruunu.jpg\"\/>                <a href=\"https:\/\/anna.fi\/kategoria\/ihmiset\" class=\"card__vignette\" rel=\"nofollow noopener\" target=\"_blank\"><br \/>\n            Ihmiset          <\/a><\/p>\n<p>      <a href=\"https:\/\/anna.fi\/ihmiset\/andrew-beatrice-eugenie\" class=\"card__link-overlay\" rel=\"nofollow noopener\" target=\"_blank\">Andrew menetti kuninkaalliset tittelins\u00e4 \u2013 miten k\u00e4y tyt\u00e4rten titteleille ja el\u00e4m\u00e4lle is\u00e4n skandaalin varjossa?<\/a><\/p>\n<\/li>\n<li>\n<p>            <img loading=\"lazy\" decoding=\"async\" class=\"card__image awpo-lqip awpo-lazy\" width=\"2560\" height=\"1706\" src=\"https:\/\/www.europesays.com\/fi\/wp-content\/uploads\/2026\/01\/mvphotos-0896775920-1-scaled.jpg\"\/>                <a href=\"https:\/\/anna.fi\/kategoria\/ihmiset\" class=\"card__vignette\" rel=\"nofollow noopener\" target=\"_blank\"><br \/>\n            Ihmiset          <\/a><\/p>\n<p>      <a href=\"https:\/\/anna.fi\/ihmiset\/norjan-kruununprinsessan-kohupoika-marius\" class=\"card__link-overlay\" rel=\"nofollow noopener\" target=\"_blank\">Norjan kruununprinsessa Mette-Maritin poika on skandaalin keskell\u00e4 \u2013 t\u00e4llaisia kohuja bilett\u00e4j\u00e4-Marius on aiemmin aiheuttanut<\/a><\/p>\n<\/li>\n<li>\n<p>            <img loading=\"lazy\" decoding=\"async\" class=\"card__image awpo-lqip awpo-lazy\" width=\"2000\" height=\"1333\" src=\"https:\/\/www.europesays.com\/fi\/wp-content\/uploads\/2026\/01\/mvphotos-0873800399.jpg\"\/>                <a href=\"https:\/\/anna.fi\/kategoria\/ihmiset\" class=\"card__vignette\" rel=\"nofollow noopener\" target=\"_blank\"><br \/>\n            Ihmiset          <\/a><\/p>\n<p>      <a href=\"https:\/\/anna.fi\/ihmiset\/prinsessa-ingrid-alexandra\" class=\"card__link-overlay\" rel=\"nofollow noopener\" target=\"_blank\">Prinsessa Ingrid Alexandran kasvatus n\u00e4rk\u00e4stytti aikoinaan Norjassa \u2013 on silti yksi paikka, jossa tuleva kuningatarkaan ei saa erityiskohtelua<\/a><\/p>\n<\/li>\n<\/ol>\n","protected":false},"excerpt":{"rendered":"Prinsessat Beatrice ja Eugenie ovat olleet toistensa tukena, kun vanhemmat joutuivat myrskyn silm\u00e4\u00e4n. Vaikka maailma j\u00e4rkkyy, sisaret pit\u00e4v\u00e4t&hellip;\n","protected":false},"author":2,"featured_media":132064,"comment_status":"","ping_status":"","sticky":false,"template":"","format":"standard","meta":{"footnotes":""},"categories":[136],"tags":[407,137,33,31,30,4897,408,652,2084,32,109],"class_list":{"0":"post-132063","1":"post","2":"type-post","3":"status-publish","4":"format-standard","5":"has-post-thumbnail","7":"category-julkkikset","8":"tag-celebrities","9":"tag-entertainment","10":"tag-fi","11":"tag-finland","12":"tag-finnish","13":"tag-iso-britannia","14":"tag-julkkikset","15":"tag-kuninkaalliset","16":"tag-sisaruus","17":"tag-suomi","18":"tag-viihde"},"share_on_mastodon":{"url":"https:\/\/pubeurope.com\/@fi\/115828882465441307","error":""},"_links":{"self":[{"href":"https:\/\/www.europesays.com\/fi\/wp-json\/wp\/v2\/posts\/132063","targetHints":{"allow":["GET"]}}],"collection":[{"href":"https:\/\/www.europesays.com\/fi\/wp-json\/wp\/v2\/posts"}],"about":[{"href":"https:\/\/www.europesays.com\/fi\/wp-json\/wp\/v2\/types\/post"}],"author":[{"embeddable":true,"href":"https:\/\/www.europesays.com\/fi\/wp-json\/wp\/v2\/users\/2"}],"replies":[{"embeddable":true,"href":"https:\/\/www.europesays.com\/fi\/wp-json\/wp\/v2\/comments?post=132063"}],"version-history":[{"count":0,"href":"https:\/\/www.europesays.com\/fi\/wp-json\/wp\/v2\/posts\/132063\/revisions"}],"wp:featuredmedia":[{"embeddable":true,"href":"https:\/\/www.europesays.com\/fi\/wp-json\/wp\/v2\/media\/132064"}],"wp:attachment":[{"href":"https:\/\/www.europesays.com\/fi\/wp-json\/wp\/v2\/media?parent=132063"}],"wp:term":[{"taxonomy":"category","embeddable":true,"href":"https:\/\/www.europesays.com\/fi\/wp-json\/wp\/v2\/categories?post=132063"},{"taxonomy":"post_tag","embeddable":true,"href":"https:\/\/www.europesays.com\/fi\/wp-json\/wp\/v2\/tags?post=132063"}],"curies":[{"name":"wp","href":"https:\/\/api.w.org\/{rel}","templated":true}]}}