{"id":132077,"date":"2026-01-03T03:12:12","date_gmt":"2026-01-03T03:12:12","guid":{"rendered":"https:\/\/www.europesays.com\/fi\/132077\/"},"modified":"2026-01-03T03:12:12","modified_gmt":"2026-01-03T03:12:12","slug":"julkisuudesta-kadonnut-anna-kournikova-44-kertoi-ilouutisen","status":"publish","type":"post","link":"https:\/\/www.europesays.com\/fi\/132077\/","title":{"rendered":"Julkisuudesta kadonnut Anna Kournikova, 44, kertoi ilouutisen"},"content":{"rendered":"<p>Anna Kournikova ja Enrique Iglesias saivat nelj\u00e4nnen lapsen.<\/p>\n<p><img decoding=\"async\" class=\"image image-show image-preview\" src=\"https:\/\/www.europesays.com\/fi\/wp-content\/uploads\/2026\/01\/bd3cf92bbbe53fd810a376ffe35ff17094fcd40b334e78ce3f9eb65aa3bd8267.jpg\" alt=\"\"\/><img decoding=\"async\" class=\"image image-show\" src=\"https:\/\/www.europesays.com\/fi\/wp-content\/uploads\/2026\/01\/1767409932_975_bd3cf92bbbe53fd810a376ffe35ff17094fcd40b334e78ce3f9eb65aa3bd8267.jpg\" alt=\"\"\/><\/p>\n<p>Anna Kournikova synnytti nelj\u00e4nnen lapsensa. AOP<\/p>\n<p class=\"paragraph\">Entinen tennist\u00e4hti <strong>Anna Kournikova<\/strong> ja espanjalaismuusikko <strong>Enrique Iglesias<\/strong> ovat saaneet perheeseens\u00e4 uuden j\u00e4senen.<\/p>\n<p class=\"paragraph\">Kournikova, 44, julkaisi sosiaalisessa mediassa kuvan vastasyntyneest\u00e4 lapsestaan ja kertoi vauvan syntyneen 17. joulukuuta.<\/p>\n<p class=\"paragraph\">Lapsen sukupuolta h\u00e4n ei paljastanut. Iglesiasilla ja Kournikovalla on entuudestaan kolme lasta: 7-vuotiaat kaksoset <strong>Lucy<\/strong> ja <strong>Nicholas <\/strong>sek\u00e4 5-vuotias tytt\u00f6 <strong>Mary<\/strong>.<\/p>\n<p class=\"paragraph\">Kaksikko on ollut yhdess\u00e4 vuodesta 2001.<\/p>\n<p class=\"paragraph\">Kournikova on pysytellyt jo vuosikaudet poissa julkisuudesta, mutta viime tammikuussa naisesta levisi huolestuttavia kuvia, kun h\u00e4nt\u00e4 k\u00e4rr\u00e4ttiin py\u00f6r\u00e4tuolilla. Kuvien perusteella Kournikovan jalassa oli jykev\u00e4 tukilasta tai -kenk\u00e4.<\/p>\n<p class=\"paragraph\">Kournikova joutui lopettamaan uransa jo 21-vuotiaana loukkaantumismurheiden vuoksi. Ven\u00e4l\u00e4inen ylsi parhaimmillaan kaksinpelin maailmanlistalla kahdeksanneksi.<\/p>\n<p>Enrique Iglesias ja Anna Kournikova vuonna 2013. ZumaWire \/ MVphotos<\/p>\n","protected":false},"excerpt":{"rendered":"Anna Kournikova ja Enrique Iglesias saivat nelj\u00e4nnen lapsen. Anna Kournikova synnytti nelj\u00e4nnen lapsensa. AOP Entinen tennist\u00e4hti Anna Kournikova&hellip;\n","protected":false},"author":2,"featured_media":132078,"comment_status":"","ping_status":"","sticky":false,"template":"","format":"standard","meta":{"footnotes":""},"categories":[136],"tags":[35,407,137,33,31,30,101,408,100,41,98,103,32,109],"class_list":{"0":"post-132077","1":"post","2":"type-post","3":"status-publish","4":"format-standard","5":"has-post-thumbnail","7":"category-julkkikset","8":"tag-24h","9":"tag-celebrities","10":"tag-entertainment","11":"tag-fi","12":"tag-finland","13":"tag-finnish","14":"tag-ihmissuhteet","15":"tag-julkkikset","16":"tag-lapset-ja-nuoret","17":"tag-liikunta-ja-urheilu","18":"tag-perhe","19":"tag-sosiaalikysymykset","20":"tag-suomi","21":"tag-viihde"},"share_on_mastodon":{"url":"https:\/\/pubeurope.com\/@fi\/115828984563186951","error":""},"_links":{"self":[{"href":"https:\/\/www.europesays.com\/fi\/wp-json\/wp\/v2\/posts\/132077","targetHints":{"allow":["GET"]}}],"collection":[{"href":"https:\/\/www.europesays.com\/fi\/wp-json\/wp\/v2\/posts"}],"about":[{"href":"https:\/\/www.europesays.com\/fi\/wp-json\/wp\/v2\/types\/post"}],"author":[{"embeddable":true,"href":"https:\/\/www.europesays.com\/fi\/wp-json\/wp\/v2\/users\/2"}],"replies":[{"embeddable":true,"href":"https:\/\/www.europesays.com\/fi\/wp-json\/wp\/v2\/comments?post=132077"}],"version-history":[{"count":0,"href":"https:\/\/www.europesays.com\/fi\/wp-json\/wp\/v2\/posts\/132077\/revisions"}],"wp:featuredmedia":[{"embeddable":true,"href":"https:\/\/www.europesays.com\/fi\/wp-json\/wp\/v2\/media\/132078"}],"wp:attachment":[{"href":"https:\/\/www.europesays.com\/fi\/wp-json\/wp\/v2\/media?parent=132077"}],"wp:term":[{"taxonomy":"category","embeddable":true,"href":"https:\/\/www.europesays.com\/fi\/wp-json\/wp\/v2\/categories?post=132077"},{"taxonomy":"post_tag","embeddable":true,"href":"https:\/\/www.europesays.com\/fi\/wp-json\/wp\/v2\/tags?post=132077"}],"curies":[{"name":"wp","href":"https:\/\/api.w.org\/{rel}","templated":true}]}}