{"id":132101,"date":"2026-01-03T03:51:09","date_gmt":"2026-01-03T03:51:09","guid":{"rendered":"https:\/\/www.europesays.com\/fi\/132101\/"},"modified":"2026-01-03T03:51:09","modified_gmt":"2026-01-03T03:51:09","slug":"kuopio-keraa-kommentteja-palveluverkkosuunnitelmaan-koulujen-ja-paivakotien-osalta-savo","status":"publish","type":"post","link":"https:\/\/www.europesays.com\/fi\/132101\/","title":{"rendered":"Kuopio ker\u00e4\u00e4 kommentteja palveluverkkosuunnitelmaan koulujen ja p\u00e4iv\u00e4kotien osalta | Savo"},"content":{"rendered":"<p>Kuopion kaupunki ker\u00e4\u00e4 kuntalaisilta mielipiteit\u00e4 ja kommentteja p\u00e4iv\u00e4koteja ja kouluja koskevaan palveluverkkosuunnitelmaan liittyen. Kaupunginhallitus p\u00e4\u00e4tti viime joulukuussa palauttavansa palveluverkkosuunnitelman joiltakin osin uudelleen valmisteluun, ja nyt mielipiteiden ker\u00e4ys on alkanut.<\/p>\n<p>Kaupunki j\u00e4rjest\u00e4\u00e4 avoimen kuntalaistilaisuuden torstaina 15. tammikuuta kello 18 Py\u00f6r\u00f6n koulun auditoriossa osoitteessa Blominkatu 2.<\/p>\n<p>Lis\u00e4ksi mielipiteet ja kommentit voi j\u00e4tt\u00e4\u00e4 s\u00e4hk\u00f6isen kyselyn kautta. Kysely l\u00f6ytyy <a href=\"https:\/\/forms.office.com\/Pages\/ResponsePage.aspx?id=fiNs7OqIw0yU71lbJ6jr-YYhUNxbsrxAnCVY4nHYlYRUNVlEWlMxTVJVQTNYOTdUSllCQkM3UEpDTS4u\" rel=\"nofollow noopener\" target=\"_blank\">t\u00e4\u00e4lt\u00e4<\/a>. Kysely on avoinna 16. tammikuuta asti.<\/p>\n<p>Halutessaan kommentteja voi toimittaa my\u00f6s s\u00e4hk\u00f6postitse Kuopion kaupungin kirjaamoon 16. tammikuuta asti.<\/p>\n<p><strong class=\"diks-storyline__impact\">Lis\u00e4selvityspyynt\u00f6 koskee<\/strong> p\u00e4iv\u00e4koteja, alakouluja ja yl\u00e4kouluja. P\u00e4iv\u00e4kotien osalta lis\u00e4selvityksess\u00e4 on kaksi osaa. Ensimm\u00e4isess\u00e4 selvitet\u00e4\u00e4n skenaario, jossa Muuruveden p\u00e4iv\u00e4koti s\u00e4ilyy palveluverkossa ja kaupunki toteuttaa investoinnin p\u00e4iv\u00e4kotikiinteist\u00f6n jatkumiseksi, vaikka koulurakennus purettaisiin. Toisessa Vehkalammin yksik\u00f6n osalta tehd\u00e4\u00e4n tarkempi selvitys yksik\u00f6n ennustetusta lapsim\u00e4\u00e4r\u00e4st\u00e4 ja tehd\u00e4\u00e4n skenaariot, jossa yksik\u00f6n toiminta jatkuu, lakkaa, tai palvelu alueelle j\u00e4rjestet\u00e4\u00e4n perhep\u00e4iv\u00e4hoitona.<\/p>\n<p><strong class=\"diks-storyline__impact\">Alakoulujen osalta<\/strong> selvitet\u00e4\u00e4n nelj\u00e4 skenaariota. Ensimm\u00e4isess\u00e4 S\u00e4rkiniemeen rakennetaan uusi p\u00e4iv\u00e4kodin ja koulun sis\u00e4lt\u00e4v\u00e4 monitoimitalo. Toisessa muodostetaan Juankosken yhten\u00e4iskoulu niin, ett\u00e4 Juantehtaan koulun kiinteist\u00f6 poistuu k\u00e4yt\u00f6st\u00e4 ja 1\u20136 luokat siirtyv\u00e4t Juankosken kouluun. Kolmannessa Muuruveden koulua ei peruskorjata, vaan se lakkaa elokuussa 2027 tai my\u00f6hemmin, jos oppilaat eiv\u00e4t tuolloin viel\u00e4 mahtuisi Juankosken yhten\u00e4iskouluun. Nelj\u00e4nness\u00e4 etel\u00e4isen maaseudun, eli k\u00e4yt\u00e4nn\u00f6ss\u00e4 Vehmasm\u00e4en ja Kurkim\u00e4en ratkaisusta tehd\u00e4\u00e4n tarkempi selvitys esimerkiksi eri vaihtoehtojen kustannuksista.<\/p>\n<p><strong class=\"diks-storyline__impact\">Lis\u00e4ksi palveluverkkosuunnitelmaan<\/strong> valmistellaan yl\u00e4koulujen osalta uusi viiden yl\u00e4koulun skenaario. Skenaario sis\u00e4lt\u00e4\u00e4 tarkemman selvityksen investointien j\u00e4rjestyksest\u00e4 ja aikataulusta sek\u00e4 tarkemmat mitoitukset uudisrakennuskohteiden osalta. Lis\u00e4ksi skeraario pit\u00e4\u00e4 sis\u00e4lt\u00e4\u00e4n Minna Canthin koulun, Puijonsarven yhten\u00e4iskoulun, Hatsalan klassillisen koulun, Etel\u00e4-Kuopion yl\u00e4koulun rakentamisen Hiltulanlahteen sek\u00e4 Lippum\u00e4en yl\u00e4koulun rakentamisen.<\/p>\n<p><strong class=\"diks-storyline__impact\">Etel\u00e4-Kuopion yl\u00e4koulun<\/strong> yhteydess\u00e4 selvitett\u00e4isiin, onko Von Wrightin koulun oppilaiden yl\u00e4koulu keskustassa vai Hiltulanlahdessa. Lippum\u00e4en yl\u00e4koulun suhteen puolestaan tarkastellaan Yl\u00e4-Py\u00f6r\u00f6n peruskorjaus ja laajennus vaihtoehtona Lippum\u00e4en koulun rakentamiselle, sek\u00e4 tarkastelu tarpeesta k\u00e4ytt\u00e4\u00e4 Jynk\u00e4nlahden yl\u00e4koulua tai Neulam\u00e4en yl\u00e4luokkia siirtym\u00e4ajalla.<\/p>\n<p>\t\t\t\t\t<img class=\"diks-card__image\" src=\"https:\/\/www.europesays.com\/fi\/wp-content\/uploads\/2026\/01\/11088634.jpg\"   loading=\"lazy\" decoding=\"sync\" alt=\"\"\/><\/p>\n<p>\t\t\t\t\t<img class=\"diks-card__image\" src=\"https:\/\/www.europesays.com\/fi\/wp-content\/uploads\/2025\/12\/11090860.jpg\"   loading=\"lazy\" decoding=\"sync\" alt=\"\"\/><\/p>\n","protected":false},"excerpt":{"rendered":"Kuopion kaupunki ker\u00e4\u00e4 kuntalaisilta mielipiteit\u00e4 ja kommentteja p\u00e4iv\u00e4koteja ja kouluja koskevaan palveluverkkosuunnitelmaan liittyen. Kaupunginhallitus p\u00e4\u00e4tti viime joulukuussa palauttavansa&hellip;\n","protected":false},"author":2,"featured_media":132102,"comment_status":"","ping_status":"","sticky":false,"template":"","format":"standard","meta":{"footnotes":""},"categories":[12],"tags":[22,23,26,27,33,31,30,17,615,96,757,1132,4162,100,24,25,28,29,15,18,21,402,32,19,20,16],"class_list":{"0":"post-132101","1":"post","2":"type-post","3":"status-publish","4":"format-standard","5":"has-post-thumbnail","7":"category-suomi","8":"tag-breaking-news","9":"tag-breakingnews","10":"tag-featured-news","11":"tag-featurednews","12":"tag-fi","13":"tag-finland","14":"tag-finnish","15":"tag-headlines","16":"tag-koulut","17":"tag-koulutus","18":"tag-koulutus-ja-kasvatus","19":"tag-kuopio","20":"tag-kuopion-kaupunki","21":"tag-lapset-ja-nuoret","22":"tag-latest-news","23":"tag-latestnews","24":"tag-main-news","25":"tag-mainnews","26":"tag-news","27":"tag-otsikot","28":"tag-paauutiset","29":"tag-rakentaminen-kiinteistot","30":"tag-suomi","31":"tag-top-stories","32":"tag-topstories","33":"tag-uutiset"},"share_on_mastodon":{"url":"https:\/\/pubeurope.com\/@fi\/115829137990908034","error":""},"_links":{"self":[{"href":"https:\/\/www.europesays.com\/fi\/wp-json\/wp\/v2\/posts\/132101","targetHints":{"allow":["GET"]}}],"collection":[{"href":"https:\/\/www.europesays.com\/fi\/wp-json\/wp\/v2\/posts"}],"about":[{"href":"https:\/\/www.europesays.com\/fi\/wp-json\/wp\/v2\/types\/post"}],"author":[{"embeddable":true,"href":"https:\/\/www.europesays.com\/fi\/wp-json\/wp\/v2\/users\/2"}],"replies":[{"embeddable":true,"href":"https:\/\/www.europesays.com\/fi\/wp-json\/wp\/v2\/comments?post=132101"}],"version-history":[{"count":0,"href":"https:\/\/www.europesays.com\/fi\/wp-json\/wp\/v2\/posts\/132101\/revisions"}],"wp:featuredmedia":[{"embeddable":true,"href":"https:\/\/www.europesays.com\/fi\/wp-json\/wp\/v2\/media\/132102"}],"wp:attachment":[{"href":"https:\/\/www.europesays.com\/fi\/wp-json\/wp\/v2\/media?parent=132101"}],"wp:term":[{"taxonomy":"category","embeddable":true,"href":"https:\/\/www.europesays.com\/fi\/wp-json\/wp\/v2\/categories?post=132101"},{"taxonomy":"post_tag","embeddable":true,"href":"https:\/\/www.europesays.com\/fi\/wp-json\/wp\/v2\/tags?post=132101"}],"curies":[{"name":"wp","href":"https:\/\/api.w.org\/{rel}","templated":true}]}}