{"id":132108,"date":"2026-01-03T04:12:06","date_gmt":"2026-01-03T04:12:06","guid":{"rendered":"https:\/\/www.europesays.com\/fi\/132108\/"},"modified":"2026-01-03T04:12:06","modified_gmt":"2026-01-03T04:12:06","slug":"meidan-juttu-saarijarven-puhallinorkesteri-juhli-40-vuotista-taivaltaan-keski-suomi","status":"publish","type":"post","link":"https:\/\/www.europesays.com\/fi\/132108\/","title":{"rendered":"Meid\u00e4n juttu | Saarij\u00e4rven Puhallinorkesteri juhli 40-vuotista taivaltaan | Keski-Suomi"},"content":{"rendered":"<p>Saarij\u00e4rven Puhallinorkesteri (SPO ry) vietti 40-vuotisjuhlaansa Saarij\u00e4rven kaupungin itsen\u00e4isyysp\u00e4iv\u00e4juhlan yhteydess\u00e4. SPO:n juuret ylt\u00e4v\u00e4t 1800-luvun loppupuolelle, mutta virallisemmin toiminta alkoi v\u00e4h\u00e4n yli 50 vuotta sitten kansalaisopiston puhallinpiirin\u00e4.<\/p>\n<p>T\u00e4ll\u00e4 hetkell\u00e4 puhallinorkesterin riveiss\u00e4 on toistakymment\u00e4 vakisoittajaa. Perinteisen puhallinmusiikin lis\u00e4ksi orkesterilla on uusia sovituksia my\u00f6s kevyemm\u00e4n ja viihdemusiikin alalta. Virke\u00e4\u00e4 orkesteria johtaa Markku Korpela.<\/p>\n<p>Vuosijuhlan yhteydess\u00e4 orkesteri nimitti Vesa-Matti Laaksosen SPO:n kunniaj\u00e4seneksi. H\u00e4n on vuosien varrella kiitett\u00e4v\u00e4ll\u00e4 tavalla tukenut orkesterin toimintaa ja my\u00f6s monipuolisena muusikkona osallistunut orkesterin esiintymisiin.<\/p>\n","protected":false},"excerpt":{"rendered":"Saarij\u00e4rven Puhallinorkesteri (SPO ry) vietti 40-vuotisjuhlaansa Saarij\u00e4rven kaupungin itsen\u00e4isyysp\u00e4iv\u00e4juhlan yhteydess\u00e4. SPO:n juuret ylt\u00e4v\u00e4t 1800-luvun loppupuolelle, mutta virallisemmin toiminta&hellip;\n","protected":false},"author":2,"featured_media":132109,"comment_status":"","ping_status":"","sticky":false,"template":"","format":"standard","meta":{"footnotes":""},"categories":[130],"tags":[137,33,31,30,23317,47,3018,21074,590,10894,32,484,109],"class_list":{"0":"post-132108","1":"post","2":"type-post","3":"status-publish","4":"format-standard","5":"has-post-thumbnail","7":"category-viihde","8":"tag-entertainment","9":"tag-fi","10":"tag-finland","11":"tag-finnish","12":"tag-meidan-juttu","13":"tag-musiikki","14":"tag-muusikko","15":"tag-saarijarven-kaupunki","16":"tag-saarijarven-viitasaaren-seutukunta","17":"tag-saarijarvi","18":"tag-suomi","19":"tag-taiteellinen-ilmaisu-ja-mediat","20":"tag-viihde"},"share_on_mastodon":{"url":"https:\/\/pubeurope.com\/@fi\/115829220508002069","error":""},"_links":{"self":[{"href":"https:\/\/www.europesays.com\/fi\/wp-json\/wp\/v2\/posts\/132108","targetHints":{"allow":["GET"]}}],"collection":[{"href":"https:\/\/www.europesays.com\/fi\/wp-json\/wp\/v2\/posts"}],"about":[{"href":"https:\/\/www.europesays.com\/fi\/wp-json\/wp\/v2\/types\/post"}],"author":[{"embeddable":true,"href":"https:\/\/www.europesays.com\/fi\/wp-json\/wp\/v2\/users\/2"}],"replies":[{"embeddable":true,"href":"https:\/\/www.europesays.com\/fi\/wp-json\/wp\/v2\/comments?post=132108"}],"version-history":[{"count":0,"href":"https:\/\/www.europesays.com\/fi\/wp-json\/wp\/v2\/posts\/132108\/revisions"}],"wp:featuredmedia":[{"embeddable":true,"href":"https:\/\/www.europesays.com\/fi\/wp-json\/wp\/v2\/media\/132109"}],"wp:attachment":[{"href":"https:\/\/www.europesays.com\/fi\/wp-json\/wp\/v2\/media?parent=132108"}],"wp:term":[{"taxonomy":"category","embeddable":true,"href":"https:\/\/www.europesays.com\/fi\/wp-json\/wp\/v2\/categories?post=132108"},{"taxonomy":"post_tag","embeddable":true,"href":"https:\/\/www.europesays.com\/fi\/wp-json\/wp\/v2\/tags?post=132108"}],"curies":[{"name":"wp","href":"https:\/\/api.w.org\/{rel}","templated":true}]}}