{"id":132113,"date":"2026-01-03T04:17:07","date_gmt":"2026-01-03T04:17:07","guid":{"rendered":"https:\/\/www.europesays.com\/fi\/132113\/"},"modified":"2026-01-03T04:17:07","modified_gmt":"2026-01-03T04:17:07","slug":"eihan-tampereella-saa-tallaista-ongelmaa-olla","status":"publish","type":"post","link":"https:\/\/www.europesays.com\/fi\/132113\/","title":{"rendered":"\u201dEih\u00e4n Tampereella saa t\u00e4llaista ongelmaa olla\u201d"},"content":{"rendered":"<p>Harjoittelupaikkojen saaminen on ollut viime aikoina haastavaa monilla aloilla. Tampereella it-alan opiskelijoille on j\u00e4rjestetty harjoittelumahdollisuuksia paikallisen yrityksen kanssa.<\/p>\n<p class=\"article-body mb-nof-24 px-nof-16\">Aamulehti<\/p>\n<p class=\"article-body mb-nof-24 px-nof-16\">\u201dOlen kuullut opiskelijoilta, ett\u00e4 moni on hakenut yli sataan paikkaan eik\u00e4 ole t\u00e4rp\u00e4nnyt. Ehk\u00e4 yhdess\u00e4 tai kahdessa haastattelussa ovat k\u00e4yneet\u201d, kertoo Tampereen ammattikorkeakoulun (Tamk) tietojenk\u00e4sittelyn tutkintovastaava <a class=\"font-bold underline-offset-[0.12em] [text-decoration:var(--person-link-text-decoration)] ![text-decoration-color:var(--person-link-text-decoration-color)]\" href=\"https:\/\/www.aamulehti.fi\/haku\/?query=Toni%20M%C3%A4nnist%C3%B6.\" rel=\"nofollow noopener\" target=\"_blank\">Toni M\u00e4nnist\u00f6.<\/a><\/p>\n","protected":false},"excerpt":{"rendered":"Harjoittelupaikkojen saaminen on ollut viime aikoina haastavaa monilla aloilla. Tampereella it-alan opiskelijoille on j\u00e4rjestetty harjoittelumahdollisuuksia paikallisen yrityksen kanssa.&hellip;\n","protected":false},"author":2,"featured_media":132114,"comment_status":"","ping_status":"","sticky":false,"template":"","format":"standard","meta":{"footnotes":""},"categories":[12],"tags":[157,22,23,26,27,33,31,30,17,24,25,28,29,15,18,21,32,19,20,16],"class_list":{"0":"post-132113","1":"post","2":"type-post","3":"status-publish","4":"format-standard","5":"has-post-thumbnail","7":"category-suomi","8":"tag-aamulehti","9":"tag-breaking-news","10":"tag-breakingnews","11":"tag-featured-news","12":"tag-featurednews","13":"tag-fi","14":"tag-finland","15":"tag-finnish","16":"tag-headlines","17":"tag-latest-news","18":"tag-latestnews","19":"tag-main-news","20":"tag-mainnews","21":"tag-news","22":"tag-otsikot","23":"tag-paauutiset","24":"tag-suomi","25":"tag-top-stories","26":"tag-topstories","27":"tag-uutiset"},"share_on_mastodon":{"url":"https:\/\/pubeurope.com\/@fi\/115829240189525369","error":""},"_links":{"self":[{"href":"https:\/\/www.europesays.com\/fi\/wp-json\/wp\/v2\/posts\/132113","targetHints":{"allow":["GET"]}}],"collection":[{"href":"https:\/\/www.europesays.com\/fi\/wp-json\/wp\/v2\/posts"}],"about":[{"href":"https:\/\/www.europesays.com\/fi\/wp-json\/wp\/v2\/types\/post"}],"author":[{"embeddable":true,"href":"https:\/\/www.europesays.com\/fi\/wp-json\/wp\/v2\/users\/2"}],"replies":[{"embeddable":true,"href":"https:\/\/www.europesays.com\/fi\/wp-json\/wp\/v2\/comments?post=132113"}],"version-history":[{"count":0,"href":"https:\/\/www.europesays.com\/fi\/wp-json\/wp\/v2\/posts\/132113\/revisions"}],"wp:featuredmedia":[{"embeddable":true,"href":"https:\/\/www.europesays.com\/fi\/wp-json\/wp\/v2\/media\/132114"}],"wp:attachment":[{"href":"https:\/\/www.europesays.com\/fi\/wp-json\/wp\/v2\/media?parent=132113"}],"wp:term":[{"taxonomy":"category","embeddable":true,"href":"https:\/\/www.europesays.com\/fi\/wp-json\/wp\/v2\/categories?post=132113"},{"taxonomy":"post_tag","embeddable":true,"href":"https:\/\/www.europesays.com\/fi\/wp-json\/wp\/v2\/tags?post=132113"}],"curies":[{"name":"wp","href":"https:\/\/api.w.org\/{rel}","templated":true}]}}