{"id":132125,"date":"2026-01-03T04:43:07","date_gmt":"2026-01-03T04:43:07","guid":{"rendered":"https:\/\/www.europesays.com\/fi\/132125\/"},"modified":"2026-01-03T04:43:07","modified_gmt":"2026-01-03T04:43:07","slug":"hairitseeko-julkisella-paikalla-itkeva-lapsi-taman-se-saattaa-kertoa-sinusta-savo","status":"publish","type":"post","link":"https:\/\/www.europesays.com\/fi\/132125\/","title":{"rendered":"H\u00e4iritseek\u00f6 julkisella paikalla itkev\u00e4 lapsi? T\u00e4m\u00e4n se saattaa kertoa sinusta | Savo"},"content":{"rendered":"<p>Vanhemmat ovat saaneet ik\u00e4vi\u00e4 kommentteja esimerkiksi lapsen itkusta julkisella paikalla. Psykologi kertoo t\u00e4ss\u00e4 jutussa, mit\u00e4 se saattaa kertoa kommenttien sanojasta ja neuvoo, miten lapsen itkun her\u00e4tt\u00e4m\u00e4\u00e4n tunteeseen kannattaisi reagoida. Lukijat my\u00f6s kertoivat lukijakyselyss\u00e4 mielipiteens\u00e4 siit\u00e4, kuuluvatko lapset kaikkiin julkisiin tiloihin.<\/p>\n<p>\u2013\u2009Kun olen imett\u00e4nyt vauvaa julkisella paikalla, olen saanut \u00e4rtyneit\u00e4 tai kiusaantuneita katseita. Vaikka sen tekisi harson suojassa v\u00e4h\u00e4eleisesti. Voi olla painetta siihen, ett\u00e4 pit\u00e4isi menn\u00e4 imett\u00e4m\u00e4\u00e4n jonnekin piiloon vessan korituoliin. Ihan kuin julkinen vauvan imett\u00e4minen olisi edelleen tabu, sanoo siilinj\u00e4rvel\u00e4inen, haastatteluhetkell\u00e4 pian kolmannen lapsensa saava <strong>Ulla Santti<\/strong>.<\/p>\n","protected":false},"excerpt":{"rendered":"Vanhemmat ovat saaneet ik\u00e4vi\u00e4 kommentteja esimerkiksi lapsen itkusta julkisella paikalla. Psykologi kertoo t\u00e4ss\u00e4 jutussa, mit\u00e4 se saattaa kertoa&hellip;\n","protected":false},"author":2,"featured_media":132126,"comment_status":"","ping_status":"","sticky":false,"template":"","format":"standard","meta":{"footnotes":""},"categories":[12],"tags":[22,23,26,27,33,31,30,17,3340,19340,1132,99,24,25,28,29,15,18,21,98,13251,3819,32,19,20,16],"class_list":{"0":"post-132125","1":"post","2":"type-post","3":"status-publish","4":"format-standard","5":"has-post-thumbnail","7":"category-suomi","8":"tag-breaking-news","9":"tag-breakingnews","10":"tag-featured-news","11":"tag-featurednews","12":"tag-fi","13":"tag-finland","14":"tag-finnish","15":"tag-headlines","16":"tag-imetys","17":"tag-imetys-ja-ruoka","18":"tag-kuopio","19":"tag-lapset","20":"tag-latest-news","21":"tag-latestnews","22":"tag-main-news","23":"tag-mainnews","24":"tag-news","25":"tag-otsikot","26":"tag-paauutiset","27":"tag-perhe","28":"tag-siilinjarven-kunta","29":"tag-siilinjarvi","30":"tag-suomi","31":"tag-top-stories","32":"tag-topstories","33":"tag-uutiset"},"share_on_mastodon":{"url":"https:\/\/pubeurope.com\/@fi\/115829342419214430","error":""},"_links":{"self":[{"href":"https:\/\/www.europesays.com\/fi\/wp-json\/wp\/v2\/posts\/132125","targetHints":{"allow":["GET"]}}],"collection":[{"href":"https:\/\/www.europesays.com\/fi\/wp-json\/wp\/v2\/posts"}],"about":[{"href":"https:\/\/www.europesays.com\/fi\/wp-json\/wp\/v2\/types\/post"}],"author":[{"embeddable":true,"href":"https:\/\/www.europesays.com\/fi\/wp-json\/wp\/v2\/users\/2"}],"replies":[{"embeddable":true,"href":"https:\/\/www.europesays.com\/fi\/wp-json\/wp\/v2\/comments?post=132125"}],"version-history":[{"count":0,"href":"https:\/\/www.europesays.com\/fi\/wp-json\/wp\/v2\/posts\/132125\/revisions"}],"wp:featuredmedia":[{"embeddable":true,"href":"https:\/\/www.europesays.com\/fi\/wp-json\/wp\/v2\/media\/132126"}],"wp:attachment":[{"href":"https:\/\/www.europesays.com\/fi\/wp-json\/wp\/v2\/media?parent=132125"}],"wp:term":[{"taxonomy":"category","embeddable":true,"href":"https:\/\/www.europesays.com\/fi\/wp-json\/wp\/v2\/categories?post=132125"},{"taxonomy":"post_tag","embeddable":true,"href":"https:\/\/www.europesays.com\/fi\/wp-json\/wp\/v2\/tags?post=132125"}],"curies":[{"name":"wp","href":"https:\/\/api.w.org\/{rel}","templated":true}]}}