{"id":132135,"date":"2026-01-03T05:07:07","date_gmt":"2026-01-03T05:07:07","guid":{"rendered":"https:\/\/www.europesays.com\/fi\/132135\/"},"modified":"2026-01-03T05:07:07","modified_gmt":"2026-01-03T05:07:07","slug":"olkiluoto-2-tuottaa-taas-sahkoa-uutisia-lyhyesti-2","status":"publish","type":"post","link":"https:\/\/www.europesays.com\/fi\/132135\/","title":{"rendered":"Olkiluoto 2 tuottaa taas s\u00e4hk\u00f6\u00e4 | Uutisia lyhyesti"},"content":{"rendered":"<p class=\"aw-1gybjub aw-5vja16 kEtdKx kmuxyA yle__article__paragraph\">Voimalan s\u00e4hk\u00f6tuotanto keskeytyi eilen perjantaina teknisen vian takia. Katko kesti l\u00e4hes 18 tuntia.<\/p>\n<p><img decoding=\"async\" alt=\"Olkiluodon ydivoimala-alue talvella.\" src=\"https:\/\/www.europesays.com\/fi\/wp-content\/uploads\/2026\/01\/1767416827_659_39-10848306410364dee9df.jpeg\" class=\"aw-1l9m598 hKVVvP\"\/><\/p>\n<p>Avaa kuvien katselu<\/p>\n<p>S\u00e4hk\u00f6ntuotanto Olkiluoto 2:ssa keskeytyi perjantaina. Syyn\u00e4 oli ohjelmistop\u00e4ivityksen aikana ilmennyt tekninen vika. Kuva: Antti Haanp\u00e4\u00e4 \/ Yle<\/p>\n<p class=\"aw-1gybjub aw-1p7kakr kEtdKx cEmitX yle__article__paragraph\">Olkiluoto 2 -ydinvoimala on palautettu takaisin s\u00e4hk\u00f6ntuotantoon, kertoo <a class=\"aw-iao6s4 iHOxEa yle__article__link\" href=\"https:\/\/www.tvo.fi\/ajankohtaista\/tiedotteetporssitiedotteet\/2026\/5281287.html\" role=\"link\" rel=\"nofollow noopener\" target=\"_blank\">Teollisuuden voima (TVO)<\/a>.<\/p>\n<p class=\"aw-1gybjub aw-1p7kakr kEtdKx cEmitX yle__article__paragraph\">Voimalan s\u00e4hk\u00f6ntuotanto keskeytyi <a class=\"aw-iao6s4 iHOxEa yle__article__link\" href=\"https:\/\/yle.fi\/a\/74-20202310\" role=\"link\" rel=\"nofollow noopener\" target=\"_blank\">eilen perjantaina<\/a> teknisen vian takia. TVO:n mukaan voimalassa p\u00e4ivitettiin reaktorin tehons\u00e4\u00e4t\u00f6j\u00e4rjestelm\u00e4n ohjelmistoa, mink\u00e4 yhteydess\u00e4 tapahtui vikatilanne ja reaktoripikasulku.<\/p>\n<p class=\"aw-1gybjub aw-1p7kakr kEtdKx cEmitX yle__article__paragraph\">Pikasulussa ydinreaktio pys\u00e4htyy automaattisesti, ja s\u00e4hk\u00f6ntuotanto keskeytyy. Se on turvallisuustoiminto, ja tilanteessa laitos toimi TVO:n mukaan suunnitellusti.<\/p>\n<p class=\"aw-1gybjub aw-1p7kakr kEtdKx cEmitX yle__article__paragraph\">S\u00e4hk\u00f6ntuotanto Olkiluoto 2:ssa jatkui lauantaina kello 4.45. Tuotantokatkos kesti l\u00e4hes 18 tuntia. TVO:n mukaan tehonnosto kest\u00e4\u00e4 s\u00e4hk\u00f6ntuotantoon palaamisen j\u00e4lkeen viel\u00e4 noin 10 tuntia.<\/p>\n","protected":false},"excerpt":{"rendered":"Voimalan s\u00e4hk\u00f6tuotanto keskeytyi eilen perjantaina teknisen vian takia. Katko kesti l\u00e4hes 18 tuntia. Avaa kuvien katselu S\u00e4hk\u00f6ntuotanto Olkiluoto&hellip;\n","protected":false},"author":2,"featured_media":132122,"comment_status":"","ping_status":"","sticky":false,"template":"","format":"standard","meta":{"footnotes":""},"categories":[76],"tags":[79,77,2038,33,31,30,71,17289,968,32,78],"class_list":{"0":"post-132135","1":"post","2":"type-post","3":"status-publish","4":"format-standard","5":"has-post-thumbnail","7":"category-talous","8":"tag-business","9":"tag-economy","10":"tag-energia","11":"tag-fi","12":"tag-finland","13":"tag-finnish","14":"tag-kotimaa","15":"tag-olkiluoto","16":"tag-satakunta","17":"tag-suomi","18":"tag-talous"},"share_on_mastodon":{"url":"https:\/\/pubeurope.com\/@fi\/115829436790684614","error":""},"_links":{"self":[{"href":"https:\/\/www.europesays.com\/fi\/wp-json\/wp\/v2\/posts\/132135","targetHints":{"allow":["GET"]}}],"collection":[{"href":"https:\/\/www.europesays.com\/fi\/wp-json\/wp\/v2\/posts"}],"about":[{"href":"https:\/\/www.europesays.com\/fi\/wp-json\/wp\/v2\/types\/post"}],"author":[{"embeddable":true,"href":"https:\/\/www.europesays.com\/fi\/wp-json\/wp\/v2\/users\/2"}],"replies":[{"embeddable":true,"href":"https:\/\/www.europesays.com\/fi\/wp-json\/wp\/v2\/comments?post=132135"}],"version-history":[{"count":0,"href":"https:\/\/www.europesays.com\/fi\/wp-json\/wp\/v2\/posts\/132135\/revisions"}],"wp:featuredmedia":[{"embeddable":true,"href":"https:\/\/www.europesays.com\/fi\/wp-json\/wp\/v2\/media\/132122"}],"wp:attachment":[{"href":"https:\/\/www.europesays.com\/fi\/wp-json\/wp\/v2\/media?parent=132135"}],"wp:term":[{"taxonomy":"category","embeddable":true,"href":"https:\/\/www.europesays.com\/fi\/wp-json\/wp\/v2\/categories?post=132135"},{"taxonomy":"post_tag","embeddable":true,"href":"https:\/\/www.europesays.com\/fi\/wp-json\/wp\/v2\/tags?post=132135"}],"curies":[{"name":"wp","href":"https:\/\/api.w.org\/{rel}","templated":true}]}}