{"id":132138,"date":"2026-01-03T05:09:07","date_gmt":"2026-01-03T05:09:07","guid":{"rendered":"https:\/\/www.europesays.com\/fi\/132138\/"},"modified":"2026-01-03T05:09:07","modified_gmt":"2026-01-03T05:09:07","slug":"kangasalla-vuosikymmenia-kaytossa-ollut-ajoreitti-suljettiin-kesalla-yllattaen-puomilla-nyt-sappiin-meni-viereinenkin-reitti","status":"publish","type":"post","link":"https:\/\/www.europesays.com\/fi\/132138\/","title":{"rendered":"Kangasalla vuosikymmeni\u00e4 k\u00e4yt\u00f6ss\u00e4 ollut ajoreitti suljettiin kes\u00e4ll\u00e4 yll\u00e4tt\u00e4en puomilla \u2013 Nyt s\u00e4ppiin meni viereinenkin reitti"},"content":{"rendered":"<p>Kangasalan keskustassa sijaitsevalta asuinalueelta on suljettu kaksi ajoreitti\u00e4 lyhyen ajan sis\u00e4ll\u00e4, eiv\u00e4tk\u00e4 kaikki asukkaat sulata p\u00e4\u00e4t\u00f6ksi\u00e4.<\/p>\n<p class=\"article-body mb-nof-24 px-nof-16\">Aamulehti<\/p>\n<p class=\"article-body mb-nof-24 px-nof-16\">Kangasalan keskustassa sijaitsevalla asuinalueella h\u00e4mm\u00e4styttiin viime vuoden toukokuussa, kun vuosikymmenien ajan k\u00e4yt\u00f6ss\u00e4 ollut ajoreitti Vesij\u00e4rventielt\u00e4 Urheilutielle suljettiin puomilla.<\/p>\n<p class=\"article-body mb-nof-24 px-nof-16\">Nyt kaupunki puuttui samalla asuinalueella sijaitsevan Ukintien liikenteeseen, jolle osa alueen liikenteest\u00e4 siirtyi sen j\u00e4lkeen, kun puomi ilmestyi Vesij\u00e4rventielle.<\/p>\n","protected":false},"excerpt":{"rendered":"Kangasalan keskustassa sijaitsevalta asuinalueelta on suljettu kaksi ajoreitti\u00e4 lyhyen ajan sis\u00e4ll\u00e4, eiv\u00e4tk\u00e4 kaikki asukkaat sulata p\u00e4\u00e4t\u00f6ksi\u00e4. Aamulehti Kangasalan&hellip;\n","protected":false},"author":2,"featured_media":132139,"comment_status":"","ping_status":"","sticky":false,"template":"","format":"standard","meta":{"footnotes":""},"categories":[12],"tags":[157,22,23,26,27,33,31,30,17,24,25,28,29,15,18,21,32,19,20,16],"class_list":{"0":"post-132138","1":"post","2":"type-post","3":"status-publish","4":"format-standard","5":"has-post-thumbnail","7":"category-suomi","8":"tag-aamulehti","9":"tag-breaking-news","10":"tag-breakingnews","11":"tag-featured-news","12":"tag-featurednews","13":"tag-fi","14":"tag-finland","15":"tag-finnish","16":"tag-headlines","17":"tag-latest-news","18":"tag-latestnews","19":"tag-main-news","20":"tag-mainnews","21":"tag-news","22":"tag-otsikot","23":"tag-paauutiset","24":"tag-suomi","25":"tag-top-stories","26":"tag-topstories","27":"tag-uutiset"},"share_on_mastodon":{"url":"https:\/\/pubeurope.com\/@fi\/115829444672916344","error":""},"_links":{"self":[{"href":"https:\/\/www.europesays.com\/fi\/wp-json\/wp\/v2\/posts\/132138","targetHints":{"allow":["GET"]}}],"collection":[{"href":"https:\/\/www.europesays.com\/fi\/wp-json\/wp\/v2\/posts"}],"about":[{"href":"https:\/\/www.europesays.com\/fi\/wp-json\/wp\/v2\/types\/post"}],"author":[{"embeddable":true,"href":"https:\/\/www.europesays.com\/fi\/wp-json\/wp\/v2\/users\/2"}],"replies":[{"embeddable":true,"href":"https:\/\/www.europesays.com\/fi\/wp-json\/wp\/v2\/comments?post=132138"}],"version-history":[{"count":0,"href":"https:\/\/www.europesays.com\/fi\/wp-json\/wp\/v2\/posts\/132138\/revisions"}],"wp:featuredmedia":[{"embeddable":true,"href":"https:\/\/www.europesays.com\/fi\/wp-json\/wp\/v2\/media\/132139"}],"wp:attachment":[{"href":"https:\/\/www.europesays.com\/fi\/wp-json\/wp\/v2\/media?parent=132138"}],"wp:term":[{"taxonomy":"category","embeddable":true,"href":"https:\/\/www.europesays.com\/fi\/wp-json\/wp\/v2\/categories?post=132138"},{"taxonomy":"post_tag","embeddable":true,"href":"https:\/\/www.europesays.com\/fi\/wp-json\/wp\/v2\/tags?post=132138"}],"curies":[{"name":"wp","href":"https:\/\/api.w.org\/{rel}","templated":true}]}}