{"id":132147,"date":"2026-01-03T05:30:15","date_gmt":"2026-01-03T05:30:15","guid":{"rendered":"https:\/\/www.europesays.com\/fi\/132147\/"},"modified":"2026-01-03T05:30:15","modified_gmt":"2026-01-03T05:30:15","slug":"tanaan-tvssa-ilkka-remeksen-kirjaan-perustuva-toimintaelokuva-vuodelta-2021-paaosassa-jasper-paakkonen","status":"publish","type":"post","link":"https:\/\/www.europesays.com\/fi\/132147\/","title":{"rendered":"T\u00e4n\u00e4\u00e4n tv:ss\u00e4: Ilkka Remeksen kirjaan perustuva toimintaelokuva vuodelta 2021 \u2013 P\u00e4\u00e4osassa Jasper P\u00e4\u00e4kk\u00f6nen"},"content":{"rendered":"<p>Vuonna 2021 valmistunut Omerta 6\/12 on isolla budjetilla tuotettu kotimainen elokuva, jossa on mukana my\u00f6s kansainv\u00e4lisi\u00e4 t\u00e4hti\u00e4.<\/p>\n<p><strong>Ilkka Remeksen<\/strong> kirjaan perustuvan Omerta 6\/12:n piti olla suomalaisen\u00a0toimintaelokuvan riemujuhlaa, mutta tuotannon taustalta paljastui pahoja ongelmia.<\/p>\n<p><strong>Aku Louhimies<\/strong> joutui hypp\u00e4\u00e4m\u00e4\u00e4n ohjaajaksi kesken tuotannon, kun <strong>Antti Jokinen<\/strong> j\u00e4i sairauslomalle. K\u00e4sikirjoitus pistettiin t\u00e4ysin uusiksi, ja samaan syssyyn luovuttiin my\u00f6s jatko-osasta.<\/p>\n<p>Aivan ensi-illan kynnyksell\u00e4 paljastui lis\u00e4ksi, ett\u00e4 ennen ohjaajanvaihdosta kuvauksissa oli sattunut lukuisia vaaratilanteita, joista osa liittyi rekvisiitta-aseiden k\u00e4ytt\u00f6\u00f6n.<\/p>\n<p><strong>Lue my\u00f6s: <\/strong><a href=\"https:\/\/www.episodi.fi\/uutiset\/varmistamaton-ase-vietiin-nayttelijan-ohimolle-kotimaisen-uutuuselokuvan-kuvauksissa-vaaratilanteita-kertoo-sk\/\" rel=\"nofollow noopener\" target=\"_blank\">\u201dVarmistamaton ase on viety n\u00e4yttelij\u00e4n ohimolle\u201d \u2013 Kotimaisen uutuuselokuvan kuvauksissa vaaratilanteita<\/a><\/p>\n<p>N\u00e4ist\u00e4 l\u00e4ht\u00f6kohdista ajatellen Omerta 6\/12 ei ole lainkaan huono elokuva. Siin\u00e4 on n\u00e4ytt\u00e4v\u00e4 visuaalinen ilme, p\u00e4tev\u00e4sti toteutettua toimintaa ja j\u00e4nnitt\u00e4v\u00e4 juoni.<\/p>\n<p>Louhimies ja muut elokuvan tekij\u00e4t ovat varmasti olleet isojen paineiden edess\u00e4. Se valitettavasti my\u00f6s n\u00e4kyy lopputuloksessa. Alkupuolella hypit\u00e4\u00e4n tapahtumapaikasta toiseen aivan liian nopeasti, ja katsojan on hankala hahmottaa, mist\u00e4 tarinassa oikein on kyse.<\/p>\n<p>Jos on lukenut Remeksen kirjan, on varmasti helpompi pysy\u00e4 k\u00e4rryill\u00e4, mutta ilman taustatietoja tarina on sekava. Elokuvasta tehtiin my\u00f6s neliosainen tv-sarjaversio, jossa tarinaa laajennettiin.<\/p>\n<p>P\u00e4\u00e4osaa esitt\u00e4\u00e4 <strong>Jasper P\u00e4\u00e4kk\u00f6nen. <\/strong>Laajaan n\u00e4yttelij\u00e4kaartiin kuuluvat my\u00f6s <strong>Nanna Blondell, Sverrir Gudnason, Cathy Belton, Pertti Sveholm, Joonas Saartamo, Laura Malmivaara, Wanda Dubiel, Robert Enckell, Nika Savolainen, Andrei Al\u00e9n, Kris Gummerus, Pekka Strang, Eero Milonoff, Dragomir Mrsic, Miodrag Stojanovic, Slaven Spanovic, Zijad Gracic, Michael Yare , M\u00e4rt Pius, Priit Pius, Mirtel Pohla<\/strong> ja<strong> Juhan Ulfsak.<\/strong><\/p>\n<p>Omerta 6\/12 esitet\u00e4\u00e4n MTV Avalla perjantaina 2.1.2026 klo 20.10. Katsottavissa my\u00f6s Viddlassa ja Cineastissa. Alla traileri.<\/p>\n<p><strong>Lue my\u00f6s:<\/strong> <a href=\"https:\/\/www.episodi.fi\/elokuvat\/omerta-6-12\/\" rel=\"nofollow noopener\" target=\"_blank\">Tuhosivatko tuotanto-ongelmat elokuvan mahdollisuudet? Ilman niit\u00e4 Omerta 6\/12 olisi voinut olla parempi elokuva<\/a><\/p>\n<p><img loading=\"lazy\" decoding=\"async\" alt=\"YouTube video\" width=\"480\" height=\"360\" data-pin-nopin=\"true\" nopin=\"nopin\" class=\"perfmatters-lazy\" src=\"https:\/\/www.europesays.com\/fi\/wp-content\/uploads\/2026\/01\/1767418215_794_hqdefault.jpg\"\/><\/p>\n<p>Lue my\u00f6s: <a href=\"https:\/\/www.episodi.fi\/uutiskirje\/?uutiskirjemainos=tekstilinkkimainos\" title=\"Tilaa Episodin uutiskirje ja voit voittaa leffalippuja! Nappaa tv-vinkit suoraan s\u00e4hk\u00f6postiin t\u00e4st\u00e4.\" class=\"underline-custom !font-montserrat !font-bold !underline-offset-4 !decoration-4 !decoration-episodi-blue !text-md\" rel=\"nofollow noopener\" target=\"_blank\">Tilaa Episodin uutiskirje ja voit voittaa leffalippuja! Nappaa katseluvinkit suoraan s\u00e4hk\u00f6postiin t\u00e4st\u00e4.<\/a><\/p>\n","protected":false},"excerpt":{"rendered":"Vuonna 2021 valmistunut Omerta 6\/12 on isolla budjetilla tuotettu kotimainen elokuva, jossa on mukana my\u00f6s kansainv\u00e4lisi\u00e4 t\u00e4hti\u00e4. Ilkka&hellip;\n","protected":false},"author":2,"featured_media":132148,"comment_status":"","ping_status":"","sticky":false,"template":"","format":"standard","meta":{"footnotes":""},"categories":[130],"tags":[137,33,31,30,32,139,109],"class_list":{"0":"post-132147","1":"post","2":"type-post","3":"status-publish","4":"format-standard","5":"has-post-thumbnail","7":"category-viihde","8":"tag-entertainment","9":"tag-fi","10":"tag-finland","11":"tag-finnish","12":"tag-suomi","13":"tag-tv-ohjelmat","14":"tag-viihde"},"share_on_mastodon":{"url":"https:\/\/pubeurope.com\/@fi\/115829527190475752","error":""},"_links":{"self":[{"href":"https:\/\/www.europesays.com\/fi\/wp-json\/wp\/v2\/posts\/132147","targetHints":{"allow":["GET"]}}],"collection":[{"href":"https:\/\/www.europesays.com\/fi\/wp-json\/wp\/v2\/posts"}],"about":[{"href":"https:\/\/www.europesays.com\/fi\/wp-json\/wp\/v2\/types\/post"}],"author":[{"embeddable":true,"href":"https:\/\/www.europesays.com\/fi\/wp-json\/wp\/v2\/users\/2"}],"replies":[{"embeddable":true,"href":"https:\/\/www.europesays.com\/fi\/wp-json\/wp\/v2\/comments?post=132147"}],"version-history":[{"count":0,"href":"https:\/\/www.europesays.com\/fi\/wp-json\/wp\/v2\/posts\/132147\/revisions"}],"wp:featuredmedia":[{"embeddable":true,"href":"https:\/\/www.europesays.com\/fi\/wp-json\/wp\/v2\/media\/132148"}],"wp:attachment":[{"href":"https:\/\/www.europesays.com\/fi\/wp-json\/wp\/v2\/media?parent=132147"}],"wp:term":[{"taxonomy":"category","embeddable":true,"href":"https:\/\/www.europesays.com\/fi\/wp-json\/wp\/v2\/categories?post=132147"},{"taxonomy":"post_tag","embeddable":true,"href":"https:\/\/www.europesays.com\/fi\/wp-json\/wp\/v2\/tags?post=132147"}],"curies":[{"name":"wp","href":"https:\/\/api.w.org\/{rel}","templated":true}]}}