{"id":132159,"date":"2026-01-03T05:55:08","date_gmt":"2026-01-03T05:55:08","guid":{"rendered":"https:\/\/www.europesays.com\/fi\/132159\/"},"modified":"2026-01-03T05:55:08","modified_gmt":"2026-01-03T05:55:08","slug":"antti-pennanen-yllattyi-toiden-jatkumisesta","status":"publish","type":"post","link":"https:\/\/www.europesays.com\/fi\/132159\/","title":{"rendered":"Antti Pennanen yll\u00e4ttyi t\u00f6iden jatkumisesta"},"content":{"rendered":"<p>J\u00e4\u00e4kiekkoliiton puheenjohtaja Heikki Hietanen aikoi kertoa kotimatkalla maajoukkueen p\u00e4\u00e4valmentajalle merkitt\u00e4v\u00e4n uutisen.<\/p>\n<p>2.1. 18:00<\/p>\n<p class=\"article-body mb-nof-24 px-nof-16\">Leijonien p\u00e4\u00e4valmentaja <a class=\"font-bold underline-offset-[0.12em] [text-decoration:var(--person-link-text-decoration)] ![text-decoration-color:var(--person-link-text-decoration-color)]\" href=\"https:\/\/www.aamulehti.fi\/haku\/?query=Antti%20Pennanen\" rel=\"nofollow noopener\" target=\"_blank\">Antti Pennanen<\/a> jatkaa teht\u00e4v\u00e4ss\u00e4\u00e4n ainakin kev\u00e4\u00e4seen 2027 asti. Pennasen sopimus J\u00e4\u00e4kiekkoliiton kanssa on mallia 2+1 vuotta.<\/p>\n<p class=\"article-body mb-nof-24 px-nof-16\">Kaksi sopimusvuotta tulee t\u00e4yteen t\u00e4m\u00e4n vuoden kev\u00e4\u00e4ll\u00e4. Nyt kuitenkin selvisi, ett\u00e4 Pennasen sopimus jatkuu tuon optiovuoden verran.<\/p>\n<p class=\"article-body mb-nof-24 px-nof-16\">Asian vahvisti J\u00e4\u00e4kiekkoliiton puheenjohtaja <a class=\"font-bold underline-offset-[0.12em] [text-decoration:var(--person-link-text-decoration)] ![text-decoration-color:var(--person-link-text-decoration-color)]\" href=\"https:\/\/www.aamulehti.fi\/haku\/?query=Heikki%20Hietanen\" rel=\"nofollow noopener\" target=\"_blank\">Heikki Hietanen<\/a> Leijonien olympiajoukkueen julkistustilaisuudessa perjantaina.<\/p>\n<p class=\"article-body mb-nof-24 px-nof-16\">\u201dNo me ollaan t\u00e4st\u00e4 henkisesti puhuttu. Mutta ei olla t\u00e4st\u00e4 mit\u00e4\u00e4n virallista k\u00e4yty. Kun nyt kysyit, niin voin sanoa, ett\u00e4 ollaan meid\u00e4n puolesta valmiit jatkamaan\u201d, Hietanen kommentoi.<\/p>\n<p class=\"article-body mb-nof-24 px-nof-16\">Pennanen ei kuitenkaan ollut itse kuullut mit\u00e4\u00e4n sopimuksensa optio-osuuden k\u00e4ytt\u00e4misest\u00e4.<\/p>\n<p class=\"article-body mb-nof-24 px-nof-16\">\u201dEn tied\u00e4 siit\u00e4 mit\u00e4\u00e4n\u201d, Pennanen sanoi.<\/p>\n<p class=\"article-body mb-nof-24 px-nof-16\">Enemp\u00e4\u00e4 Pennanen ei halunnut asiaa kommentoida.<\/p>\n<p class=\"article-body mb-nof-24 px-nof-16\">Heikki Hietanen, miten t\u00e4m\u00e4 asia nyt oikein meni?<\/p>\n<p class=\"article-body mb-nof-24 px-nof-16\">\u201dL\u00e4ht\u00f6kohtaisesti meill\u00e4 on sopimus ensi kauden loppuun asti. Eik\u00e4 meill\u00e4 ole mit\u00e4\u00e4n syyt\u00e4 tehd\u00e4 muutoksia t\u00e4ss\u00e4 asiassa. Olemme olleet Pennasen ty\u00f6h\u00f6n eritt\u00e4in tyytyv\u00e4isi\u00e4.\u201d<\/p>\n<p class=\"article-body mb-nof-24 px-nof-16\">Mutta sopimus oli kuitenkin mallia 2+1 vuotta, eli se sis\u00e4lsi vuoden mittaisen option. Kumman osapuolen optio oli kyseess\u00e4?<\/p>\n<p class=\"article-body mb-nof-24 px-nof-16\">\u201dSe oli meid\u00e4n optio.\u201d<\/p>\n<p class=\"article-body mb-nof-24 px-nof-16\">Ja nyt se k\u00e4ytettiin?<\/p>\n<p class=\"article-body mb-nof-24 px-nof-16\">\u201dMaajoukkueiden p\u00e4\u00e4valmentajien valinnat on t\u00e4llaisia pitk\u00e4kestoisia projekteja. Seurajoukkueissa tapahtuu nopeampia muuveja. T\u00e4m\u00e4 on pitk\u00e4kestoista hommaa. \u201d<\/p>\n<p class=\"article-body mb-nof-24 px-nof-16\">Koska aiot kertoa Pennaselle ilouutisen, ett\u00e4 h\u00e4n saa jatkaa maajoukkueen p\u00e4\u00e4valmentajana?<\/p>\n<p class=\"article-body mb-nof-24 px-nof-16\">\u201dNo ollaan samalla matkalla tuossa kohti kotia menossa, niin voin sitten kertoa.\u201d<\/p>\n<p class=\"article-body mb-nof-24 px-nof-16\">Pennasen sopimuksen option k\u00e4ytt\u00e4misest\u00e4 kertoi ensimm\u00e4isen\u00e4 <a class=\"underline underline-offset-[0.12em] [text-decoration-thickness:var(--generic-link-underline-thickness)] [text-decoration-color:var(--generic-link-underline-color)] [text-decoration-skip-ink:var(--generic-link-underline-skip-ink)] break-words\" href=\"https:\/\/www.iltalehti.fi\/jaakiekko\/a\/0b868dec-d5dd-4df6-8975-3e9d58699ce8?_gl=1*13sbq1i*_ga*NTk4MTgwODMyLjE3NTY3MzQ4Mjk.*_ga_3L539PMN3X*czE3NjczNjcwOTkkbzI1JGcwJHQxNzY3MzY3MDk5JGo2MCRsMCRoMA..\" rel=\"nofollow noopener\" target=\"_blank\">Iltalehti<\/a>.<\/p>\n","protected":false},"excerpt":{"rendered":"J\u00e4\u00e4kiekkoliiton puheenjohtaja Heikki Hietanen aikoi kertoa kotimatkalla maajoukkueen p\u00e4\u00e4valmentajalle merkitt\u00e4v\u00e4n uutisen. 2.1. 18:00 Leijonien p\u00e4\u00e4valmentaja Antti Pennanen jatkaa&hellip;\n","protected":false},"author":2,"featured_media":132160,"comment_status":"","ping_status":"","sticky":false,"template":"","format":"standard","meta":{"footnotes":""},"categories":[158],"tags":[157,33,31,30,159,32,160],"class_list":{"0":"post-132159","1":"post","2":"type-post","3":"status-publish","4":"format-standard","5":"has-post-thumbnail","7":"category-urheilu","8":"tag-aamulehti","9":"tag-fi","10":"tag-finland","11":"tag-finnish","12":"tag-sports","13":"tag-suomi","14":"tag-urheilu"},"share_on_mastodon":{"url":"https:\/\/pubeurope.com\/@fi\/115829625546256325","error":""},"_links":{"self":[{"href":"https:\/\/www.europesays.com\/fi\/wp-json\/wp\/v2\/posts\/132159","targetHints":{"allow":["GET"]}}],"collection":[{"href":"https:\/\/www.europesays.com\/fi\/wp-json\/wp\/v2\/posts"}],"about":[{"href":"https:\/\/www.europesays.com\/fi\/wp-json\/wp\/v2\/types\/post"}],"author":[{"embeddable":true,"href":"https:\/\/www.europesays.com\/fi\/wp-json\/wp\/v2\/users\/2"}],"replies":[{"embeddable":true,"href":"https:\/\/www.europesays.com\/fi\/wp-json\/wp\/v2\/comments?post=132159"}],"version-history":[{"count":0,"href":"https:\/\/www.europesays.com\/fi\/wp-json\/wp\/v2\/posts\/132159\/revisions"}],"wp:featuredmedia":[{"embeddable":true,"href":"https:\/\/www.europesays.com\/fi\/wp-json\/wp\/v2\/media\/132160"}],"wp:attachment":[{"href":"https:\/\/www.europesays.com\/fi\/wp-json\/wp\/v2\/media?parent=132159"}],"wp:term":[{"taxonomy":"category","embeddable":true,"href":"https:\/\/www.europesays.com\/fi\/wp-json\/wp\/v2\/categories?post=132159"},{"taxonomy":"post_tag","embeddable":true,"href":"https:\/\/www.europesays.com\/fi\/wp-json\/wp\/v2\/tags?post=132159"}],"curies":[{"name":"wp","href":"https:\/\/api.w.org\/{rel}","templated":true}]}}