{"id":132169,"date":"2026-01-03T06:02:08","date_gmt":"2026-01-03T06:02:08","guid":{"rendered":"https:\/\/www.europesays.com\/fi\/132169\/"},"modified":"2026-01-03T06:02:08","modified_gmt":"2026-01-03T06:02:08","slug":"ismo-lehkosen-viesti-mm-valieriin-suuntaaville-nuorille-leijonille-olkaa-vahan-rennompia-urheilu","status":"publish","type":"post","link":"https:\/\/www.europesays.com\/fi\/132169\/","title":{"rendered":"Ismo Lehkosen viesti MM-v\u00e4lieriin suuntaaville Nuorille Leijonille: \u201dOlkaa v\u00e4h\u00e4n rennompia\u201d | Urheilu"},"content":{"rendered":"<p class=\"aw-1gybjub aw-5vja16 kEtdKx kmuxyA yle__article__paragraph\">Yle Urheilun asiantuntija Ismo Lehkosen mukaan Suomen U20-ik\u00e4luokan potentiaalia ei ole viel\u00e4 kunnolla n\u00e4hty.<\/p>\n<p><img decoding=\"async\" alt=\"Asiantuntija haluaisi n\u00e4hd\u00e4 vapautuneemman Suomen. \" src=\"https:\/\/www.europesays.com\/fi\/wp-content\/uploads\/2026\/01\/39-157676669588d0d075b4.jpeg\" class=\"aw-1l9m598 hKVVvP\"\/><\/p>\n<p>Avaa kuvien katselu<\/p>\n<p>Asiantuntija haluaisi n\u00e4hd\u00e4 vapautuneemman Suomen. Kuva:  David Berding \/ Getty Images<\/p>\n<p class=\"aw-1gybjub aw-1p7kakr kEtdKx cEmitX yle__article__paragraph\">J\u00e4\u00e4kiekon nuorten MM-kisat j\u00e4rjestet\u00e4\u00e4n Yhdysvaltain St. Paulissa ja Minneapolisissa, Minnesotassa, 26.12.2025 \u2013 5.1.2026. Yle seuraa kisojen tapahtumia Yle-sovelluksessa, Urheiluruudussa ja Urheiluradiossa.<\/p>\n<p class=\"aw-1gybjub aw-1p7kakr kEtdKx cEmitX yle__article__paragraph\">Suomen alle 20-vuotiaiden j\u00e4\u00e4kiekkomaajoukkue eteni MM-v\u00e4lieriin kukistamalla puoliv\u00e4lier\u00e4ss\u00e4 kaksinkertaisen hallitsevan maailmanmestarin Yhdysvallat. Suomi otti voiton jatkoajan j\u00e4lkeen numeroin 4\u20133.<\/p>\n<p class=\"aw-1gybjub aw-1p7kakr kEtdKx cEmitX yle__article__paragraph\">Voitto oli joukkueelle onnistunut revanssi, sill\u00e4 Yhdysvallat juhli viime vuonna nuorten MM-kultaa juuri Nuorten Leijonien kustannuksella.<\/p>\n<p class=\"aw-1gybjub aw-1p7kakr kEtdKx cEmitX yle__article__paragraph\">Suomen pelit jatkuvat seuraavaksi v\u00e4lier\u00e4ss\u00e4, jossa vastaan tulee Ruotsi.<\/p>\n<p class=\"aw-1gybjub aw-1p7kakr kEtdKx cEmitX yle__article__paragraph\">Yle Urheilun j\u00e4\u00e4kiekkoasiantuntija <strong class=\"aw-ak79eh KyCXm yle__article__strong\">Ismo Lehkonen<\/strong> ruotii jokaisen Suomen ottelun j\u00e4lkeen pelin onnistujat ja ep\u00e4onnistujat.<\/p>\n<p>Pelin t\u00e4hti<\/p>\n<p class=\"aw-1gybjub aw-1p7kakr kEtdKx cEmitX yle__article__paragraph\">\u2013 <strong class=\"aw-ak79eh KyCXm yle__article__strong\">Arttu V\u00e4lil\u00e4st\u00e4<\/strong> on napattava kiinni, Lehkonen arvottaa.<\/p>\n<p class=\"aw-1gybjub aw-1p7kakr kEtdKx cEmitX yle__article__paragraph\">V\u00e4lil\u00e4 teki voittomaalin jatkoajalla Yhdysvaltojen verkooon. Osuma oli V\u00e4lil\u00e4n turnauksen ensimm\u00e4inen ja samalla ensimm\u00e4inen tehopiste. Maali oli my\u00f6s SM-liigassa Rauman Lukkoa edustavan puolustajan kauden ensimm\u00e4inen osuma.<\/p>\n<p class=\"aw-1gybjub aw-1p7kakr kEtdKx cEmitX yle__article__paragraph\">\u2013 V\u00e4lil\u00e4 on hyv\u00e4jalkainen kaveri, jonka itseluottamus vaan jatkaa kasvamistaan turnauksen edetess\u00e4, Lehkonen sanoo.<\/p>\n<p><img decoding=\"async\" alt=\"Arttu V\u00e4lil\u00e4 teki voittomaalin jatkoajalla Yhdysvaltojen verkkoon. \" src=\"https:\/\/www.europesays.com\/fi\/wp-content\/uploads\/2026\/01\/1767420128_723_39-157674469587455c8e0a.jpeg\" loading=\"lazy\" class=\"aw-1l9m598 hKVVvP\"\/><\/p>\n<p>Avaa kuvien katselu<\/p>\n<p>Arttu V\u00e4lil\u00e4n plus\u2013miinus-saldo n\u00e4ytt\u00e4\u00e4 nelj\u00e4n ottelun j\u00e4lkeen lukemaa +4.  Kuva: Brad Rempel \/ Getty ImagesMik\u00e4 yll\u00e4tti?<\/p>\n<p class=\"aw-1gybjub aw-1p7kakr kEtdKx cEmitX yle__article__paragraph\">\u2013 Suomi oli aika verkkainen. Sanoisin jopa, ett\u00e4 hermostuneisuus teki pelaajista v\u00e4h\u00e4n kankeita, Lehkonen sanoo.<\/p>\n<p class=\"aw-1gybjub aw-1p7kakr kEtdKx cEmitX yle__article__paragraph\">Suomen pelaaminen ei siis voitosta huolimatta tyydytt\u00e4nyt asiantuntijaa, jonka mukaan Suomi alkoi pelaamaan hyvin vasta kolmannen er\u00e4n tasoitusmaalin j\u00e4lkeen.<\/p>\n<p><img decoding=\"async\" alt=\"Leo Tuuva teki Suomen 2\u20132-tasoitusmaalin, kun kolmatta er\u00e4\u00e4 oli j\u00e4ljell\u00e4 alle kahdeksan minuuttia. \" src=\"https:\/\/www.europesays.com\/fi\/wp-content\/uploads\/2026\/01\/39-1576765695883ac889b9.jpeg\" loading=\"lazy\" class=\"aw-1l9m598 hKVVvP\"\/><\/p>\n<p>Avaa kuvien katselu<\/p>\n<p>Leo Tuuva teki Suomen 2\u20132-tasoitusmaalin, kun kolmatta er\u00e4\u00e4 oli j\u00e4ljell\u00e4 alle kahdeksan minuuttia.  Kuva: DAVID BERDING \/ Lehtikuva<\/p>\n<p class=\"aw-1gybjub aw-1p7kakr kEtdKx cEmitX yle__article__paragraph\">\u2013 L\u00e4ht\u00f6kohtaisesti pidin Suomea materiaaliltaan selke\u00e4sti parempana. Yhdysvaltojen t\u00e4m\u00e4n vuoden ryhm\u00e4 ei ole niin hyv\u00e4 kuin aikaisemmin. Heid\u00e4n turnauksensa on my\u00f6s ollut vaikea.<\/p>\n<p class=\"aw-1gybjub aw-1p7kakr kEtdKx cEmitX yle__article__paragraph\">Kotikaukalossaan pelannut Yhdysvallat voitti turnauksen kolme ensimm\u00e4ist\u00e4 otteluaan, mutta h\u00e4visi kaksi viimeisint\u00e4. Alkusarjan p\u00e4\u00e4t\u00f6speliss\u00e4 Ruotsi otti voiton Yhdysvalloista numeroin 6\u20133.<\/p>\n<p class=\"aw-1gybjub aw-1p7kakr kEtdKx cEmitX yle__article__paragraph\">Suomen puolustus nukahteli useaan otteseen Yhdysvaltoja vastaan. Yhdysvallat vei Suomea vastaan laukaukset 31\u201325.<\/p>\n<p class=\"aw-1gybjub aw-1p7kakr kEtdKx cEmitX yle__article__paragraph\">\u2013 Toivottavasti t\u00e4m\u00e4 voitto nyt vapautti Suomen ryhm\u00e4n oikealla tavalla, jotta n\u00e4kisimme viel\u00e4 ehj\u00e4n ja hyv\u00e4n 60-minuuttisen tuolta ik\u00e4luokalta, Lehkonen toivoo.<\/p>\n<p>Kuka floppasi?<\/p>\n<p class=\"aw-1gybjub aw-1p7kakr kEtdKx cEmitX yle__article__paragraph\">\u2013 Suomelta puuttui viel\u00e4 tarvittava rentous. Olen n\u00e4hnyt n\u00e4iden pelaajien pelaavan SM-liigassa ja juniorisarjoissa. Potentiaalia on, ja he varmasti my\u00f6s itse sen tunnistavat. Lehkonen n\u00e4kee.<\/p>\n<p class=\"aw-1gybjub aw-1p7kakr kEtdKx cEmitX yle__article__paragraph\">Vain harvat ja valitut p\u00e4\u00e4sev\u00e4t urallaan pelaamaan alle 20-vuotiaiden MM-kisoissa.<\/p>\n<p class=\"aw-1gybjub aw-1p7kakr kEtdKx cEmitX yle__article__paragraph\">\u2013 T\u00e4m\u00e4n takia pelaajien stressitila on niin kova, ett\u00e4 on vaikeaa p\u00e4\u00e4st\u00e4 sen stressitilan yli ja vapauttaa itsens\u00e4.<\/p>\n<p class=\"aw-1gybjub aw-1p7kakr kEtdKx cEmitX yle__article__paragraph\">Lehkosen mukaan pahin on nyt takana. Suurin pelko olisi asiantuntijan mukaan ollut, jos Suomen kisat olisivat p\u00e4\u00e4ttyneet puoliv\u00e4lieriin.<\/p>\n<p class=\"aw-1gybjub aw-1p7kakr kEtdKx cEmitX yle__article__paragraph\">\u2013 Olkaa v\u00e4h\u00e4n rennompia, nyt ei tarvitse en\u00e4\u00e4 j\u00e4nnitt\u00e4\u00e4. Ei siell\u00e4 voi en\u00e4\u00e4 mit\u00e4\u00e4n kamalaa tapahtua, Lehkonen neuvoo.<\/p>\n<p class=\"aw-1gybjub aw-1p7kakr kEtdKx cEmitX yle__article__paragraph\">\u2013 Nyt on mielenkiintoista n\u00e4hd\u00e4, saako joukkue vapautettua itsens\u00e4, koska se riitt\u00e4isi aika pitk\u00e4lle.<\/p>\n<p class=\"aw-1gybjub aw-1p7kakr kEtdKx cEmitX yle__article__paragraph\">Lehkonen uskoo, ett\u00e4 parasta Suomea ei ole viel\u00e4 kisoissa n\u00e4hty.<\/p>\n<p class=\"aw-1gybjub aw-1p7kakr kEtdKx cEmitX yle__article__paragraph\">\u2013 Hienoa tarinaa pojat ovat t\u00e4ss\u00e4 kirjoittamassa. T\u00e4m\u00e4n ik\u00e4luokan potentiaali on ihan eri tasolla kuin olemme viel\u00e4 n\u00e4hneet.<\/p>\n<p>Mik\u00e4 puhutti?<\/p>\n<p class=\"aw-1gybjub aw-1p7kakr kEtdKx cEmitX yle__article__paragraph\">\u2013 Pelitavallisesti minua mietitytt\u00e4\u00e4 se, ett\u00e4 miten pelimme jatkuu, kun heit\u00e4mme kiekon p\u00e4\u00e4tyyn.<\/p>\n<p class=\"aw-1gybjub aw-1p7kakr kEtdKx cEmitX yle__article__paragraph\">Lehkonen haluaisi my\u00f6s n\u00e4hd\u00e4, ett\u00e4 Suomen puolustajat tukisivat enemm\u00e4n hy\u00f6kk\u00e4yksi\u00e4.<\/p>\n<p class=\"aw-1gybjub aw-1p7kakr kEtdKx cEmitX yle__article__paragraph\">\u2013 Suorahy\u00f6kk\u00e4yksiss\u00e4 Suomi ei saa oikein rakennettaan kuntoon, kun puolustajat j\u00e4\u00e4v\u00e4t roikkumaan liian taakse. He pelk\u00e4\u00e4v\u00e4t liikaa vastaiskuja, Lehkonen n\u00e4kee.<\/p>\n<p><img decoding=\"async\" alt=\"Joona Saarelainen etualalla. \" src=\"https:\/\/www.europesays.com\/fi\/wp-content\/uploads\/2026\/01\/39-1576743695870150b1d2.jpeg\" loading=\"lazy\" class=\"aw-1l9m598 hKVVvP\"\/><\/p>\n<p>Avaa kuvien katselu<\/p>\n<p>Joona Saarelainen (kesk.) oli t\u00e4rke\u00e4ss\u00e4 osassa Yhdysvallat-voitossa. KalPa-hy\u00f6kk\u00e4\u00e4j\u00e4 teki maalin ja sy\u00f6tti yhden. Kuva: Brad Rempel \/ Getty ImagesN\u00e4in Suomen ja Yhdysvaltojen puoliv\u00e4lier\u00e4ottelun summaa Yle Urheilun toimittaja Simo Arkko.<\/p>\n<p class=\"aw-1gybjub aw-1p7kakr kEtdKx cEmitX yle__article__paragraph\">Oikaisu 3.1.2025 klo 6.30: Korjattu, ett\u00e4 Suomi kohtaa v\u00e4lier\u00e4sss\u00e4 Ruotsin eik\u00e4 Kanadan. Poistettu kapppale, jossa ennakoitiin Kanadaa tulevana vastustajana.<\/p>\n<p>Nuorten Leijonien otteluohjelma<\/p>\n<p class=\"aw-1gybjub aw-1p7kakr kEtdKx cEmitX yle__article__paragraph\"><strong class=\"aw-ak79eh KyCXm yle__article__strong\">A-lohko:<\/strong> USA, Ruotsi, Slovakia, Sveitsi ja Saksa<\/p>\n<p class=\"aw-1gybjub aw-1p7kakr kEtdKx cEmitX yle__article__paragraph\"><strong class=\"aw-ak79eh KyCXm yle__article__strong\">B-lohko:<\/strong> <strong class=\"aw-ak79eh KyCXm yle__article__strong\">Suomi<\/strong>, T\u0161ekki, Tanska, Latvia ja Kanada<\/p>\n<p class=\"aw-1gybjub aw-1p7kakr kEtdKx cEmitX yle__article__paragraph\"><strong class=\"aw-ak79eh KyCXm yle__article__strong\">Perjantai 26.12.<\/strong><br \/>Tanska\u2013<strong class=\"aw-ak79eh KyCXm yle__article__strong\">Suomi<\/strong> 2\u20136<\/p>\n<p class=\"aw-1gybjub aw-1p7kakr kEtdKx cEmitX yle__article__paragraph\"><strong class=\"aw-ak79eh KyCXm yle__article__strong\">Sunnuntai 28.12.<\/strong><br \/><strong class=\"aw-ak79eh KyCXm yle__article__strong\">Suomi<\/strong>\u2013Latvia 8\u20130<\/p>\n<p class=\"aw-1gybjub aw-1p7kakr kEtdKx cEmitX yle__article__paragraph\"><strong class=\"aw-ak79eh KyCXm yle__article__strong\">Maanantai 29.12.<\/strong><br \/><strong class=\"aw-ak79eh KyCXm yle__article__strong\">Suomi<\/strong>\u2013T\u0161ekki 1\u20132 JA.<\/p>\n<p class=\"aw-1gybjub aw-1p7kakr kEtdKx cEmitX yle__article__paragraph\"><strong class=\"aw-ak79eh KyCXm yle__article__strong\">Torstai 1.1.<\/strong><br \/>Kanada\u2013<strong class=\"aw-ak79eh KyCXm yle__article__strong\">Suomi<\/strong> 7\u20134<\/p>\n<p class=\"aw-1gybjub aw-1p7kakr kEtdKx cEmitX yle__article__paragraph\"><strong class=\"aw-ak79eh KyCXm yle__article__strong\">PUDOTUSPELIT:<\/strong><\/p>\n<p class=\"aw-1gybjub aw-1p7kakr kEtdKx cEmitX yle__article__paragraph\"><strong class=\"aw-ak79eh KyCXm yle__article__strong\">Lauantai 3.1.<\/strong><br \/>Puoliv\u00e4lier\u00e4: USA\u2013<strong class=\"aw-ak79eh KyCXm yle__article__strong\">Suomi<\/strong> 3\u20134 JA.<\/p>\n<p class=\"aw-1gybjub aw-1p7kakr kEtdKx cEmitX yle__article__paragraph\"><strong class=\"aw-ak79eh KyCXm yle__article__strong\">Sunnuntai 4.1.<\/strong><br \/>V\u00e4lier\u00e4 klo 23.30: Ruotsi\u2013Suomi<\/p>\n<p class=\"aw-1gybjub aw-1p7kakr kEtdKx cEmitX yle__article__paragraph\"><strong class=\"aw-ak79eh KyCXm yle__article__strong\">Maanantai 5.1.<\/strong><br \/>V\u00e4lier\u00e4 klo 03.30<br \/>Pronssiottelu klo 23.30<\/p>\n<p class=\"aw-1gybjub aw-1p7kakr kEtdKx cEmitX yle__article__paragraph\"><strong class=\"aw-ak79eh KyCXm yle__article__strong\">Tiistai 6.1.<\/strong><br \/>Loppuottelu klo 03.30<\/p>\n","protected":false},"excerpt":{"rendered":"Yle Urheilun asiantuntija Ismo Lehkosen mukaan Suomen U20-ik\u00e4luokan potentiaalia ei ole viel\u00e4 kunnolla n\u00e4hty. Avaa kuvien katselu Asiantuntija&hellip;\n","protected":false},"author":2,"featured_media":132170,"comment_status":"","ping_status":"","sticky":false,"template":"","format":"standard","meta":{"footnotes":""},"categories":[5],"tags":[22,23,26,27,33,31,30,17,1143,22108,22107,24,25,28,29,15,21837,18,21,2126,32,19,20,160,16],"class_list":{"0":"post-132169","1":"post","2":"type-post","3":"status-publish","4":"format-standard","5":"has-post-thumbnail","7":"category-otsikot","8":"tag-breaking-news","9":"tag-breakingnews","10":"tag-featured-news","11":"tag-featurednews","12":"tag-fi","13":"tag-finland","14":"tag-finnish","15":"tag-headlines","16":"tag-jaakiekko","17":"tag-jaakiekon-nuorten-mm-2026","18":"tag-jaakiekon-nuorten-mm-kisat","19":"tag-latest-news","20":"tag-latestnews","21":"tag-main-news","22":"tag-mainnews","23":"tag-news","24":"tag-nuoret-leijonat","25":"tag-otsikot","26":"tag-paauutiset","27":"tag-suomen-alle-20-vuotiaiden-jaakiekkomaajoukkue","28":"tag-suomi","29":"tag-top-stories","30":"tag-topstories","31":"tag-urheilu","32":"tag-uutiset"},"share_on_mastodon":{"url":"https:\/\/pubeurope.com\/@fi\/115829653086607762","error":""},"_links":{"self":[{"href":"https:\/\/www.europesays.com\/fi\/wp-json\/wp\/v2\/posts\/132169","targetHints":{"allow":["GET"]}}],"collection":[{"href":"https:\/\/www.europesays.com\/fi\/wp-json\/wp\/v2\/posts"}],"about":[{"href":"https:\/\/www.europesays.com\/fi\/wp-json\/wp\/v2\/types\/post"}],"author":[{"embeddable":true,"href":"https:\/\/www.europesays.com\/fi\/wp-json\/wp\/v2\/users\/2"}],"replies":[{"embeddable":true,"href":"https:\/\/www.europesays.com\/fi\/wp-json\/wp\/v2\/comments?post=132169"}],"version-history":[{"count":0,"href":"https:\/\/www.europesays.com\/fi\/wp-json\/wp\/v2\/posts\/132169\/revisions"}],"wp:featuredmedia":[{"embeddable":true,"href":"https:\/\/www.europesays.com\/fi\/wp-json\/wp\/v2\/media\/132170"}],"wp:attachment":[{"href":"https:\/\/www.europesays.com\/fi\/wp-json\/wp\/v2\/media?parent=132169"}],"wp:term":[{"taxonomy":"category","embeddable":true,"href":"https:\/\/www.europesays.com\/fi\/wp-json\/wp\/v2\/categories?post=132169"},{"taxonomy":"post_tag","embeddable":true,"href":"https:\/\/www.europesays.com\/fi\/wp-json\/wp\/v2\/tags?post=132169"}],"curies":[{"name":"wp","href":"https:\/\/api.w.org\/{rel}","templated":true}]}}