{"id":132173,"date":"2026-01-03T06:19:08","date_gmt":"2026-01-03T06:19:08","guid":{"rendered":"https:\/\/www.europesays.com\/fi\/132173\/"},"modified":"2026-01-03T06:19:08","modified_gmt":"2026-01-03T06:19:08","slug":"illalla-tvssa-patevan-rikoselokuvan-kuvauksissa-dramaattinen-hetki-robert-downey-jr-menetti-tajunsa-iskun-jalkeen","status":"publish","type":"post","link":"https:\/\/www.europesays.com\/fi\/132173\/","title":{"rendered":"Illalla tv:ss\u00e4: P\u00e4tev\u00e4n rikoselokuvan kuvauksissa dramaattinen hetki &#8211; Robert Downey Jr menetti tajunsa iskun j\u00e4lkeen"},"content":{"rendered":"<p>Illan tv-viihteess\u00e4 n\u00e4hd\u00e4\u00e4n toiminnallinen rikosmysteeri Sherlock Holmes vuodelta 2009.<\/p>\n<p><strong>Guy Ritchien<\/strong> ohjaama elokuva esittelee legendaarisen salapoliisin modernimpana versiona, jota tulkitsee <strong>Robert Downey Jr<\/strong>. Holmesin rinnalla kulkee tuttu kumppani tohtori Watson (<strong>Jude Law<\/strong>), ja kaksikko joutuu selvitt\u00e4m\u00e4\u00e4n tapauksen, joka vie heid\u00e4t vastakkain salaper\u00e4isen ja vaarallisen lordi Blackwoodin kanssa.<\/p>\n<p>Kuvioita mutkistaa Holmesin menneisyydest\u00e4 tuttu Irene Adler (<strong>Rachel McAdams<\/strong>), jonka l\u00e4sn\u00e4olo lis\u00e4\u00e4 tarinaan j\u00e4nnitett\u00e4 ja kipin\u00e4\u00e4. Leffa yhdist\u00e4\u00e4 nokkelan mysteerin, vauhdikkaan toiminnan ja tyylikk\u00e4\u00e4n visuaalisen ilmeen niin hyvin, ett\u00e4 elokuvasta tuli yleis\u00f6menestys. Sherlock Holmes sai my\u00f6s kaksi Oscar-ehdokkuutta.<\/p>\n<p>Erikoisena yksityiskohtana Downey Jr. menetti taistelukohtauksessa oikeasti tajuntansa ja vuoti verta, kun <strong>Robert Maillet<\/strong> iski h\u00e4nt\u00e4 vahingossa kasvoihin.<\/p>\n<p>Elokuvan kriitikkomittari Rotten Tomatoesissa on luvussa 60 ja yleis\u00f6mittari luvussa 77. Alla traileri.<\/p>\n<p>Tulevat l\u00e4hetykset:<\/p>\n<ul class=\"wp-block-list\">\n<li>La 3.1.2026 klo 18.15 \u00b7 TV5<\/li>\n<li>Pe 9.1.2026 klo 17.45 \u00b7 Frii<\/li>\n<\/ul>\n<p>Lue my\u00f6s: <a href=\"https:\/\/www.episodi.fi\/uutiset\/tom-cruisen-suosituin-elokuvahahmo-saattaa-tehda-paluun-olemme-jutelleet-siita\/\" title=\"Tom Cruisen suosituin elokuvahahmo saattaa tehd\u00e4 paluun \u2013 \u201dOlemme jutelleet siit\u00e4\u201d\" class=\"underline-custom !font-montserrat !font-bold !underline-offset-4 !decoration-4 !decoration-episodi-blue !text-md\" rel=\"nofollow noopener\" target=\"_blank\">Tom Cruisen suosituin elokuvahahmo saattaa tehd\u00e4 paluun \u2013 \u201dOlemme jutelleet siit\u00e4\u201d<\/a><\/p>\n<p>Lue my\u00f6s: <a href=\"https:\/\/www.episodi.fi\/uutiset\/paivan-mahtavaan-supersankarileffaan-jai-hammentava-moka-ohjaajan-muisti-petti-katastrofaalisesti\/\" title=\"P\u00e4iv\u00e4n mahtavaan supersankarileffaan j\u00e4i h\u00e4mment\u00e4v\u00e4 moka \u2013 ohjaajan muisti petti katastrofaalisesti\" class=\"underline-custom !font-montserrat !font-bold !underline-offset-4 !decoration-4 !decoration-episodi-blue !text-md\" rel=\"nofollow noopener\" target=\"_blank\">P\u00e4iv\u00e4n mahtavaan supersankarileffaan j\u00e4i h\u00e4mment\u00e4v\u00e4 moka \u2013 ohjaajan muisti petti katastrofaalisesti<\/a><\/p>\n<p>Lue my\u00f6s: <a href=\"https:\/\/www.episodi.fi\/uutiset\/avengers-doomsday-sai-ensimmaisen-trailerin\/\" title=\"Avengers: Doomsday sai ensimm\u00e4isen trailerin!\" class=\"underline-custom !font-montserrat !font-bold !underline-offset-4 !decoration-4 !decoration-episodi-blue !text-md\" rel=\"nofollow noopener\" target=\"_blank\">Avengers: Doomsday sai ensimm\u00e4isen trailerin!<\/a><\/p>\n<p><img loading=\"lazy\" decoding=\"async\" alt=\"YouTube video\" width=\"480\" height=\"360\" data-pin-nopin=\"true\" nopin=\"nopin\" class=\"perfmatters-lazy\" src=\"https:\/\/www.europesays.com\/fi\/wp-content\/uploads\/2025\/08\/1756015448_932_hqdefault.jpg\"\/><\/p>\n<p>L\u00e4hde: <a href=\"https:\/\/www.imdb.com\/title\/tt0988045\/\" target=\"_blank\" rel=\"noreferrer noopener nofollow\">IMDb<\/a><\/p>\n<p>Lue my\u00f6s: <a href=\"https:\/\/www.episodi.fi\/uutiskirje\/?uutiskirjemainos=tekstilinkkimainos\" title=\"Tilaa Episodin uutiskirje ja voit voittaa leffalippuja! Nappaa tv-vinkit suoraan s\u00e4hk\u00f6postiin t\u00e4st\u00e4.\" class=\"underline-custom !font-montserrat !font-bold !underline-offset-4 !decoration-4 !decoration-episodi-blue !text-md\" rel=\"nofollow noopener\" target=\"_blank\">Tilaa Episodin uutiskirje ja voit voittaa leffalippuja! Nappaa katseluvinkit suoraan s\u00e4hk\u00f6postiin t\u00e4st\u00e4.<\/a><\/p>\n","protected":false},"excerpt":{"rendered":"Illan tv-viihteess\u00e4 n\u00e4hd\u00e4\u00e4n toiminnallinen rikosmysteeri Sherlock Holmes vuodelta 2009. Guy Ritchien ohjaama elokuva esittelee legendaarisen salapoliisin modernimpana versiona,&hellip;\n","protected":false},"author":2,"featured_media":132174,"comment_status":"","ping_status":"","sticky":false,"template":"","format":"standard","meta":{"footnotes":""},"categories":[131],"tags":[155,137,33,173,31,30,172,32,139,109],"class_list":{"0":"post-132173","1":"post","2":"type-post","3":"status-publish","4":"format-standard","5":"has-post-thumbnail","7":"category-elokuvat","8":"tag-elokuvat","9":"tag-entertainment","10":"tag-fi","11":"tag-film","12":"tag-finland","13":"tag-finnish","14":"tag-movies","15":"tag-suomi","16":"tag-tv-ohjelmat","17":"tag-viihde"},"share_on_mastodon":{"url":"https:\/\/pubeurope.com\/@fi\/115829719867948739","error":""},"_links":{"self":[{"href":"https:\/\/www.europesays.com\/fi\/wp-json\/wp\/v2\/posts\/132173","targetHints":{"allow":["GET"]}}],"collection":[{"href":"https:\/\/www.europesays.com\/fi\/wp-json\/wp\/v2\/posts"}],"about":[{"href":"https:\/\/www.europesays.com\/fi\/wp-json\/wp\/v2\/types\/post"}],"author":[{"embeddable":true,"href":"https:\/\/www.europesays.com\/fi\/wp-json\/wp\/v2\/users\/2"}],"replies":[{"embeddable":true,"href":"https:\/\/www.europesays.com\/fi\/wp-json\/wp\/v2\/comments?post=132173"}],"version-history":[{"count":0,"href":"https:\/\/www.europesays.com\/fi\/wp-json\/wp\/v2\/posts\/132173\/revisions"}],"wp:featuredmedia":[{"embeddable":true,"href":"https:\/\/www.europesays.com\/fi\/wp-json\/wp\/v2\/media\/132174"}],"wp:attachment":[{"href":"https:\/\/www.europesays.com\/fi\/wp-json\/wp\/v2\/media?parent=132173"}],"wp:term":[{"taxonomy":"category","embeddable":true,"href":"https:\/\/www.europesays.com\/fi\/wp-json\/wp\/v2\/categories?post=132173"},{"taxonomy":"post_tag","embeddable":true,"href":"https:\/\/www.europesays.com\/fi\/wp-json\/wp\/v2\/tags?post=132173"}],"curies":[{"name":"wp","href":"https:\/\/api.w.org\/{rel}","templated":true}]}}