{"id":132177,"date":"2026-01-03T06:22:09","date_gmt":"2026-01-03T06:22:09","guid":{"rendered":"https:\/\/www.europesays.com\/fi\/132177\/"},"modified":"2026-01-03T06:22:09","modified_gmt":"2026-01-03T06:22:09","slug":"elamani-biisin-esityksessa-tanaan-kaksi-poikkeusta","status":"publish","type":"post","link":"https:\/\/www.europesays.com\/fi\/132177\/","title":{"rendered":"El\u00e4m\u00e4ni biisin esityksess\u00e4 t\u00e4n\u00e4\u00e4n kaksi poikkeusta"},"content":{"rendered":"<p>El\u00e4m\u00e4ni biisist\u00e4 n\u00e4hd\u00e4\u00e4n t\u00e4n\u00e4\u00e4n euroviisuerikoisjakso.<\/p>\n<p><img decoding=\"async\" class=\"image image-show image-preview\" src=\"https:\/\/www.europesays.com\/fi\/wp-content\/uploads\/2026\/01\/17a812f30a48af9ea4e5d7b94b5fa0db2f6be6895533af94f99603d2ba1496a3.jpg\" alt=\"\"\/><img decoding=\"async\" class=\"image image-show\" src=\"https:\/\/www.europesays.com\/fi\/wp-content\/uploads\/2026\/01\/1767382327_497_17a812f30a48af9ea4e5d7b94b5fa0db2f6be6895533af94f99603d2ba1496a3.jpg\" alt=\"\"\/><\/p>\n<p>El\u00e4m\u00e4ni biisist\u00e4 n\u00e4hd\u00e4\u00e4n t\u00e4n\u00e4\u00e4n viisuspesiaalijakso. Atte M\u00e4l\u00e4sk\u00e4, Yle<\/p>\n<p class=\"paragraph\">T\u00e4n\u00e4\u00e4n televisiossa n\u00e4ht\u00e4v\u00e4n El\u00e4m\u00e4ni biisin viisuspesiaalijakson juontaa poikkeuksellisesti <a href=\"https:\/\/www.iltalehti.fi\/henkilot\/Mikko Silvennoinen\" class=\"article-link-person-page\" rel=\"nofollow noopener\" target=\"_blank\">Mikko Silvennoinen<\/a>. Silvennoinen on tullut tutuksi Euroviisujen suomenkielisen\u00e4 selostajana.<\/p>\n<p class=\"paragraph\">Tavallisesti El\u00e4m\u00e4ni biisi\u00e4 juontava <a href=\"https:\/\/www.iltalehti.fi\/henkilot\/Katja St\u00e5hl\" class=\"article-link-person-page\" rel=\"nofollow noopener\" target=\"_blank\">Katja St\u00e5hl<\/a> oli ennakkoon kuvatun erikoisjakson nauhoitusp\u00e4iv\u00e4n\u00e4 sairaana, ja Silvennoinen kutsuttiin tuuraamaan.<\/p>\n<p class=\"paragraph\">\u2013 T\u00e4ytyy my\u00f6nt\u00e4\u00e4, ett\u00e4 t\u00e4m\u00e4 Katjan kuuluisa nojatuoli on hieman j\u00e4nnitt\u00e4nyt, Silvennoinen sanoo jakson alussa.<\/p>\n<p>Mikko Silvennoinen tuuraa Katja St\u00e5hlia El\u00e4m\u00e4ni biisin erikoisjaksossa. Atte M\u00e4l\u00e4sk\u00e4, Yle<\/p>\n<p class=\"paragraph\">Poissaolostaan huolimatta my\u00f6s St\u00e5hl vilahtaa ruudussa. Kun kaikki esitykset on n\u00e4hty, h\u00e4n kertoo kotona kuvatulla videop\u00e4tk\u00e4ll\u00e4 omat arvauksensa, kuka vieraista on valinnut mink\u00e4kin kappaleen.<\/p>\n<p class=\"paragraph\">Jaksossa on my\u00f6s toinen poikkeus. Se esitet\u00e4\u00e4n TV1:ll\u00e4 jo kello 18.55 alkaen tyypillisen iltayhdeks\u00e4n sijaan. Syyn\u00e4 on rinnakkaiskanavalla esitett\u00e4v\u00e4, tapaninp\u00e4iv\u00e4n\u00e4 kuolleen <strong>Pate Mustaj\u00e4rven<\/strong> kunniaksi esitett\u00e4v\u00e4 muistol\u00e4hetys. Pate Mustaj\u00e4rvi \u2013 Suomirockin legenda alkaa TV2:lla kello 21. Suoran l\u00e4hetyksen juontaa <strong>Katja St\u00e5hl<\/strong>.<\/p>\n<p>Villitsev\u00e4 keskustelu<\/p>\n<p class=\"paragraph\">Jaksosta viisuspesiaalin tekee sen vieraat, jotka ovat kaikki edustaneet Suomea Euroviisuissa: <strong>Mr. Lordi<\/strong> voitokkaasti vuonna 2006, <strong>Marion Rung<\/strong> kaksi kertaa vuosina 1962 ja 1973, sek\u00e4 kolme tuoreinta edustajaamme <a href=\"https:\/\/www.iltalehti.fi\/henkilot\/K\u00e4\u00e4rij\u00e4\" class=\"article-link-person-page\" rel=\"nofollow noopener\" target=\"_blank\">K\u00e4\u00e4rij\u00e4<\/a> (2023), <strong>Windows95man<\/strong> eli <a href=\"https:\/\/www.iltalehti.fi\/henkilot\/Teemu Keisteri\" class=\"article-link-person-page\" rel=\"nofollow noopener\" target=\"_blank\">Teemu Keisteri<\/a> (2024) ja <strong>Erika Vikman<\/strong> (2025).<\/p>\n<p>K\u00e4\u00e4rij\u00e4 esitt\u00e4\u00e4 eroottisen teorian Windows95manista. Atte M\u00e4l\u00e4sk\u00e4, Yle<\/p>\n<p class=\"paragraph\">Artistit tuttuun tapaan esitt\u00e4v\u00e4t p\u00e4\u00e4telmi\u00e4\u00e4n siit\u00e4, kuka on mahtanut tuoda mukanaan mink\u00e4kin kappaleen ja mink\u00e4 takia. Er\u00e4\u00e4n kasarikappaleen kohdalla K\u00e4\u00e4rij\u00e4n tuntosarvet k\u00e4\u00e4ntyv\u00e4t Teemu Keisterin suuntaan.<\/p>\n<p class=\"paragraph\">\u2013 Veikkaan, ett\u00e4 s\u00e4 olet kova rakastelija, K\u00e4\u00e4rij\u00e4 sanoo Keisterille ja saa yleis\u00f6n kiljumaan.<\/p>\n<p class=\"paragraph\">\u2013 M\u00e4 veikkaan. Mit\u00e4\u00e4nh\u00e4n en ole n\u00e4hnyt, se olisi tosi outoa, K\u00e4\u00e4rij\u00e4 t\u00e4sment\u00e4\u00e4 sanojaan.<\/p>\n<p class=\"paragraph\">\u2013 Laittakaa muuten ne verhot kiinni, K\u00e4\u00e4rij\u00e4 viel\u00e4 elehtii ennen kuin jatkaa tarinassaan eteenp\u00e4in.<\/p>\n<p class=\"paragraph\">K\u00e4\u00e4rij\u00e4 sanoo kappaleen tuovan h\u00e4nelle mieleen Teemu Keisterin viisulavalla farkkushortseissaan.<\/p>\n<p class=\"paragraph\">\u2013 N\u00e4en, ett\u00e4 avaat oven ja sulla on ne. Ja t\u00e4m\u00e4 biisi soi taustalla, kun s\u00e4 teet niit\u00e4 juttuja, K\u00e4\u00e4rij\u00e4 onnistuu sanomaan yleis\u00f6n mylvinn\u00e4n yli.<\/p>\n<p class=\"paragraph\">Teemu Keisteri nauraa K\u00e4\u00e4rij\u00e4n spekulointia kuunnellessaan.<\/p>\n<p>Windows95man eli Teemu Keisteri edusti Suomea vuoden 2024 Euroviisuissa. H\u00e4nen viisukollegansa Henri Piispanen on yksi El\u00e4m\u00e4ni biisin solisteista. Atte M\u00e4l\u00e4sk\u00e4, Yle<\/p>\n<p class=\"paragraph\">Vihjailevia kommentteja kuullaan my\u00f6s my\u00f6hemmin jaksossa. Vakisolisteihin kuuluvan <strong>Markku Aron<\/strong> esitys saa Mikko Silvennoisen innostumaan.<\/p>\n<p class=\"paragraph\">\u2013 Voinko viel\u00e4 sanoa, ett\u00e4 Markku, s\u00e4 olet kyll\u00e4 yksi kuuma daddy, Silvennoinen sanoo ja l\u00f6yhytt\u00e4\u00e4 kasvojaan juontokorteillaan.<\/p>\n<p class=\"paragraph\">El\u00e4m\u00e4ni biisi t\u00e4n\u00e4\u00e4n TV1:ll\u00e4 kello 21.00 &amp; Areenassa. <a href=\"https:\/\/www.iltalehti.fi\/telkku\/\" rel=\"nofollow noopener\" target=\"_blank\">Katso kaikki\u00a0TV-ohjelmat ja l\u00e4hetysajat Telkun TV-oppaasta<\/a>.<\/p>\n","protected":false},"excerpt":{"rendered":"El\u00e4m\u00e4ni biisist\u00e4 n\u00e4hd\u00e4\u00e4n t\u00e4n\u00e4\u00e4n euroviisuerikoisjakso. El\u00e4m\u00e4ni biisist\u00e4 n\u00e4hd\u00e4\u00e4n t\u00e4n\u00e4\u00e4n viisuspesiaalijakso. Atte M\u00e4l\u00e4sk\u00e4, Yle T\u00e4n\u00e4\u00e4n televisiossa n\u00e4ht\u00e4v\u00e4n El\u00e4m\u00e4ni biisin&hellip;\n","protected":false},"author":2,"featured_media":132178,"comment_status":"","ping_status":"","sticky":false,"template":"","format":"standard","meta":{"footnotes":""},"categories":[130],"tags":[35,138,137,33,31,30,47,1999,32,140,139,109],"class_list":{"0":"post-132177","1":"post","2":"type-post","3":"status-publish","4":"format-standard","5":"has-post-thumbnail","7":"category-viihde","8":"tag-24h","9":"tag-audio","10":"tag-entertainment","11":"tag-fi","12":"tag-finland","13":"tag-finnish","14":"tag-musiikki","15":"tag-suomalaiset-tv-ohjelmat","16":"tag-suomi","17":"tag-tv-ja-elokuvat","18":"tag-tv-ohjelmat","19":"tag-viihde"},"share_on_mastodon":{"url":"https:\/\/pubeurope.com\/@fi\/115829731648016519","error":""},"_links":{"self":[{"href":"https:\/\/www.europesays.com\/fi\/wp-json\/wp\/v2\/posts\/132177","targetHints":{"allow":["GET"]}}],"collection":[{"href":"https:\/\/www.europesays.com\/fi\/wp-json\/wp\/v2\/posts"}],"about":[{"href":"https:\/\/www.europesays.com\/fi\/wp-json\/wp\/v2\/types\/post"}],"author":[{"embeddable":true,"href":"https:\/\/www.europesays.com\/fi\/wp-json\/wp\/v2\/users\/2"}],"replies":[{"embeddable":true,"href":"https:\/\/www.europesays.com\/fi\/wp-json\/wp\/v2\/comments?post=132177"}],"version-history":[{"count":0,"href":"https:\/\/www.europesays.com\/fi\/wp-json\/wp\/v2\/posts\/132177\/revisions"}],"wp:featuredmedia":[{"embeddable":true,"href":"https:\/\/www.europesays.com\/fi\/wp-json\/wp\/v2\/media\/132178"}],"wp:attachment":[{"href":"https:\/\/www.europesays.com\/fi\/wp-json\/wp\/v2\/media?parent=132177"}],"wp:term":[{"taxonomy":"category","embeddable":true,"href":"https:\/\/www.europesays.com\/fi\/wp-json\/wp\/v2\/categories?post=132177"},{"taxonomy":"post_tag","embeddable":true,"href":"https:\/\/www.europesays.com\/fi\/wp-json\/wp\/v2\/tags?post=132177"}],"curies":[{"name":"wp","href":"https:\/\/api.w.org\/{rel}","templated":true}]}}