{"id":13218,"date":"2025-08-22T14:34:12","date_gmt":"2025-08-22T14:34:12","guid":{"rendered":"https:\/\/www.europesays.com\/fi\/13218\/"},"modified":"2025-08-22T14:34:12","modified_gmt":"2025-08-22T14:34:12","slug":"microsoft-sulkee-suositun-sovelluksen-vaihtoehto-on-tarjolla","status":"publish","type":"post","link":"https:\/\/www.europesays.com\/fi\/13218\/","title":{"rendered":"Microsoft sulkee suositun sovelluksen: Vaihtoehto on tarjolla"},"content":{"rendered":"<p>      Microsoft Lens poistuu k\u00e4yt\u00f6st\u00e4<\/p>\n<p>Microsoft Lens j\u00e4\u00e4 el\u00e4kkeelle 15. marraskuuta t\u00e4n\u00e4 vuonna, mik\u00e4 tarkoittaa k\u00e4yt\u00e4nn\u00f6ss\u00e4 sit\u00e4, ettei sovellusta voi en\u00e4\u00e4 ladata App Storesta tai Googlen Play-kaupasta. K\u00e4ytt\u00e4j\u00e4t voivat kuitenkin jatkaa sovelluksen skannausominaisuuden k\u00e4ytt\u00f6\u00e4 15. joulukuuta 2025 asti.<\/p>\n<p>Tuon p\u00e4iv\u00e4m\u00e4\u00e4r\u00e4n j\u00e4lkeen uusien skannausten tekeminen Lens-sovelluksella ei ole en\u00e4\u00e4 mahdollista. Voit kuitenkin edelleen k\u00e4ytt\u00e4\u00e4 aiempia skannauksia, kunhan sovellus on asennettuna laitteellesi.<\/p>\n<p>Microsoftin p\u00e4\u00e4t\u00f6ksen yksityiskohdat ovat <a href=\"https:\/\/support.microsoft.com\/en-us\/topic\/retirement-of-microsoft-lens-fc965de7-499d-4d38-aeae-f6e48271652d\" rel=\"nofollow noopener\" target=\"_blank\">t\u00e4ll\u00e4 verkkosivustolla<\/a> (englanniksi).<\/p>\n<p>      Vino pino Microsoftin lakkautuksia<\/p>\n<p>T\u00e4m\u00e4 ei ole suinkaan ensimm\u00e4inen kerta, kun Microsoft lakkauttaa suosittuja osia Windows-yrityksen universumista.<\/p>\n<p>Windows 10:n lis\u00e4ksi, jonka tuki p\u00e4\u00e4ttyy <a href=\"https:\/\/kotimikro.fi\/oheislaitteet\/kayttojarjestelma\/windows-10\/voit-kayttaa-windows-10nta-ilmaiseksi-lokakuuhun-2026-asti\" rel=\"nofollow noopener\" target=\"_blank\">lokakuussa 2025<\/a>, Microsoft on viime aikoina my\u00f6s lopettanut muun muassa <a href=\"https:\/\/kotimikro.fi\/oheislaitteet\/kayttojarjestelma\/windows-11\/microsoft-lakkauttaa-yhtakkia-windowsin-kartat\" rel=\"nofollow noopener\" target=\"_blank\">Windows-sovelluksen Kartat<\/a> sek\u00e4 Windowsin oman <a href=\"https:\/\/kotimikro.fi\/internet\/sahkoposti\/sahkoposti-ja-kalenteri-poistuvat-windowsista\" rel=\"nofollow noopener\" target=\"_blank\">Outlookin ja kalenterin<\/a>.<\/p>\n<p>My\u00f6s <a href=\"https:\/\/kotimikro.fi\/ohjelmat\/office\/microsoft-lakkauttaa-suositun-publisher-ohjelman-tutustu-vaihtoehtoihin\" rel=\"nofollow noopener\" target=\"_blank\">Office-ohjelma Publisher<\/a> lakkautettiin t\u00e4n\u00e4 vuonna.<\/p>\n<p>      Vaihtoehtoja Microsoft Lensille<\/p>\n<p>Onneksi on olemassa muita skannaussovelluksia, jotka osaavat saman kuin Microsoft Lens.<\/p>\n<p>Paras niist\u00e4 on Adobe Scan, joka on suunniteltu erityisesti paperien skannaamiseen puhelimella. Adobe Scan korvaa hyvin Microsoft Lensin, ja sovellus toimii l\u00e4hes samalla tavalla kuin Lens.<\/p>\n<p>Voit ladata Adobe Scanin <a href=\"https:\/\/play.google.com\/store\/apps\/details?id=com.adobe.scan.android\" rel=\"nofollow noopener\" target=\"_blank\">Androidille t\u00e4\u00e4lt\u00e4<\/a> tai <a href=\"https:\/\/apps.apple.com\/us\/app\/adobe-scan-pdf-ocr-scanner\/id1199564834\" rel=\"nofollow noopener\" target=\"_blank\">iPhonen iOS-j\u00e4rjestelm\u00e4\u00e4n t\u00e4\u00e4lt\u00e4<\/a>. KotiMIkro on lis\u00e4ksi laatinut <a href=\"https:\/\/kotimikro.fi\/ohjelmat\/sovellukset\/puhelimesta-skanneriksi\" rel=\"nofollow noopener\" target=\"_blank\">oppaan Adobe Scanin k\u00e4yt\u00f6st\u00e4, jonka voit lukea t\u00e4\u00e4lt\u00e4<\/a>.<\/p>\n<p>Lis\u00e4ksi voit harkita Google Lensin k\u00e4ytt\u00f6\u00e4. Sen skannauslaatu ei yll\u00e4 Microsoft Lensin tasolle, mutta ty\u00f6kalu on osa Googlen hakukonetta. Niinp\u00e4 voit tunnistaa hetkess\u00e4, mit\u00e4 olet kuvannut.<\/p>\n<p>Lataa Google Lens  <a href=\"https:\/\/play.google.com\/store\/apps\/details?id=com.google.ar.lens&amp;hl=en_US\" rel=\"nofollow noopener\" target=\"_blank\">Androidille t\u00e4\u00e4lt\u00e4<\/a>. Jos sinulla on iPhone, Google Lensi\u00e4 ei ole saatavana erillisen\u00e4 sovelluksena, vaan se on osa <a href=\"https:\/\/apps.apple.com\/us\/app\/google\/id284815942\" rel=\"nofollow noopener\" target=\"_blank\">Google-sovellusta, jonka voit ladata t\u00e4\u00e4lt\u00e4<\/a>.<\/p>\n","protected":false},"excerpt":{"rendered":"Microsoft Lens poistuu k\u00e4yt\u00f6st\u00e4 Microsoft Lens j\u00e4\u00e4 el\u00e4kkeelle 15. marraskuuta t\u00e4n\u00e4 vuonna, mik\u00e4 tarkoittaa k\u00e4yt\u00e4nn\u00f6ss\u00e4 sit\u00e4, ettei sovellusta&hellip;\n","protected":false},"author":2,"featured_media":13219,"comment_status":"","ping_status":"","sticky":false,"template":"","format":"standard","meta":{"footnotes":""},"categories":[85],"tags":[33,31,30,419,418,32,91,92],"class_list":{"0":"post-13218","1":"post","2":"type-post","3":"status-publish","4":"format-standard","5":"has-post-thumbnail","7":"category-mobiili","8":"tag-fi","9":"tag-finland","10":"tag-finnish","11":"tag-mobiili","12":"tag-mobile","13":"tag-suomi","14":"tag-technology","15":"tag-teknologia"},"share_on_mastodon":{"url":"","error":""},"_links":{"self":[{"href":"https:\/\/www.europesays.com\/fi\/wp-json\/wp\/v2\/posts\/13218","targetHints":{"allow":["GET"]}}],"collection":[{"href":"https:\/\/www.europesays.com\/fi\/wp-json\/wp\/v2\/posts"}],"about":[{"href":"https:\/\/www.europesays.com\/fi\/wp-json\/wp\/v2\/types\/post"}],"author":[{"embeddable":true,"href":"https:\/\/www.europesays.com\/fi\/wp-json\/wp\/v2\/users\/2"}],"replies":[{"embeddable":true,"href":"https:\/\/www.europesays.com\/fi\/wp-json\/wp\/v2\/comments?post=13218"}],"version-history":[{"count":0,"href":"https:\/\/www.europesays.com\/fi\/wp-json\/wp\/v2\/posts\/13218\/revisions"}],"wp:featuredmedia":[{"embeddable":true,"href":"https:\/\/www.europesays.com\/fi\/wp-json\/wp\/v2\/media\/13219"}],"wp:attachment":[{"href":"https:\/\/www.europesays.com\/fi\/wp-json\/wp\/v2\/media?parent=13218"}],"wp:term":[{"taxonomy":"category","embeddable":true,"href":"https:\/\/www.europesays.com\/fi\/wp-json\/wp\/v2\/categories?post=13218"},{"taxonomy":"post_tag","embeddable":true,"href":"https:\/\/www.europesays.com\/fi\/wp-json\/wp\/v2\/tags?post=13218"}],"curies":[{"name":"wp","href":"https:\/\/api.w.org\/{rel}","templated":true}]}}