{"id":132180,"date":"2026-01-03T06:26:09","date_gmt":"2026-01-03T06:26:09","guid":{"rendered":"https:\/\/www.europesays.com\/fi\/132180\/"},"modified":"2026-01-03T06:26:09","modified_gmt":"2026-01-03T06:26:09","slug":"aiti-herasi-mokilla-lapsensa-huutoihin-kun-ambulanssi-paasi-paikalle-ei-mitaan-ollut-tehtavissa","status":"publish","type":"post","link":"https:\/\/www.europesays.com\/fi\/132180\/","title":{"rendered":"\u00c4iti her\u00e4si m\u00f6kill\u00e4 lapsensa huutoihin \u2013 Kun ambulanssi p\u00e4\u00e4si paikalle, ei mit\u00e4\u00e4n ollut teht\u00e4viss\u00e4"},"content":{"rendered":"<p class=\"paragraph\">Murha tapahtui perint\u00f6m\u00f6kill\u00e4 Lumparlandin kunnassa Ahvenanmaalla aamuy\u00f6ll\u00e4 viime hein\u00e4kuussa.<\/p>\n<p class=\"paragraph\">V\u00e4h\u00e4n ennen kello nelj\u00e4\u00e4 aamulla 44-vuotias mies puki mustan kerraston p\u00e4\u00e4lleen, veti ty\u00f6hanskat k\u00e4siins\u00e4, keng\u00e4t jalkaansa ja otti Biltemasta ostamansa mets\u00e4stysveitsen ja asteli huoneeseen, jossa 35-vuotias pikkuveli nukkui.<\/p>\n<p class=\"paragraph\">Veljesten seitsem\u00e4nkymppinen \u00e4iti havahtui poikansa avunhuutoihin. Nuorempi veli huusi, ett\u00e4 veli \u201dtekee pahaa\u201d h\u00e4nelle. Veli \u201dmurhaa\u201d h\u00e4net.<\/p>\n<p class=\"paragraph\">J\u00e4rkyttynyt nainen rynt\u00e4si paikalle ja n\u00e4ki vanhemman poikansa nuoremman p\u00e4\u00e4ll\u00e4 s\u00e4ngyss\u00e4. Vanhempi veli puukotti nuorempaa s\u00e4\u00e4lim\u00e4tt\u00f6m\u00e4sti.<\/p>\n<p>Isoveli oli ostanut t\u00e4m\u00e4n veitsen Ruotsista. Vanhemmat eiv\u00e4t olleet sit\u00e4 aiemmin n\u00e4hneet. Ahvenanmaan poliisi<\/p>\n<p>\u201dMinulla ei ole velji\u00e4\u201d<\/p>\n<p class=\"paragraph\">V\u00e4liin mennyt \u00e4iti sai pahoja haavoja k\u00e4siins\u00e4, kun h\u00e4n yritti saada veitsen pois.<\/p>\n<p class=\"paragraph\">\u00c4idin mukaan poika oli puukottaessaan \u201dsoperrellut, ettei h\u00e4nell\u00e4 ole velji\u00e4\u201d ja puhunut muutakin sekavaa.<\/p>\n<p class=\"paragraph\">Nainen k\u00e4tki mets\u00e4stysveitsen tiskialtaan alle.<\/p>\n<p class=\"paragraph\">Hetke\u00e4 my\u00f6hemmin vanhempi poika nappasi keitti\u00f6st\u00e4 leip\u00e4veitsen ja hy\u00f6kk\u00e4si se k\u00e4dess\u00e4\u00e4n uudelleen pikkuveljen p\u00e4\u00e4lle.<\/p>\n<p>Viranomaisilla meni aikaa<\/p>\n<p>Puukottajaveljen leikkaantunut k\u00e4sine l\u00f6ytyi keitti\u00f6st\u00e4. Ahvenanmaan poliisi<\/p>\n<p class=\"paragraph\">Nyt my\u00f6s huonokuuloinen is\u00e4 oli paikalla.<\/p>\n<p class=\"paragraph\">Is\u00e4 tarttui puukottavaa poikaansa kaulasta tainnuttaakseen t\u00e4m\u00e4n. H\u00e4nkin sai veitsest\u00e4 haavoja eik\u00e4 saanut kunnollista otetta kaulasta.<\/p>\n<p class=\"paragraph\">Sitten is\u00e4n onnistui saada ote poikansa pitkist\u00e4 hiuksista. Seitsem\u00e4nkymppinen mies raahasi tukasta vet\u00e4en pitk\u00e4n mutta hyvin hoikan poikansa ulos terassille.<\/p>\n<p class=\"paragraph\">Mies huusi vaimolleen, ett\u00e4 t\u00e4m\u00e4 juoksisi naapuriin h\u00e4lytt\u00e4m\u00e4\u00e4n apua.<\/p>\n<p class=\"paragraph\">Naapurin rouva soittikin h\u00e4t\u00e4numeroon.<\/p>\n<p class=\"paragraph\">P\u00e4ivyst\u00e4j\u00e4 luuli ilmeisesti aluksi, ett\u00e4 lapsi on yritt\u00e4nyt itsemurhaa ja \u00e4iti olisi haavoittunut.<\/p>\n<p class=\"paragraph\">Paikalle l\u00e4hti kaksi poliisipartiota ja kaksi ambulanssia Maarianhaminasta. Viranomaisilla meni matkaan puolisen tuntia.<\/p>\n<p>Poika kuoli syliin<\/p>\n<p>Pelastajien tullessa eloton ja alaston pikkuveli makasi veren peitt\u00e4m\u00e4ll\u00e4 olohuoneen lattialla. <\/p>\n<p class=\"paragraph\">Ambulanssien henkil\u00f6kunta odotti, ett\u00e4 poliisit selvitt\u00e4v\u00e4t ensin tilanteen.<\/p>\n<p class=\"paragraph\">Poliisimiesten aseille ei ollut k\u00e4ytt\u00f6\u00e4. Viranomaisia vastassa pihalla oli verinen ja puolittain alaston ik\u00e4mies, joka kertoi, ett\u00e4 h\u00e4nen vaimonsa pit\u00e4\u00e4 terassilla tekij\u00e4\u00e4 aloillaan hiuksista kiinni pit\u00e4en. Uhri makasi olohuoneen lattialla elottomana.<\/p>\n<p class=\"paragraph\">Ensihoitajat k\u00e4sittiv\u00e4t tilanteen toivottomaksi, vaikka tekiv\u00e4t kaikkensa elvytt\u00e4\u00e4kseen uhrin, jota oli pistetty veitsell\u00e4 parikymment\u00e4 kertaa.<\/p>\n<p class=\"paragraph\">My\u00f6s is\u00e4 oli hetke\u00e4 aiemmin tehnyt saman johtop\u00e4\u00e4t\u00f6ksen. Poika oli kuollut h\u00e4nen syliins\u00e4. T\u00e4m\u00e4n ik\u00e4mies kertoi itkien kuulusteluissa pari p\u00e4iv\u00e4\u00e4 my\u00f6hemmin.<\/p>\n<p class=\"paragraph\">Uhri kuljetettiin helikopterilla sairaalaan, jossa l\u00e4\u00e4k\u00e4ri totesi h\u00e4net kuolleeksi.<\/p>\n<p>\u201dKassi olisi pit\u00e4nyt tutkia\u201d<\/p>\n<p>Poliisi l\u00f6ysi mets\u00e4stysveitsen kotelon 45-vuotiaan ep\u00e4illyn laukusta. Ahvenanmaan poliisi<\/p>\n<p class=\"paragraph\">Puukottaja ja h\u00e4nen vanhempansa olivat kaikki saaneet k\u00e4siins\u00e4 pahoja viiltoja. Heid\u00e4t vietiin sairaalaan, mutta eri ambulansseilla.<\/p>\n<p class=\"paragraph\">Yhden hoitajan mukaan nainen oli kes\u00e4m\u00f6kill\u00e4 lausunut, ett\u00e4 \u201dmeid\u00e4n olisi pit\u00e4nyt tutkia h\u00e4nen kassinsa\u201d viitaten mets\u00e4stysveitseen, jota kumpikaan vanhemmista ei ollut ennen n\u00e4hnyt.<\/p>\n<p class=\"paragraph\">M\u00f6kill\u00e4 oli useita ter\u00e4saseita, mutta poika oli tuonut kyseisen veitsen Ruotsista mukanaan.<\/p>\n<p class=\"paragraph\">Tukholman l\u00e4hist\u00f6ll\u00e4 omakotitalossa asunut, mutta Ahvenmaalta l\u00e4ht\u00f6isin oleva perhe oli saapunut saarimaakuntaan pari p\u00e4iv\u00e4\u00e4 aiemmin. Vanhempien mukaan veljeksill\u00e4 ei ollut ollut matkan aikana riitaa eik\u00e4 sellaista ollut my\u00f6sk\u00e4\u00e4n aiemmin.<\/p>\n<p class=\"paragraph\">Vanhempien mukaan he olivat aina pyrkineet kohtelemaan poikia tasaveroisesti.<\/p>\n<p>Erilaiset veljekset<\/p>\n<p>Henkirikos tapahtui perint\u00f6m\u00f6kill\u00e4. Ahvenanmaan poliisi<\/p>\n<p class=\"paragraph\">Veljekset olivat kuitenkin hyvin erilaisia persoonallisuuksia.<\/p>\n<p class=\"paragraph\">Pikkuveli oli aina ollut hyvin sopeutuvainen ja yst\u00e4v\u00e4llinen kaikille, jopa oman etunsa kustannuksella. Is\u00e4n mukaan h\u00e4n oli kehottanut poikaansa olemaan j\u00e4m\u00e4k\u00e4mpi, pit\u00e4m\u00e4\u00e4n paremmin huolta omasta edustaan, koska kukaan muukaan ei sit\u00e4 tee.<\/p>\n<p class=\"paragraph\">Isoveli on puolestaan v\u00e4h\u00e4sanainen, hyvin sis\u00e4\u00e4np\u00e4in k\u00e4\u00e4ntynyt. H\u00e4n k\u00e4rsii pahasta valo- ja \u00e4\u00e4niherkkyydest\u00e4 ja on pyrkinyt v\u00e4lttelem\u00e4\u00e4n sosiaalisia tilanteita.<\/p>\n<p class=\"paragraph\">Is\u00e4n mukaan poika oli ollut hyv\u00e4 koulussa, mutta yl\u00e4asteella h\u00e4nt\u00e4 oli kiusattu vakavasti. Pahin kiusaaja oli ollut naapurin poika, joka onneksi muutti sittemmin muualle.<\/p>\n<p class=\"paragraph\">Vanhempi poika p\u00e4\u00e4si koulun j\u00e4lkeen teknilliseen korkeakouluun. Pari ensimm\u00e4ist\u00e4 opiskeluvuotta sujui nuorukaiselta oikein hyvin, mutta ryhm\u00e4t\u00f6iden alettua sosiaalisesti rajoittunut nuori mies lopetti opiskelun.<\/p>\n<p class=\"paragraph\">Seuraavaksi h\u00e4n p\u00e4\u00e4si yliopistoon lukemaan lakia. Kertomansa mukaan h\u00e4n viihtyi, mutta yliopisto erotti h\u00e4net my\u00f6hemmin.<\/p>\n<p>Turvapaikka<\/p>\n<p>Is\u00e4 veti poikansa t\u00e4lle verannalle.  Ahvenanmaan poliisi<\/p>\n<p class=\"paragraph\"><a href=\"https:\/\/www.iltalehti.fi\/kotimaa\/8291f6e5-4357-40d1-90c9-2abcc7b1fa32\" rel=\"nofollow noopener\" target=\"_blank\">Murhasta ja kahdesta vammantuottamuksesta<\/a> joulun alla tuomittu nyky\u00e4\u00e4n 45-vuotias mies ei koskaan ole p\u00e4\u00e4ssyt kiinni ty\u00f6el\u00e4m\u00e4\u00e4n. H\u00e4n on aina asunut vanhempiensa taloudessa Tukholman l\u00e4hell\u00e4.<\/p>\n<p class=\"paragraph\">Kuulustelukertomuksista on p\u00e4\u00e4telt\u00e4viss\u00e4, ett\u00e4 vanhempien talo oli mielelle enemm\u00e4n kuin asunto, se oli turvapaikka.<\/p>\n<p class=\"paragraph\">My\u00f6s pikkuveli asui vanhempien taloudessa. Pikkuveli oli v\u00e4h\u00e4n aikaa t\u00f6iss\u00e4 maanmittaajana, mutta joutui lopettamaan ty\u00f6ns\u00e4.<\/p>\n<p class=\"paragraph\">Aikuiset veljekset eiv\u00e4t ole vanhempiensa mukaan k\u00e4ytt\u00e4neet p\u00e4ihteit\u00e4 jalkapallo-otteluiden oluita lukuun ottamatta.<\/p>\n<p>Vanhemmat saivat ensihoitoa kuvan p\u00f6yd\u00e4ll\u00e4. Ahvenanmaan poliisi<\/p>\n<p class=\"paragraph\">Veriteolle ei l\u00f6ytynyt oikeudenk\u00e4ynniss\u00e4 j\u00e4rkeenk\u00e4yp\u00e4\u00e4 motiivia.<\/p>\n<p class=\"paragraph\">45-vuotias mies on murhaaja, mutta h\u00e4n toteutti rikoksensa psyykkisen sairauden oireiden vallassa. H\u00e4n oli tekoaikaan syyntakeeton.<\/p>\n<p class=\"paragraph\">Mies on toistaiseksi Vanhan Vaasan sairaalassa pakkohoidossa.<\/p>\n<p>\u201dLauloi Suvivirtt\u00e4\u201d<\/p>\n<p>Poliisidrone kuvasi alueen tuoreeltaan. Kes\u00e4m\u00f6kki alhaalla, naapurin talo on vasemmassa nurkassa. Ahvenanmaan poliisi<\/p>\n<p class=\"paragraph\">Kuulusteluissa mies ei puhunut mit\u00e4\u00e4n rikoksistaan. H\u00e4n oli joko autuaasti tiet\u00e4m\u00e4t\u00f6n tapahtumista m\u00f6kill\u00e4 tai sitten h\u00e4n tarkoituksella pyrki sulkemaan asian mielest\u00e4\u00e4n siit\u00e4 vaikenemalla.<\/p>\n<p class=\"paragraph\">Kuullessaan j\u00e4rkytt\u00e4vist\u00e4 yksityiskohdista murhaep\u00e4ilty totesi kerta toisensa j\u00e4lkeen, ett\u00e4 \u201doi, oi, oi\u201d tai \u201dai, ai, ai\u201d. H\u00e4n sanoi, ettei sied\u00e4 v\u00e4kivaltaa eik\u00e4 halua katsoa rikosviihdett\u00e4 edes televisiosta.<\/p>\n<p class=\"paragraph\">Ambulanssinkuljettajan mukaan rikoksesta ep\u00e4ilty oli matkan aikana puhunut niit\u00e4 n\u00e4it\u00e4 kertoen muun muassa ruoanlaitosta.<\/p>\n<p class=\"paragraph\">Ambulanssiv\u00e4en yll\u00e4tykseksi ep\u00e4ilty oli laulanut suvivirtt\u00e4 \u201dDen blomstertid nu kommer\u201d.<\/p>\n<p class=\"paragraph\">Murhatuomio ei ole lainvoimainen, vaan siit\u00e4 voi valittaa hovioikeuteen.<\/p>\n<p>Naapurin oveen j\u00e4i verij\u00e4lki\u00e4, kun \u00e4iti haki sielt\u00e4 apua. Ahvenanmaan poliisi<\/p>\n","protected":false},"excerpt":{"rendered":"Murha tapahtui perint\u00f6m\u00f6kill\u00e4 Lumparlandin kunnassa Ahvenanmaalla aamuy\u00f6ll\u00e4 viime hein\u00e4kuussa. V\u00e4h\u00e4n ennen kello nelj\u00e4\u00e4 aamulla 44-vuotias mies puki mustan&hellip;\n","protected":false},"author":2,"featured_media":132181,"comment_status":"","ping_status":"","sticky":false,"template":"","format":"standard","meta":{"footnotes":""},"categories":[14],"tags":[22,23,26,27,33,31,30,17,101,99,100,24,25,28,29,15,18,21,98,32,19,20,56,16,102,4447,59,60,61],"class_list":{"0":"post-132180","1":"post","2":"type-post","3":"status-publish","4":"format-standard","5":"has-post-thumbnail","7":"category-ulkomaat","8":"tag-breaking-news","9":"tag-breakingnews","10":"tag-featured-news","11":"tag-featurednews","12":"tag-fi","13":"tag-finland","14":"tag-finnish","15":"tag-headlines","16":"tag-ihmissuhteet","17":"tag-lapset","18":"tag-lapset-ja-nuoret","19":"tag-latest-news","20":"tag-latestnews","21":"tag-main-news","22":"tag-mainnews","23":"tag-news","24":"tag-otsikot","25":"tag-paauutiset","26":"tag-perhe","27":"tag-suomi","28":"tag-top-stories","29":"tag-topstories","30":"tag-ulkomaat","31":"tag-uutiset","32":"tag-vanhemmat","33":"tag-viikko","34":"tag-world","35":"tag-world-news","36":"tag-worldnews"},"share_on_mastodon":{"url":"https:\/\/pubeurope.com\/@fi\/115829747475131446","error":""},"_links":{"self":[{"href":"https:\/\/www.europesays.com\/fi\/wp-json\/wp\/v2\/posts\/132180","targetHints":{"allow":["GET"]}}],"collection":[{"href":"https:\/\/www.europesays.com\/fi\/wp-json\/wp\/v2\/posts"}],"about":[{"href":"https:\/\/www.europesays.com\/fi\/wp-json\/wp\/v2\/types\/post"}],"author":[{"embeddable":true,"href":"https:\/\/www.europesays.com\/fi\/wp-json\/wp\/v2\/users\/2"}],"replies":[{"embeddable":true,"href":"https:\/\/www.europesays.com\/fi\/wp-json\/wp\/v2\/comments?post=132180"}],"version-history":[{"count":0,"href":"https:\/\/www.europesays.com\/fi\/wp-json\/wp\/v2\/posts\/132180\/revisions"}],"wp:featuredmedia":[{"embeddable":true,"href":"https:\/\/www.europesays.com\/fi\/wp-json\/wp\/v2\/media\/132181"}],"wp:attachment":[{"href":"https:\/\/www.europesays.com\/fi\/wp-json\/wp\/v2\/media?parent=132180"}],"wp:term":[{"taxonomy":"category","embeddable":true,"href":"https:\/\/www.europesays.com\/fi\/wp-json\/wp\/v2\/categories?post=132180"},{"taxonomy":"post_tag","embeddable":true,"href":"https:\/\/www.europesays.com\/fi\/wp-json\/wp\/v2\/tags?post=132180"}],"curies":[{"name":"wp","href":"https:\/\/api.w.org\/{rel}","templated":true}]}}