{"id":132184,"date":"2026-01-03T06:28:14","date_gmt":"2026-01-03T06:28:14","guid":{"rendered":"https:\/\/www.europesays.com\/fi\/132184\/"},"modified":"2026-01-03T06:28:14","modified_gmt":"2026-01-03T06:28:14","slug":"miksi-lunta-ei-tullutkaan","status":"publish","type":"post","link":"https:\/\/www.europesays.com\/fi\/132184\/","title":{"rendered":"Miksi lunta ei tullutkaan?"},"content":{"rendered":"<p>Vaikka lunta ei ole tullutkaan r\u00f6ykki\u00f6itt\u00e4in, ajo-olosuhteet ovat silti huonot, varoittaa meteorologi.<\/p>\n<p><img decoding=\"async\" class=\"image image-show image-preview\" src=\"https:\/\/www.europesays.com\/fi\/wp-content\/uploads\/2025\/11\/0e635be5d09d8588313fe39db17600917dd02bd5996d9b71844de60f7aa7184e.jpg\" alt=\"\"\/><img decoding=\"async\" class=\"image image-show\" src=\"https:\/\/www.europesays.com\/fi\/wp-content\/uploads\/2025\/11\/1763883491_799_0e635be5d09d8588313fe39db17600917dd02bd5996d9b71844de60f7aa7184e.jpg\" alt=\"\"\/><\/p>\n<p>P\u00f6lly\u00e4v\u00e4 lumi huonontaa ajokeli\u00e4. Kuvituskuva. OUTI JARVINEN<\/p>\n<p class=\"paragraph\">Meteorologi <a href=\"https:\/\/www.iltalehti.fi\/henkilot\/Anniina Valtonen\" class=\"article-link-person-page\" rel=\"nofollow noopener\" target=\"_blank\">Anniina Valtonen<\/a> ennusti vuoden ensimm\u00e4isen\u00e4 p\u00e4iv\u00e4n\u00e4 Ylen uutisissa etel\u00e4\u00e4n <a href=\"https:\/\/yle.fi\/a\/74-20202193\" rel=\"noopener nofollow\" target=\"_blank\">\u201dlumitykki-ilmi\u00f6t\u00e4\u201d<\/a>, joka tupruttaisi lounaisrannikolle jopa 40 senttimetri\u00e4 lunta.<\/p>\n<p class=\"paragraph\">\u2013 Jos t\u00e4m\u00e4 ennuste toteutuu, keli on todella vaarallinen! Valtonen varoitti.<\/p>\n<p class=\"paragraph\">Perjantaina iltap\u00e4iv\u00e4\u00e4n menness\u00e4 p\u00e4\u00e4kaupunkiseudulle ei ole juuri satanut lunta. Hurjin lumitykki-ilmi\u00f6 ei siis ilmestynyt etel\u00e4\u00e4n.<\/p>\n<p class=\"paragraph\">Komea lumikuuronauha on perjantaina kulkenut Helsingin l\u00e4nsipuolella, Valtonen kertoo Iltalehdelle. My\u00f6s Tammisaaren, Hangon ja Kirkkonummen suunnalla on tullut lunta.<\/p>\n<p class=\"paragraph\">Useista kymmenist\u00e4 senteist\u00e4 ei kuitenkaan ole kyse, sanoo Ilmatieteen laitoksen p\u00e4ivyst\u00e4v\u00e4 meteorologi <strong>Jani Sorsa<\/strong>.<\/p>\n<p class=\"paragraph\">Meteorologien on vaikea ennustaa lumikuurojen liikkeit\u00e4, Sorsa kertoo.<\/p>\n<p class=\"paragraph\">\u2013 Ne ovat herkki\u00e4 tuulen suunnille ja kertym\u00e4ennusteita on t\u00e4llaisessa tilanteessa ylip\u00e4\u00e4t\u00e4\u00e4nkin aika vaikeita saada kohdilleen.<\/p>\n<p class=\"paragraph\">Meteorologin mukaan lumisateiden ennakointi on yht\u00e4 tarkkaa tiedett\u00e4 kuin ukkosen.<\/p>\n<p class=\"paragraph\">\u2013 Jos ajattelee noita kes\u00e4isi\u00e4 ukkoskuuroja, niin niist\u00e4 pystyy sanomaan, ett\u00e4 onko ne mahdollisia tai todenn\u00e4k\u00f6isi\u00e4, mutta niist\u00e4 ei voi sanoa, ett\u00e4 minne ne osuu ja milloin tarkalleen, Sorsa selitt\u00e4\u00e4.<\/p>\n<p class=\"paragraph\">Vaikka nietokset eiv\u00e4t viel\u00e4 perjantaina etel\u00e4ss\u00e4 kohonneet korkeuksiin, lauantaina iltap\u00e4iv\u00e4\u00e4n menness\u00e4 joillekin paikkakunnille etel\u00e4ss\u00e4 saattaa tulla enemm\u00e4nkin lumikuuroja. Kun kuurojono osuu kohdalle, lunta voi kerty\u00e4 reippaasti.<\/p>\n<p>S\u00e4\u00e4ennusteet puhuttavat<\/p>\n<p class=\"paragraph\">S\u00e4\u00e4ennusteiden heittely on puhuttanut suomalaisia t\u00e4n\u00e4 talvena. Forecan meteorologi <strong>Markus M\u00e4ntykannas <\/strong>kertoo <a href=\"https:\/\/www.foreca.fi\/meteorologilta\/s9sx4fai\" rel=\"noopener nofollow\" target=\"_blank\">s\u00e4\u00e4blogissa<\/a> saaneensa lukijapalautetta, kun alkutalven ennusteet lauhasta talvesta eiv\u00e4t toteutuneetkaan.<\/p>\n<p class=\"paragraph\">\u201dRadikaalin\u201d muutoksen syyn\u00e4 voimistunut polaaripy\u00f6rre, joka kuljettaa maahaan kylm\u00e4\u00e4 ilmaa, M\u00e4ntykannas kertoo blogissa.<\/p>\n<p class=\"paragraph\">Polaaripy\u00f6rre on siirtynyt ennustettua etel\u00e4mm\u00e4ksi ja sen ydin on keikahtanut Suomen p\u00e4\u00e4lle, kertoo M\u00e4ntykannas. Aiemmin ennustetun lauhan s\u00e4\u00e4n sijaan py\u00f6rre vet\u00e4\u00e4kin maan ylle kylm\u00e4\u00e4 ilmaa napa-alueelta.<\/p>\n<p class=\"paragraph\">\u2013 On t\u00e4rke\u00e4\u00e4 muistaa, ett\u00e4 pitk\u00e4n aikav\u00e4lin s\u00e4\u00e4ennusteet ovat yh\u00e4 pitk\u00e4lti kokeiluasteella, ja niihin liittyy suuria haasteita erityisesti t\u00e4\u00e4ll\u00e4 pohjoisilla leveysasteilla, M\u00e4ntykannas kirjoittaa.<\/p>\n<p class=\"paragraph\">\u2013 T\u00e4m\u00e4n talven keskipitk\u00e4t s\u00e4\u00e4ennusteet n\u00e4yttiv\u00e4t toistuvasti hyvin lauhalta, mutta tammikuun alun kire\u00e4t pakkaset ovat el\u00e4v\u00e4 todiste siit\u00e4, ett\u00e4 ennusteet voivat muuttua nopeasti.<\/p>\n<p>P\u00f6lly\u00e4v\u00e4\u00e4 lunta kannattaa varoa<\/p>\n<p class=\"paragraph\">Pakkaslumi heikent\u00e4\u00e4 ajokeli\u00e4 vaikka lunta ei tulisikaan senttikaupalla. Perjantaina monella paikkakunnalla on ollut lumisateen takia sankkaa sumua vastaavia olosuhteita.<\/p>\n<p class=\"paragraph\">\u2013 Vaikka teill\u00e4 ei olisikaan r\u00f6ykki\u00f6iss\u00e4 lunta, se itsess\u00e4\u00e4n, ett\u00e4 sataa p\u00f6lly\u00e4v\u00e4\u00e4 lunta, vaikuttaa ajo-olosuhteisiin, Sorsa sanoo.<\/p>\n<p>Pakkanen kiristyy<\/p>\n<p class=\"paragraph\">Viikonloppuna lumisateet heikkenev\u00e4t ja pakkanen kiristyy. Maan etel\u00e4osissakin l\u00e4mp\u00f6tila saattaa paikoin pudota -20 asteeseen.<\/p>\n<p class=\"paragraph\">Torstain ja perjantain v\u00e4lisen\u00e4 y\u00f6n\u00e4 Enonteki\u00f6ll\u00e4 Kilpisj\u00e4rven kyl\u00e4keskuksessa mitattiin kuluvan talven pakkasenn\u00e4tys, eli -39.9 astetta. M\u00e4ntykannas arvelee, ett\u00e4 sopivissa olosuhteissa jopa 40 pakkasastetta saattaa ylitty\u00e4 l\u00e4hip\u00e4ivin\u00e4.<\/p>\n<p class=\"paragraph\">\u2013 T\u00e4ss\u00e4 on tosi kylm\u00e4 ilmamassa Suomen yll\u00e4, Sorsa kertoo.<\/p>\n<p class=\"paragraph\">Vuoden 2025 viimeisen\u00e4 p\u00e4iv\u00e4n\u00e4 julkaistun ECMWF:n kuukausiennusteen mukaan s\u00e4\u00e4 Pohjois- ja Keski-Euroopassa on tavallista kylmemp\u00e4\u00e4 ainakin seuraavat kaksi viikkoa.<\/p>\n<p class=\"paragraph\">Juttua korjattu 2.1. klo 18.55: Forecan meteorologi on Markus M\u00e4ntykannas, ei M\u00e4ntykangas.<\/p>\n<p><a href=\"https:\/\/www.iltalehti.fi\/parassaa?storeCampaign=ArticleBottomBanner\" rel=\"nofollow noopener\" target=\"_blank\"><img decoding=\"async\" src=\"https:\/\/www.europesays.com\/fi\/wp-content\/uploads\/2025\/08\/d0fd7860228df4fdd5fd0367e49d769aa09b08189080ddc5ccdd8c31ad63aca9.png\" alt=\"IL Paras S\u00e4\u00e4 - S\u00e4\u00e4tiedot ja s\u00e4\u00e4ennusteet\"\/><\/a><\/p>\n","protected":false},"excerpt":{"rendered":"Vaikka lunta ei ole tullutkaan r\u00f6ykki\u00f6itt\u00e4in, ajo-olosuhteet ovat silti huonot, varoittaa meteorologi. P\u00f6lly\u00e4v\u00e4 lumi huonontaa ajokeli\u00e4. Kuvituskuva. OUTI&hellip;\n","protected":false},"author":2,"featured_media":97661,"comment_status":"","ping_status":"","sticky":false,"template":"","format":"standard","meta":{"footnotes":""},"categories":[5],"tags":[35,22,23,26,27,33,31,30,17,713,24,25,28,29,715,5233,15,18,21,710,714,32,19,20,16],"class_list":{"0":"post-132184","1":"post","2":"type-post","3":"status-publish","4":"format-standard","5":"has-post-thumbnail","7":"category-otsikot","8":"tag-24h","9":"tag-breaking-news","10":"tag-breakingnews","11":"tag-featured-news","12":"tag-featurednews","13":"tag-fi","14":"tag-finland","15":"tag-finnish","16":"tag-headlines","17":"tag-lampotila-saa","18":"tag-latest-news","19":"tag-latestnews","20":"tag-main-news","21":"tag-mainnews","22":"tag-meteorologia","23":"tag-meteorologit","24":"tag-news","25":"tag-otsikot","26":"tag-paauutiset","27":"tag-saa","28":"tag-saaennustus","29":"tag-suomi","30":"tag-top-stories","31":"tag-topstories","32":"tag-uutiset"},"share_on_mastodon":{"url":"https:\/\/pubeurope.com\/@fi\/115829755283187199","error":""},"_links":{"self":[{"href":"https:\/\/www.europesays.com\/fi\/wp-json\/wp\/v2\/posts\/132184","targetHints":{"allow":["GET"]}}],"collection":[{"href":"https:\/\/www.europesays.com\/fi\/wp-json\/wp\/v2\/posts"}],"about":[{"href":"https:\/\/www.europesays.com\/fi\/wp-json\/wp\/v2\/types\/post"}],"author":[{"embeddable":true,"href":"https:\/\/www.europesays.com\/fi\/wp-json\/wp\/v2\/users\/2"}],"replies":[{"embeddable":true,"href":"https:\/\/www.europesays.com\/fi\/wp-json\/wp\/v2\/comments?post=132184"}],"version-history":[{"count":0,"href":"https:\/\/www.europesays.com\/fi\/wp-json\/wp\/v2\/posts\/132184\/revisions"}],"wp:featuredmedia":[{"embeddable":true,"href":"https:\/\/www.europesays.com\/fi\/wp-json\/wp\/v2\/media\/97661"}],"wp:attachment":[{"href":"https:\/\/www.europesays.com\/fi\/wp-json\/wp\/v2\/media?parent=132184"}],"wp:term":[{"taxonomy":"category","embeddable":true,"href":"https:\/\/www.europesays.com\/fi\/wp-json\/wp\/v2\/categories?post=132184"},{"taxonomy":"post_tag","embeddable":true,"href":"https:\/\/www.europesays.com\/fi\/wp-json\/wp\/v2\/tags?post=132184"}],"curies":[{"name":"wp","href":"https:\/\/api.w.org\/{rel}","templated":true}]}}