{"id":132185,"date":"2026-01-03T06:31:12","date_gmt":"2026-01-03T06:31:12","guid":{"rendered":"https:\/\/www.europesays.com\/fi\/132185\/"},"modified":"2026-01-03T06:31:12","modified_gmt":"2026-01-03T06:31:12","slug":"jyvaskylan-yliopiston-nobel-illassa-esitellaan-vuoden-2025-palkitut-tiedeaiheet","status":"publish","type":"post","link":"https:\/\/www.europesays.com\/fi\/132185\/","title":{"rendered":"Jyv\u00e4skyl\u00e4n yliopiston Nobel-illassa esitell\u00e4\u00e4n vuoden 2025 palkitut tiedeaiheet"},"content":{"rendered":"<p><strong><\/p>\n<p>Jyv\u00e4skyl\u00e4n yliopiston Nobel-illassa yliopiston asiantuntijat esittelev\u00e4t fysiikan, kemian, l\u00e4\u00e4ketieteen, kirjallisuuden ja taloustieteen vuoden 2025 palkitut aiheet. Tervetuloa paikan p\u00e4\u00e4lle ja suoraan verkkol\u00e4hetykseen tiistaina 9.12.2025 kello 18 alkaen.<\/p>\n<p><\/strong><\/p>\n<p>Nobel-palkinnot s\u00e4hk\u00f6ist\u00e4v\u00e4t tieteen maailmaa syksyn tullen joka vuosi. Jyv\u00e4skyl\u00e4n yliopiston perinteisiin kuuluu tilaisuus, jossa yliopiston asiantuntijat esittelev\u00e4t palkinnon saajat ja palkitut aiheet. He kertovat, millaista merkityst\u00e4 tutkimusl\u00f6yd\u00f6ll\u00e4 tai saavutuksella on ollut tieteen kent\u00e4ll\u00e4 \u2013 ja miten ty\u00f6 n\u00e4kyy jokap\u00e4iv\u00e4isess\u00e4 el\u00e4m\u00e4ss\u00e4mme.<\/p>\n<p>T\u00e4ll\u00e4 kertaa asiantuntijoina ovat tutkimusjohtaja\u00a0<strong>Tiina Jokela, <\/strong>apulaisprofessori\u00a0<strong>Manu Lahtinen,<\/strong> professori\u00a0<strong>Tero Heikkil\u00e4, <\/strong>yliopistonlehtori<strong>\u00a0Petteri Laihonen <\/strong>ja<strong> <\/strong>yliopistonlehtori\u00a0<strong>Mika Nieminen <\/strong>Jyv\u00e4skyl\u00e4n yliopistosta.<\/p>\n<p>Illan juontaa tiedetoimittaja\u00a0<strong>Mari Heikkil\u00e4.\u00a0<\/strong>Avaussanat tilaisuudessa lausuu Jyv\u00e4skyl\u00e4n yliopiston rehtori\u00a0<strong>Jari Ojala<\/strong>\u00a0ja p\u00e4\u00e4t\u00f6ssanat Jyv\u00e4skyl\u00e4n yliopiston Nanotiedekeskuksen johtaja\u00a0<strong>Lotta-Riina Sundberg<\/strong>. Yleis\u00f6ll\u00e4 on mahdollisuus esitt\u00e4\u00e4 kysymyksi\u00e4 esiintyjille illan aikana.<\/p>\n<p>Esittelyss\u00e4 on viisi Nobel-palkittua aihetta<\/p>\n<p>L\u00e4\u00e4ketieteen palkinto:<strong> Mary E. Brunkow, Fred Ramsdell ja Shimon Sakaguchi <\/strong>\/\u00a0<strong> <\/strong>immuunij\u00e4rjestelm\u00e4n itses\u00e4\u00e4tely, T-solut<\/p>\n<p>Kemian palkinto:\u00a0<strong>Susumu Kitagawa<\/strong>,<strong>\u00a0Richard Robson<\/strong>\u00a0ja\u00a0<strong>Omar M. Yaghi<\/strong> \/<br \/>metalliorgaaniset verkkorakenteet<\/p>\n<p>Fysiikan palkinto:\u00a0<strong>John Clarke<\/strong>,\u00a0<strong>Michel H. Devoret<\/strong>\u00a0ja\u00a0<strong>John M. Martinis<\/strong> \/\u00a0<br \/>kvanttimekaaninen tunnelointi ja s\u00e4hk\u00f6piirien kvanttimekaniikka<\/p>\n<p>Kirjallisuuden palkinto:\u00a0<strong>L\u00e1szl\u00f3 Krasznahorkai <\/strong>\/<br \/>unkarilaisen kirjailija L\u00e1szl\u00f3\u00a0Krasznahorkain\u00a0tuotanto<\/p>\n<p>Taloustieteen palkinto:\u00a0<strong>Joel Mokyr<\/strong>,\u00a0<strong>Philippe Aghion\u00a0<\/strong>ja<strong>\u00a0Peter Howitt<\/strong> \/<br \/>innovaatioiden vaikutus talouskasvuun \u00a0<\/p>\n<p>Nobel-ilta j\u00e4rjestet\u00e4\u00e4n Jyv\u00e4skyl\u00e4n yliopiston kirjasto L\u00e4hteess\u00e4 Tietoniekka-tilassa (Seminaarinkatu 15) tiistaina 9.12. klo 18.00-19.30. Tilaisuutta voit seurata my\u00f6s suorassa verkkol\u00e4hetyksess\u00e4\u00a0Jyv\u00e4skyl\u00e4n yliopiston verkkosivuilla\u00a0sek\u00e4 Yle Areenassa. Tilaisuuden p\u00e4\u00e4tteeksi illan yleis\u00f6lle on kahvitarjoilu Tietoniekassa.<\/p>\n","protected":false},"excerpt":{"rendered":"Jyv\u00e4skyl\u00e4n yliopiston Nobel-illassa yliopiston asiantuntijat esittelev\u00e4t fysiikan, kemian, l\u00e4\u00e4ketieteen, kirjallisuuden ja taloustieteen vuoden 2025 palkitut aiheet. Tervetuloa paikan&hellip;\n","protected":false},"author":2,"featured_media":132186,"comment_status":"","ping_status":"","sticky":false,"template":"","format":"standard","meta":{"footnotes":""},"categories":[115],"tags":[33,31,30,455,454,118,32,119],"class_list":{"0":"post-132185","1":"post","2":"type-post","3":"status-publish","4":"format-standard","5":"has-post-thumbnail","7":"category-fysiikka","8":"tag-fi","9":"tag-finland","10":"tag-finnish","11":"tag-fysiikka","12":"tag-physics","13":"tag-science","14":"tag-suomi","15":"tag-tiede"},"share_on_mastodon":{"url":"https:\/\/pubeurope.com\/@fi\/115829767076909963","error":""},"_links":{"self":[{"href":"https:\/\/www.europesays.com\/fi\/wp-json\/wp\/v2\/posts\/132185","targetHints":{"allow":["GET"]}}],"collection":[{"href":"https:\/\/www.europesays.com\/fi\/wp-json\/wp\/v2\/posts"}],"about":[{"href":"https:\/\/www.europesays.com\/fi\/wp-json\/wp\/v2\/types\/post"}],"author":[{"embeddable":true,"href":"https:\/\/www.europesays.com\/fi\/wp-json\/wp\/v2\/users\/2"}],"replies":[{"embeddable":true,"href":"https:\/\/www.europesays.com\/fi\/wp-json\/wp\/v2\/comments?post=132185"}],"version-history":[{"count":0,"href":"https:\/\/www.europesays.com\/fi\/wp-json\/wp\/v2\/posts\/132185\/revisions"}],"wp:featuredmedia":[{"embeddable":true,"href":"https:\/\/www.europesays.com\/fi\/wp-json\/wp\/v2\/media\/132186"}],"wp:attachment":[{"href":"https:\/\/www.europesays.com\/fi\/wp-json\/wp\/v2\/media?parent=132185"}],"wp:term":[{"taxonomy":"category","embeddable":true,"href":"https:\/\/www.europesays.com\/fi\/wp-json\/wp\/v2\/categories?post=132185"},{"taxonomy":"post_tag","embeddable":true,"href":"https:\/\/www.europesays.com\/fi\/wp-json\/wp\/v2\/tags?post=132185"}],"curies":[{"name":"wp","href":"https:\/\/api.w.org\/{rel}","templated":true}]}}