{"id":132198,"date":"2026-01-03T06:53:07","date_gmt":"2026-01-03T06:53:07","guid":{"rendered":"https:\/\/www.europesays.com\/fi\/132198\/"},"modified":"2026-01-03T06:53:07","modified_gmt":"2026-01-03T06:53:07","slug":"15-vuotta-sitten-lempaalalainen-jokke-suomela-tarjosi-perheen-kahdelle-isansa-menettaneelle-nyt-presidentti-palkitsi-hanen-esimerkillisen-tyonsa","status":"publish","type":"post","link":"https:\/\/www.europesays.com\/fi\/132198\/","title":{"rendered":"15 vuotta sitten lemp\u00e4\u00e4l\u00e4l\u00e4inen Jokke Suomela tarjosi perheen kahdelle is\u00e4ns\u00e4 menett\u00e4neelle \u2013 Nyt presidentti palkitsi h\u00e4nen esimerkillisen ty\u00f6ns\u00e4"},"content":{"rendered":"<p>55-vuotias Jokke Suomela on monelle lemp\u00e4\u00e4l\u00e4l\u00e4isnuorelle tuttu nuorten moottoripajasta. 15 vuotta sitten h\u00e4n ryhtyi my\u00f6s sijaisvanhemmaksi kahdelle is\u00e4ns\u00e4 menett\u00e4neelle nuorelle.<\/p>\n<p class=\"article-body mb-nof-24 px-nof-16\">N\u00e4in hienoa kunniamerkki\u00e4 ei kovin monesta lemp\u00e4\u00e4l\u00e4l\u00e4isest\u00e4 kodista l\u00f6ydy. <a class=\"font-bold underline-offset-[0.12em] [text-decoration:var(--person-link-text-decoration)] ![text-decoration-color:var(--person-link-text-decoration-color)]\" href=\"https:\/\/www.aamulehti.fi\/haku\/?query=Jokke%20Suomela\" rel=\"nofollow noopener\" target=\"_blank\">Jokke Suomela<\/a> hypistelee tasavallan presidentilt\u00e4 <a class=\"font-bold underline-offset-[0.12em] [text-decoration:var(--person-link-text-decoration)] ![text-decoration-color:var(--person-link-text-decoration-color)]\" href=\"https:\/\/www.aamulehti.fi\/haku\/?query=Alexander%20Stubbilta\" rel=\"nofollow noopener\" target=\"_blank\">Alexander Stubbilta<\/a> saamaansa tunnustusta ylpe\u00e4n\u00e4, mutta edelleen hieman h\u00e4keltyneen\u00e4. \u201dT\u00e4t\u00e4 ei sovi miss\u00e4\u00e4n lipaston laatikossa piilotella.\u201d<\/p>\n","protected":false},"excerpt":{"rendered":"55-vuotias Jokke Suomela on monelle lemp\u00e4\u00e4l\u00e4l\u00e4isnuorelle tuttu nuorten moottoripajasta. 15 vuotta sitten h\u00e4n ryhtyi my\u00f6s sijaisvanhemmaksi kahdelle is\u00e4ns\u00e4&hellip;\n","protected":false},"author":2,"featured_media":132199,"comment_status":"","ping_status":"","sticky":false,"template":"","format":"standard","meta":{"footnotes":""},"categories":[12],"tags":[157,22,23,26,27,33,31,30,17,24,25,28,29,15,18,21,32,19,20,16],"class_list":{"0":"post-132198","1":"post","2":"type-post","3":"status-publish","4":"format-standard","5":"has-post-thumbnail","7":"category-suomi","8":"tag-aamulehti","9":"tag-breaking-news","10":"tag-breakingnews","11":"tag-featured-news","12":"tag-featurednews","13":"tag-fi","14":"tag-finland","15":"tag-finnish","16":"tag-headlines","17":"tag-latest-news","18":"tag-latestnews","19":"tag-main-news","20":"tag-mainnews","21":"tag-news","22":"tag-otsikot","23":"tag-paauutiset","24":"tag-suomi","25":"tag-top-stories","26":"tag-topstories","27":"tag-uutiset"},"share_on_mastodon":{"url":"https:\/\/pubeurope.com\/@fi\/115829853691006991","error":""},"_links":{"self":[{"href":"https:\/\/www.europesays.com\/fi\/wp-json\/wp\/v2\/posts\/132198","targetHints":{"allow":["GET"]}}],"collection":[{"href":"https:\/\/www.europesays.com\/fi\/wp-json\/wp\/v2\/posts"}],"about":[{"href":"https:\/\/www.europesays.com\/fi\/wp-json\/wp\/v2\/types\/post"}],"author":[{"embeddable":true,"href":"https:\/\/www.europesays.com\/fi\/wp-json\/wp\/v2\/users\/2"}],"replies":[{"embeddable":true,"href":"https:\/\/www.europesays.com\/fi\/wp-json\/wp\/v2\/comments?post=132198"}],"version-history":[{"count":0,"href":"https:\/\/www.europesays.com\/fi\/wp-json\/wp\/v2\/posts\/132198\/revisions"}],"wp:featuredmedia":[{"embeddable":true,"href":"https:\/\/www.europesays.com\/fi\/wp-json\/wp\/v2\/media\/132199"}],"wp:attachment":[{"href":"https:\/\/www.europesays.com\/fi\/wp-json\/wp\/v2\/media?parent=132198"}],"wp:term":[{"taxonomy":"category","embeddable":true,"href":"https:\/\/www.europesays.com\/fi\/wp-json\/wp\/v2\/categories?post=132198"},{"taxonomy":"post_tag","embeddable":true,"href":"https:\/\/www.europesays.com\/fi\/wp-json\/wp\/v2\/tags?post=132198"}],"curies":[{"name":"wp","href":"https:\/\/api.w.org\/{rel}","templated":true}]}}