{"id":132206,"date":"2026-01-03T07:13:08","date_gmt":"2026-01-03T07:13:08","guid":{"rendered":"https:\/\/www.europesays.com\/fi\/132206\/"},"modified":"2026-01-03T07:13:08","modified_gmt":"2026-01-03T07:13:08","slug":"hiihtotahti-vilma-nissinen-pyytaa-anteeksi-kohukommenttiaan-vantaasta-urheilu","status":"publish","type":"post","link":"https:\/\/www.europesays.com\/fi\/132206\/","title":{"rendered":"Hiihtot\u00e4hti Vilma Nissinen pyyt\u00e4\u00e4 anteeksi kohukommenttiaan Vantaasta | Urheilu"},"content":{"rendered":"<p>Suomen maastohiiht\u00e4j\u00e4 <strong>Vilma Nissinen<\/strong>, 28, pyyt\u00e4\u00e4 anteeksi kommenttiaan, jossa h\u00e4n vertasi Vantaan Hakunilaa Somalian p\u00e4\u00e4kaupungiksi Mogadishuksi.<\/p>\n<p>\u2013 Heti kilpailun j\u00e4lkeen antamani kommentti oli sopimaton ja asiaton. Pyyd\u00e4n sit\u00e4 vilpitt\u00f6m\u00e4sti anteeksi, nainen kommentoi Suomen Hiihtoliiton tiedotteessa.<\/p>\n<p>Suomen Hiihtoliitto kertoo irtisanoutuvansa maajoukkuehiiht\u00e4j\u00e4n antamasta lausunnosta.<\/p>\n<p>Nissinen latoi kohulausunnon uudenvuodenp\u00e4iv\u00e4n\u00e4, kun h\u00e4nelt\u00e4 kysyttiin, kuinka paljon mieluummin h\u00e4n kilpailee Italiassa kuin Vantaalla.<\/p>\n<p>Olympialaisiin tyrkyll\u00e4 oleva Nissinen sijoittui torstaina Tour de Skin 20 kilometrin perinteisen takaa-ajossa 22:nneksi ollen nelj\u00e4nneksi paras suomalainen.<\/p>\n<p>\t\t\t\t\t<img class=\"diks-card__image\" src=\"https:\/\/www.europesays.com\/fi\/wp-content\/uploads\/2026\/01\/29.13577014.jpg\"   loading=\"lazy\" decoding=\"sync\" alt=\"\"\/><\/p>\n","protected":false},"excerpt":{"rendered":"Suomen maastohiiht\u00e4j\u00e4 Vilma Nissinen, 28, pyyt\u00e4\u00e4 anteeksi kommenttiaan, jossa h\u00e4n vertasi Vantaan Hakunilaa Somalian p\u00e4\u00e4kaupungiksi Mogadishuksi. \u2013 Heti&hellip;\n","protected":false},"author":2,"featured_media":132207,"comment_status":"","ping_status":"","sticky":false,"template":"","format":"standard","meta":{"footnotes":""},"categories":[158],"tags":[33,31,30,405,2096,41,2668,159,32,1145,160,161,2359],"class_list":{"0":"post-132206","1":"post","2":"type-post","3":"status-publish","4":"format-standard","5":"has-post-thumbnail","7":"category-urheilu","8":"tag-fi","9":"tag-finland","10":"tag-finnish","11":"tag-helsingin-seutukunta","12":"tag-hiihtolajit","13":"tag-liikunta-ja-urheilu","14":"tag-pohjoismaiset-hiihtolajit","15":"tag-sports","16":"tag-suomi","17":"tag-talviurheilu","18":"tag-urheilu","19":"tag-urheilutapahtumat","20":"tag-vantaa"},"share_on_mastodon":{"url":"https:\/\/pubeurope.com\/@fi\/115829932279454869","error":""},"_links":{"self":[{"href":"https:\/\/www.europesays.com\/fi\/wp-json\/wp\/v2\/posts\/132206","targetHints":{"allow":["GET"]}}],"collection":[{"href":"https:\/\/www.europesays.com\/fi\/wp-json\/wp\/v2\/posts"}],"about":[{"href":"https:\/\/www.europesays.com\/fi\/wp-json\/wp\/v2\/types\/post"}],"author":[{"embeddable":true,"href":"https:\/\/www.europesays.com\/fi\/wp-json\/wp\/v2\/users\/2"}],"replies":[{"embeddable":true,"href":"https:\/\/www.europesays.com\/fi\/wp-json\/wp\/v2\/comments?post=132206"}],"version-history":[{"count":0,"href":"https:\/\/www.europesays.com\/fi\/wp-json\/wp\/v2\/posts\/132206\/revisions"}],"wp:featuredmedia":[{"embeddable":true,"href":"https:\/\/www.europesays.com\/fi\/wp-json\/wp\/v2\/media\/132207"}],"wp:attachment":[{"href":"https:\/\/www.europesays.com\/fi\/wp-json\/wp\/v2\/media?parent=132206"}],"wp:term":[{"taxonomy":"category","embeddable":true,"href":"https:\/\/www.europesays.com\/fi\/wp-json\/wp\/v2\/categories?post=132206"},{"taxonomy":"post_tag","embeddable":true,"href":"https:\/\/www.europesays.com\/fi\/wp-json\/wp\/v2\/tags?post=132206"}],"curies":[{"name":"wp","href":"https:\/\/api.w.org\/{rel}","templated":true}]}}