{"id":132208,"date":"2026-01-03T07:14:06","date_gmt":"2026-01-03T07:14:06","guid":{"rendered":"https:\/\/www.europesays.com\/fi\/132208\/"},"modified":"2026-01-03T07:14:06","modified_gmt":"2026-01-03T07:14:06","slug":"ehtoolehto-sarjassa-hoivakodissa-tapahtuu-kummia","status":"publish","type":"post","link":"https:\/\/www.europesays.com\/fi\/132208\/","title":{"rendered":"Ehtoolehto-sarjassa hoivakodissa tapahtuu kummia"},"content":{"rendered":"<p>\n  Ehtoolehto-sarjan tunnelma on samaan aikaan l\u00e4mminhenkinen, arkinen ja pahaenteinen.<\/p>\n<p>\n            Teksti:          <\/p>\n<p>\n            Milla Olkkonen-Lind          <\/p>\n<p>Aiemmin Ruudussa julkaistu ja kertaalleen Nelosellakin esitetty Ehtoolehto-sarja n\u00e4hd\u00e4\u00e4n uusintana viikonlopun aikana. Lauantaina esitet\u00e4\u00e4n ensimm\u00e4iset nelj\u00e4 jaksoa, sunnuntaina loput nelj\u00e4.<\/p>\n<p>Sarjan alussa Ehtoolehdon hoivakodin pidetty nuori kokki kuolee. Muutenkin hoivakodissa tapahtuu kummia \u2013 tavaroita ja henkil\u00f6kunnan j\u00e4seni\u00e4 katoaa, k\u00e4yt\u00e4vilt\u00e4 kuuluu mekkalaa. Siiri (<strong>Leena Uotila<\/strong>) yst\u00e4vineen (<strong>Rea Mauranen<\/strong>, <strong>Eeva Litmanen<\/strong>) alkaa selvitt\u00e4\u00e4, mit\u00e4 on meneill\u00e4\u00e4n. Apua he saavat kokin hiukan salaper\u00e4iselt\u00e4 moottoripy\u00f6r\u00e4kerhokaverilta (<strong>Jarkko Niemi<\/strong>).<\/p>\n<p><strong>Minna Lindgrenin<\/strong>\u00a0romaaniin perustuvan sarjan tunnelma on samaan aikaan l\u00e4mminhenkinen, arkinen ja pahaenteinen.\u00a0Ehtoolehto\u00a0nostaa esille my\u00f6s hoiva-alan ahdingon. Tieto ei kulje, pienimmist\u00e4kin toimenpiteist\u00e4 laskutetaan. Uuden kokin p\u00f6per\u00f6t ovat lusikoitavaa sotkua ilman purutuntumaa. Hoivakodin asukkaille kuin lapsille puhuva toiminnanjohtaja (<strong>Minttu Mustakallio<\/strong>) ei oikein sovellu teht\u00e4v\u00e4\u00e4ns\u00e4.<\/p>\n<p>Ik\u00e4ihmiset puolestaan kuvataan ilahduttavasti omina persooninaan ja vakavasti otettavina inhimillisin\u00e4 toimijoina. Toki mukaan mahtuu muutama hupsukin, kuten kiroileva vaari (<strong>Tom Wentzel<\/strong>) ja uskonnollinen myssyrouva (<strong>Seela Sella<\/strong>). Ohjaaja\u00a0<strong>Taru M\u00e4kel\u00e4<\/strong>\u00a0vilahtaa papin roolissa Tero-kokin hautajaisissa.<\/p>\n<p>Ehtoolehto, lauantai 3.1. klo 16.45 &amp; sunnuntai 4.1. klo 16.50, <a href=\"https:\/\/www.ruutu.fi\/ohjelmat\/ehtoolehto\" target=\"_blank\" rel=\"noreferrer noopener nofollow\">Nelonen<\/a><\/p>\n<p><a href=\"https:\/\/seura.fi\/ilmiot\/lemmikit\/seela-sella-itki-nahdessaan-kuvan-roskikseen-hylatysta-koirasta\/\" target=\"_blank\" rel=\"noreferrer noopener nofollow\">Lue my\u00f6s: Seela Sella itki kuin r\u00e4nni n\u00e4hdess\u00e4\u00e4n kuvan roskikseen hyl\u00e4tyst\u00e4 Nasu-koirasta \u2013 Arasta koirasta kuoriutui hiljalleen uskollinen lemmikki<\/a><\/p>\n","protected":false},"excerpt":{"rendered":"Ehtoolehto-sarjan tunnelma on samaan aikaan l\u00e4mminhenkinen, arkinen ja pahaenteinen. Teksti: Milla Olkkonen-Lind Aiemmin Ruudussa julkaistu ja kertaalleen Nelosellakin&hellip;\n","protected":false},"author":2,"featured_media":132209,"comment_status":"","ping_status":"","sticky":false,"template":"","format":"standard","meta":{"footnotes":""},"categories":[130],"tags":[137,33,31,30,23324,21776,23325,6077,23326,983,32,23327,2203,109],"class_list":{"0":"post-132208","1":"post","2":"type-post","3":"status-publish","4":"format-standard","5":"has-post-thumbnail","7":"category-viihde","8":"tag-entertainment","9":"tag-fi","10":"tag-finland","11":"tag-finnish","12":"tag-hoiva-ala","13":"tag-ikaihmiset","14":"tag-kotimaiset-tv-sarjat","15":"tag-leena-uotila","16":"tag-minna-lindgren","17":"tag-mysteerit","18":"tag-suomi","19":"tag-taru-makela","20":"tag-tv-maailma","21":"tag-viihde"},"share_on_mastodon":{"url":"https:\/\/pubeurope.com\/@fi\/115829936126312357","error":""},"_links":{"self":[{"href":"https:\/\/www.europesays.com\/fi\/wp-json\/wp\/v2\/posts\/132208","targetHints":{"allow":["GET"]}}],"collection":[{"href":"https:\/\/www.europesays.com\/fi\/wp-json\/wp\/v2\/posts"}],"about":[{"href":"https:\/\/www.europesays.com\/fi\/wp-json\/wp\/v2\/types\/post"}],"author":[{"embeddable":true,"href":"https:\/\/www.europesays.com\/fi\/wp-json\/wp\/v2\/users\/2"}],"replies":[{"embeddable":true,"href":"https:\/\/www.europesays.com\/fi\/wp-json\/wp\/v2\/comments?post=132208"}],"version-history":[{"count":0,"href":"https:\/\/www.europesays.com\/fi\/wp-json\/wp\/v2\/posts\/132208\/revisions"}],"wp:featuredmedia":[{"embeddable":true,"href":"https:\/\/www.europesays.com\/fi\/wp-json\/wp\/v2\/media\/132209"}],"wp:attachment":[{"href":"https:\/\/www.europesays.com\/fi\/wp-json\/wp\/v2\/media?parent=132208"}],"wp:term":[{"taxonomy":"category","embeddable":true,"href":"https:\/\/www.europesays.com\/fi\/wp-json\/wp\/v2\/categories?post=132208"},{"taxonomy":"post_tag","embeddable":true,"href":"https:\/\/www.europesays.com\/fi\/wp-json\/wp\/v2\/tags?post=132208"}],"curies":[{"name":"wp","href":"https:\/\/api.w.org\/{rel}","templated":true}]}}