{"id":13222,"date":"2025-08-22T14:38:09","date_gmt":"2025-08-22T14:38:09","guid":{"rendered":"https:\/\/www.europesays.com\/fi\/13222\/"},"modified":"2025-08-22T14:38:09","modified_gmt":"2025-08-22T14:38:09","slug":"alone-suomi-tuotanto-paljastaa-miten-aarimmaista-ohjelmaa-tehtiin","status":"publish","type":"post","link":"https:\/\/www.europesays.com\/fi\/13222\/","title":{"rendered":"Alone Suomi: Tuotanto paljastaa, miten \u00e4\u00e4rimm\u00e4ist\u00e4 ohjelmaa tehtiin"},"content":{"rendered":"<p>Armottomassa Alone Suomi -sarjassa kilpailijoiden pit\u00e4\u00e4 selviyty\u00e4 yksin keskell\u00e4 Inarin er\u00e4maata ja hankkia itse ruokansa. Tuotanto paljastaa, mit\u00e4 he oikeasti saivat mukaansa.<\/p>\n<p class=\"article-body margin-bottom-24 padding-x-16\">\u2013 T\u00e4m\u00e4 on mennyt ihan p\u00e4in helvetti\u00e4! huudahtaa yksi kilpailijoista MTV3:n uudessa Alone Suomi -sarjassa.<\/p>\n<p class=\"article-body margin-bottom-24 padding-x-16\">Sarjassa kahdeksan taviskilpailijaa joutuu \u00e4\u00e4rirajoille, kun heid\u00e4n pit\u00e4\u00e4 selviyty\u00e4 yksin Inarin er\u00e4maassa eristyksiss\u00e4 ulkomaailmasta. Kisan ja 20 000 euroa voittaa se, joka on kest\u00e4nyt pisimp\u00e4\u00e4n.<\/p>\n<p class=\"article-body margin-bottom-24 padding-x-16\">Jokainen kilpailijoista saa ottaa mukaansa perusvarusteet, omat vaatteet ja joukon vapaavalintaisia varusteita. Vakiovarusteisiin lukeutuvat muun muassa kevytpeite, makuupussi ja porontalja, mutta esimerkiksi katiska on vapaavalintainen. Ruoka on hankittava itse.<\/p>\n<p class=\"article-body margin-bottom-24 padding-x-16\">Vastaavat tuottajat <a class=\"article-personlink\" href=\"https:\/\/www.is.fi\/haku\/?query=Jasmi%20Kuusisto\" rel=\"nofollow noopener\" target=\"_blank\">Jasmi Kuusisto<\/a> ja <a class=\"article-personlink\" href=\"https:\/\/www.is.fi\/haku\/?query=Heidi%20Munkberg\" rel=\"nofollow noopener\" target=\"_blank\">Heidi Munkberg<\/a> kertovat, ett\u00e4 jokainen kilpailija sai valita nelj\u00e4st\u00e4 ruokatarvikkeesta kaksi. Vaihtoehtoina oli 600 grammaa suklaata, 500 grammaa kuivattuja p\u00e4hkin\u00f6it\u00e4, rusinoita ja hedelmi\u00e4, 500 grammaa kuivalihaa ja 100 grammaa suolaa.<\/p>\n<p class=\"article-body margin-bottom-24 padding-x-16\">\u2013 Itse tontilla oli kaikilla mahdollisuus kalastaa, marjastaa ja sienest\u00e4\u00e4, Munkberg kertoo.<\/p>\n<p class=\"article-body margin-bottom-24 padding-x-16\">Mets\u00e4st\u00e4minen ei ollut sallittua. Kilpailijoilla ei ollut mets\u00e4styslupia eik\u00e4 varusteita siihen.<\/p>\n<p><img decoding=\"async\" src=\"https:\/\/www.europesays.com\/fi\/wp-content\/uploads\/2025\/08\/1755873488_209_468.jpg\" alt=\"Vastaava tuottaja Heidi Munkberg kertoi tuotannon valvoneen kilpailijoita ymp\u00e4rivuorokautisesti, vaikka n\u00e4k\u00f6yhteytt\u00e4 kilpailijoihin ei ollutkaan.\" class=\"_Img_tdqg8_1\" style=\"aspect-ratio:1.5\" loading=\"eager\"\/><\/p>\n<p class=\"article-picture-caption\">Vastaava tuottaja Heidi Munkberg kertoi tuotannon valvoneen kilpailijoita ymp\u00e4rivuorokautisesti, vaikka n\u00e4k\u00f6yhteytt\u00e4 kilpailijoihin ei ollutkaan. Kuva:\u00a0Paula Kaskimaa \/ IS<\/p>\n<p class=\"article-body margin-bottom-24 padding-x-16\">Kilpailijat pysytteliv\u00e4t yksin omassa leiriss\u00e4\u00e4n tiet\u00e4m\u00e4tt\u00e4, mit\u00e4 muut puuhaavat. He my\u00f6s kuvaavat itse ja tilitt\u00e4v\u00e4t kameralle tuntemuksiaan. Monelle suurimpana haasteena oli n\u00e4l\u00e4n ohella tasapainottelu oman p\u00e4\u00e4n ja ajatusten kanssa.<\/p>\n<p class=\"article-body margin-bottom-24 padding-x-16\">Turvallisuus oli t\u00e4rke\u00e4 kysymys. Kilpailijoiden vointia seurattiin ymp\u00e4rivuorokautisesti gps-laitteen ja sos-messengerviestimen kautta.<\/p>\n<p class=\"article-body margin-bottom-24 padding-x-16\">Tuottajat paljastavat, ett\u00e4 l\u00e4\u00e4k\u00e4ri tapaamassa kerran viikossa kilpailijoita ja tarkkailemassa heid\u00e4n vointiaan. Yhdysvaltain versiossa on n\u00e4hty, ett\u00e4 kilpailijoita punnitaan, ja sama toistui Suomessa.<\/p>\n<p class=\"article-body margin-bottom-24 padding-x-16\">\u2013 L\u00e4\u00e4k\u00e4ri k\u00e4vi tapaamassa jokaista ja otti tietyt mittaukset ja arvot, ja sen perusteella seurattiin heid\u00e4n hyvinvointiaan.<\/p>\n<p class=\"article-body margin-bottom-24 padding-x-16\">Pidemm\u00e4lle ment\u00e4ess\u00e4 kilpailijoille annettiin terveydellist\u00e4 syist\u00e4 l\u00e4\u00e4k\u00e4rin ja ravintoterapeutin ohjeistamana vitamiineja, rasvaa ja p\u00e4hkin\u00f6it\u00e4.<\/p>\n<p><img decoding=\"async\" src=\"https:\/\/www.europesays.com\/fi\/wp-content\/uploads\/2025\/08\/1755873489_107_468.jpg\" alt=\"Kilpailu alkaa bootcampilla, jossa kilpailijat tutustuivat varusteisiinsa, turvatoimiin ja toisiinsa.\" class=\"_Img_tdqg8_1\" style=\"aspect-ratio:1.5\" loading=\"eager\"\/><\/p>\n<p class=\"article-picture-caption\">Kilpailu alkaa bootcampilla, jossa kilpailijat tutustuivat varusteisiinsa, turvatoimiin ja toisiinsa. Kuva:\u00a0MTV<\/p>\n<p class=\"article-body margin-bottom-24 padding-x-16\">Jos jotakin h\u00e4lytt\u00e4v\u00e4\u00e4 olisi k\u00e4ynyt, tuotannon valvomo olisi saanut siit\u00e4 saman tien tiedon turvallisuuslaitteiden avulla, ja pelastustiimi p\u00e4\u00e4ssyt paikalle.<\/p>\n<p class=\"article-body margin-bottom-24 padding-x-16\">\u2013 Meill\u00e4 oli jatkuva seuranta, miss\u00e4 he ovat ja liikkuvatko. Jos he olivat liikaa paikallaan, saimme turvallisuuslaitteen avulla yhteyden ja pystyimme kysym\u00e4\u00e4n viesteill\u00e4, onko kaikki hyvin.<\/p>\n<p class=\"article-body margin-bottom-24 padding-x-16\">Kilpailijat k\u00e4yttiv\u00e4t laitetta my\u00f6s silloin, kun halusivat luovuttaa kisan.<\/p>\n<p class=\"article-body margin-bottom-24 padding-x-16\">Mit\u00e4\u00e4n p\u00e4\u00e4ttymisaikaa kuvauksille ei tuottajien mukaan ollut. Kilpailun voitti se, joka kesti pisimp\u00e4\u00e4n armottomissa olosuhteissa. Munkbergin yll\u00e4tti kisaajien sitkeys ja sinnikkyys.<\/p>\n<p class=\"article-body margin-bottom-24 padding-x-16\">\u2013 My\u00f6nn\u00e4n k\u00e4si syd\u00e4mell\u00e4, ett\u00e4 minulla oli v\u00e4h\u00e4n ruusunpunaiset mielikuvat siit\u00e4, mit\u00e4 se er\u00e4oleminen siell\u00e4 on. Minut yll\u00e4tti, miten pienikin vaihtelu s\u00e4\u00e4olosuhteissa saattoi vaikuttaa olemiseen, tekemiseen ja selviytymiseen.<\/p>\n<p class=\"article-body margin-bottom-24 padding-x-16\">Kymmenosaisen sarjan ensimm\u00e4inen jakso on suhteellisen seesteinen ja kilpailijoita esittelev\u00e4, mutta lehdist\u00f6tilaisuuteen osallistuneet kilpailijat <a class=\"article-personlink\" href=\"https:\/\/www.is.fi\/haku\/?query=Aki\" rel=\"nofollow noopener\" target=\"_blank\">Aki <\/a>ja <a class=\"article-personlink\" href=\"https:\/\/www.is.fi\/haku\/?query=Petteri\" rel=\"nofollow noopener\" target=\"_blank\">Petteri<\/a> paljastivat, ett\u00e4 sen j\u00e4lkeen alkaa tapahtua.<\/p>\n<p class=\"article-body nof-ui-body-medium margin-bottom-24 padding-x-16\">Alone Suomi MTV3:lla klo 21.00 tiistaisin 9.9. alkaen. Kolme ensimm\u00e4ist\u00e4 jaksoa on n\u00e4ht\u00e4vill\u00e4 9.9. alkaen MTV Katsomo+ -palvelussa.<\/p>\n","protected":false},"excerpt":{"rendered":"Armottomassa Alone Suomi -sarjassa kilpailijoiden pit\u00e4\u00e4 selviyty\u00e4 yksin keskell\u00e4 Inarin er\u00e4maata ja hankkia itse ruokansa. Tuotanto paljastaa, mit\u00e4&hellip;\n","protected":false},"author":2,"featured_media":13223,"comment_status":"","ping_status":"","sticky":false,"template":"","format":"standard","meta":{"footnotes":""},"categories":[133],"tags":[137,33,31,30,34,32,206,156,109],"class_list":{"0":"post-13222","1":"post","2":"type-post","3":"status-publish","4":"format-standard","5":"has-post-thumbnail","7":"category-televisiot","8":"tag-entertainment","9":"tag-fi","10":"tag-finland","11":"tag-finnish","12":"tag-ilta-sanomat","13":"tag-suomi","14":"tag-televisiot","15":"tag-tv","16":"tag-viihde"},"share_on_mastodon":{"url":"","error":""},"_links":{"self":[{"href":"https:\/\/www.europesays.com\/fi\/wp-json\/wp\/v2\/posts\/13222","targetHints":{"allow":["GET"]}}],"collection":[{"href":"https:\/\/www.europesays.com\/fi\/wp-json\/wp\/v2\/posts"}],"about":[{"href":"https:\/\/www.europesays.com\/fi\/wp-json\/wp\/v2\/types\/post"}],"author":[{"embeddable":true,"href":"https:\/\/www.europesays.com\/fi\/wp-json\/wp\/v2\/users\/2"}],"replies":[{"embeddable":true,"href":"https:\/\/www.europesays.com\/fi\/wp-json\/wp\/v2\/comments?post=13222"}],"version-history":[{"count":0,"href":"https:\/\/www.europesays.com\/fi\/wp-json\/wp\/v2\/posts\/13222\/revisions"}],"wp:featuredmedia":[{"embeddable":true,"href":"https:\/\/www.europesays.com\/fi\/wp-json\/wp\/v2\/media\/13223"}],"wp:attachment":[{"href":"https:\/\/www.europesays.com\/fi\/wp-json\/wp\/v2\/media?parent=13222"}],"wp:term":[{"taxonomy":"category","embeddable":true,"href":"https:\/\/www.europesays.com\/fi\/wp-json\/wp\/v2\/categories?post=13222"},{"taxonomy":"post_tag","embeddable":true,"href":"https:\/\/www.europesays.com\/fi\/wp-json\/wp\/v2\/tags?post=13222"}],"curies":[{"name":"wp","href":"https:\/\/api.w.org\/{rel}","templated":true}]}}