{"id":132221,"date":"2026-01-03T07:33:12","date_gmt":"2026-01-03T07:33:12","guid":{"rendered":"https:\/\/www.europesays.com\/fi\/132221\/"},"modified":"2026-01-03T07:33:12","modified_gmt":"2026-01-03T07:33:12","slug":"onko-tassa-uusi-angry-birds-45-metria-pitka-muraali-ihastuttaa-ita-pasilassa-paikalliset","status":"publish","type":"post","link":"https:\/\/www.europesays.com\/fi\/132221\/","title":{"rendered":"Onko t\u00e4ss\u00e4 uusi &#8221;Angry Birds&#8221;? &#8211; 45 metri\u00e4 pitk\u00e4 muraali ihastuttaa It\u00e4-Pasilassa | Paikalliset"},"content":{"rendered":"<p>It\u00e4-Pasilaan valmistui loppuvuodesta j\u00e4lleen uusia katutaideteoksia.<\/p>\n<p>\t\t<a class=\"diks-gallery__link\" href=\"https:\/\/i.media.fi\/incoming\/381ftl\/11206501.jpg\/alternates\/FREE_1440\/11206501.jpg\" data-thumbnail=\"\" data-sub-html=\"Aapo Siippainen\" aria-label=\"Katso isompi kuva\" rel=\"nofollow noopener\" target=\"_blank\"><br \/>\n\t\t\t\t<img class=\"diks-figure__image\" src=\"https:\/\/www.europesays.com\/fi\/wp-content\/uploads\/2026\/01\/11206501.jpg\" loading=\"lazy\" decoding=\"sync\" alt=\"\"\/><\/p>\n<p>\t\t\t<\/a><br \/>\n\t\t\t\t\tAapo Siippainen<\/p>\n<p>Katutaiteilija <strong>Irlon<\/strong> muraali the Stolen Helmet yhdist\u00e4\u00e4 myyttisi\u00e4 taruja ja kulttuuriperinn\u00f6n politiikkaa.<\/p>\n<p>\u2013\u2009Teos esitt\u00e4\u00e4 varastetun Co\u021bofene\u0219tin getodakialaisen kultaisen kyp\u00e4r\u00e4n ikonina, haavana ja kuulumisen kysymyksen\u00e4, katutaideyhdistys Helsinki Urban Artin verkkosivuilla kerrotaan.<\/p>\n<p>Kas\u00f6\u00f6rinkadun ramppiin maalatulla muraalilla on pituutta noin 45 metri\u00e4 ja korkeimmillaan se on jopa 4,5 metri\u00e4.<\/p>\n<p>Se on her\u00e4tt\u00e4nyt jo runsaasti ihastusta paikallisissa asukkaissa.<\/p>\n<p>\t\t<a class=\"diks-gallery__link\" href=\"https:\/\/i.media.fi\/incoming\/f4mssm\/5541765.jpg\/alternates\/FREE_1440\/5541765.jpg\" data-thumbnail=\"\" data-sub-html=\"Aiemmin Kasoorinkadun rampissa oli toinen maalaus. Sen p\u00e4\u00e4lle maalattiin uusi, koska vanhan teokset v\u00e4rit olivat haalistuneet. Kuva vuodelta 2019. P\u00e4ivi Tuovinen\" aria-label=\"Katso isompi kuva\" rel=\"nofollow noopener\" target=\"_blank\"><br \/>\n\t\t\t\t<img class=\"diks-figure__image\" src=\"https:\/\/www.europesays.com\/fi\/wp-content\/uploads\/2026\/01\/5541765.jpg\" loading=\"lazy\" decoding=\"sync\" alt=\"\"\/><\/p>\n<p>\t\t\t<\/a><br \/>\n\t\t\t\t\tAiemmin Kasoorinkadun rampissa oli toinen maalaus. Sen p\u00e4\u00e4lle maalattiin uusi, koska vanhan teokset v\u00e4rit olivat haalistuneet. Kuva vuodelta 2019. P\u00e4ivi Tuovinen<\/p>\n<p><strong>Raluca Ilaria Demetrescun<\/strong> keraaminen ty\u00f6 Words of clay and fire leikittelee taas eri kielill\u00e4 kantaen v\u00e4kivallan vastaista sanomaa. Teos on Ratamestarinkadulla l\u00e4hell\u00e4 niin sanottua<a href=\"https:\/\/www.nurmijarvenuutiset.fi\/paikalliset\/1373272\" rel=\"nofollow noopener\" target=\"_blank\"> Angry Birds -maalausta<\/a>.    <\/p>\n<p>\t\t<a class=\"diks-gallery__link\" href=\"https:\/\/i.media.fi\/incoming\/nhskbi\/11220495.jpg\/alternates\/FREE_1440\/11220495.jpg\" data-thumbnail=\"\" data-sub-html=\"Keraaminen Words of clay and fire on Ratamestarinkadulla. \u2013 Hauraat esineet j\u00e4tt\u00e4v\u00e4t pysyv\u00e4n merkin: ne eiv\u00e4t voi pakottaa yhdenmielisyyteen, mutta ne vaativat katsojan huomiota, Helsinki Urban Artin sivuilla sanotaan. Artown\" aria-label=\"Katso isompi kuva\" rel=\"nofollow noopener\" target=\"_blank\"><br \/>\n\t\t\t\t<img class=\"diks-figure__image\" src=\"https:\/\/www.europesays.com\/fi\/wp-content\/uploads\/2026\/01\/11220495.jpg\" loading=\"lazy\" decoding=\"sync\" alt=\"\"\/><\/p>\n<p>\t\t\t<\/a><br \/>\n\t\t\t\t\tKeraaminen Words of clay and fire on Ratamestarinkadulla. \u2013 Hauraat esineet j\u00e4tt\u00e4v\u00e4t pysyv\u00e4n merkin: ne eiv\u00e4t voi pakottaa yhdenmielisyyteen, mutta ne vaativat katsojan huomiota, Helsinki Urban Artin sivuilla sanotaan. Artown<\/p>\n<p>Teokset on tehty yhteisty\u00f6t\u00e4 romanialaisen Artown-yhdistyksen kanssa<\/p>\n<p>\t\t<a class=\"diks-gallery__link\" href=\"https:\/\/i.media.fi\/incoming\/6590954.jpg\/alternates\/FREE_1440\/6590954.jpg\" data-thumbnail=\"\" data-sub-html=\"It\u00e4-Pasilan  rakastettu Angry Birds -muraali kunnostettiin vuonna 2020. Kun maalausta katsoo tietyst\u00e4 kulmasta, syntyy 3D-vaikutelma. Aapo Siippainen\" aria-label=\"Katso isompi kuva\" rel=\"nofollow noopener\" target=\"_blank\"><br \/>\n\t\t\t\t<img class=\"diks-figure__image\" src=\"https:\/\/www.europesays.com\/fi\/wp-content\/uploads\/2026\/01\/6590954.jpg\" loading=\"lazy\" decoding=\"sync\" alt=\"\"\/><\/p>\n<p>\t\t\t<\/a><br \/>\n\t\t\t\t\tIt\u00e4-Pasilan  rakastettu Angry Birds -muraali kunnostettiin vuonna 2020. Kun maalausta katsoo tietyst\u00e4 kulmasta, syntyy 3D-vaikutelma. Aapo Siippainen<\/p>\n<p>\t\t<a class=\"diks-gallery__link\" href=\"https:\/\/i.media.fi\/incoming\/3ra5u8\/5541768.jpg\/alternates\/FREE_1440\/5541768.jpg\" data-thumbnail=\"\" data-sub-html=\"It\u00e4-pasilassa on runsaati katutaidetta. Kuva vuodelsta 2019. P\u00e4ivi Tuovinen\" aria-label=\"Katso isompi kuva\" rel=\"nofollow noopener\" target=\"_blank\"><br \/>\n\t\t\t\t<img class=\"diks-figure__image\" src=\"https:\/\/www.europesays.com\/fi\/wp-content\/uploads\/2026\/01\/5541768.jpg\" loading=\"lazy\" decoding=\"sync\" alt=\"\"\/><\/p>\n<p>\t\t\t<\/a><br \/>\n\t\t\t\t\tIt\u00e4-pasilassa on runsaati katutaidetta. Kuva vuodelsta 2019. P\u00e4ivi Tuovinen<\/p>\n<p>\t\t<a class=\"diks-gallery__link\" href=\"https:\/\/i.media.fi\/incoming\/hbvfpz\/5541777.jpg\/alternates\/FREE_1440\/5541777.jpg\" data-thumbnail=\"\" data-sub-html=\"Kerrostalon korkuinen Ilmatar on yksi It\u00e4-Pasilan tunnetuimmista muraaleista. Arkistokuva. P\u00e4ivi Tuovinen\" aria-label=\"Katso isompi kuva\" rel=\"nofollow noopener\" target=\"_blank\"><br \/>\n\t\t\t\t<img class=\"diks-figure__image\" src=\"https:\/\/www.europesays.com\/fi\/wp-content\/uploads\/2026\/01\/5541777.jpg\" loading=\"lazy\" decoding=\"sync\" alt=\"\"\/><\/p>\n<p>\t\t\t<\/a><br \/>\n\t\t\t\t\tKerrostalon korkuinen Ilmatar on yksi It\u00e4-Pasilan tunnetuimmista muraaleista. Arkistokuva. P\u00e4ivi Tuovinen<\/p>\n<p>It\u00e4-Pasilaan on valmistunut vajaan kymmenen vuoden aikana useita kymmeni\u00e4 muraaleja. Katutaideyhdistys Helsinki Urban Art on vienyt taidetta paljon my\u00f6s muun muassa <a href=\"https:\/\/www.helsinginuutiset.fi\/paikalliset\/8781832\" rel=\"nofollow noopener\" target=\"_blank\">Kannelm\u00e4keen.<\/a><\/p>\n<p>\t\t\t\t\t<img class=\"diks-card__image\" src=\"https:\/\/www.europesays.com\/fi\/wp-content\/uploads\/2026\/01\/1767425590_553_7418273.jpg\"   loading=\"lazy\" decoding=\"sync\" alt=\"\"\/><\/p>\n<p>\t\t\t\t\t<img class=\"diks-card__image\" src=\"https:\/\/www.europesays.com\/fi\/wp-content\/uploads\/2026\/01\/11221681.jpg\"   loading=\"lazy\" decoding=\"sync\" alt=\"\"\/><\/p>\n<p>\t\t\t\t\t<img class=\"diks-card__image\" src=\"https:\/\/www.europesays.com\/fi\/wp-content\/uploads\/2026\/01\/1767425592_704_11221193.jpg\"   loading=\"lazy\" decoding=\"sync\" alt=\"\"\/><\/p>\n","protected":false},"excerpt":{"rendered":"It\u00e4-Pasilaan valmistui loppuvuodesta j\u00e4lleen uusia katutaideteoksia. Aapo Siippainen Katutaiteilija Irlon muraali the Stolen Helmet yhdist\u00e4\u00e4 myyttisi\u00e4 taruja ja&hellip;\n","protected":false},"author":2,"featured_media":132222,"comment_status":"","ping_status":"","sticky":false,"template":"","format":"standard","meta":{"footnotes":""},"categories":[135],"tags":[389,387,388,390,137,33,31,30,23104,52,32,394,393,391,392,109],"class_list":{"0":"post-132221","1":"post","2":"type-post","3":"status-publish","4":"format-standard","5":"has-post-thumbnail","7":"category-taiteet-ja-suunnittelu","8":"tag-arts","9":"tag-arts-and-design","10":"tag-artsanddesign","11":"tag-design","12":"tag-entertainment","13":"tag-fi","14":"tag-finland","15":"tag-finnish","16":"tag-ita-pasila","17":"tag-poliisi","18":"tag-suomi","19":"tag-suunnittelu","20":"tag-taiteet","21":"tag-taiteet-ja-suunnittelu","22":"tag-taiteetsuunnittelu","23":"tag-viihde"},"share_on_mastodon":{"url":"https:\/\/pubeurope.com\/@fi\/115830010908019609","error":""},"_links":{"self":[{"href":"https:\/\/www.europesays.com\/fi\/wp-json\/wp\/v2\/posts\/132221","targetHints":{"allow":["GET"]}}],"collection":[{"href":"https:\/\/www.europesays.com\/fi\/wp-json\/wp\/v2\/posts"}],"about":[{"href":"https:\/\/www.europesays.com\/fi\/wp-json\/wp\/v2\/types\/post"}],"author":[{"embeddable":true,"href":"https:\/\/www.europesays.com\/fi\/wp-json\/wp\/v2\/users\/2"}],"replies":[{"embeddable":true,"href":"https:\/\/www.europesays.com\/fi\/wp-json\/wp\/v2\/comments?post=132221"}],"version-history":[{"count":0,"href":"https:\/\/www.europesays.com\/fi\/wp-json\/wp\/v2\/posts\/132221\/revisions"}],"wp:featuredmedia":[{"embeddable":true,"href":"https:\/\/www.europesays.com\/fi\/wp-json\/wp\/v2\/media\/132222"}],"wp:attachment":[{"href":"https:\/\/www.europesays.com\/fi\/wp-json\/wp\/v2\/media?parent=132221"}],"wp:term":[{"taxonomy":"category","embeddable":true,"href":"https:\/\/www.europesays.com\/fi\/wp-json\/wp\/v2\/categories?post=132221"},{"taxonomy":"post_tag","embeddable":true,"href":"https:\/\/www.europesays.com\/fi\/wp-json\/wp\/v2\/tags?post=132221"}],"curies":[{"name":"wp","href":"https:\/\/api.w.org\/{rel}","templated":true}]}}