{"id":132225,"date":"2026-01-03T07:40:08","date_gmt":"2026-01-03T07:40:08","guid":{"rendered":"https:\/\/www.europesays.com\/fi\/132225\/"},"modified":"2026-01-03T07:40:08","modified_gmt":"2026-01-03T07:40:08","slug":"illalla-tvssa-laatutrilogian-finaali-lunasti-odotukset-tavallista-vahvempaa-scifia","status":"publish","type":"post","link":"https:\/\/www.europesays.com\/fi\/132225\/","title":{"rendered":"Illalla tv:ss\u00e4: Laatutrilogian finaali lunasti odotukset \u2013 tavallista vahvempaa scifi\u00e4"},"content":{"rendered":"<p>Illalla esitet\u00e4\u00e4n televisiosta elokuva Sota apinoiden planeetasta (2017), joka p\u00e4\u00e4tt\u00e4\u00e4 tarinakaaren, jonka aiemmat osat Apinoiden planeetan synty (2014) ja Apinoiden planeetan vallankumous (2011) k\u00e4ynnistiv\u00e4t. Sota apinoiden planeetasta\u00a0on my\u00f6s suoratoistopalveluissa Disney Plus ja HBO Max.<\/p>\n<p>Elokuvasarja kasvoi yll\u00e4tt\u00e4v\u00e4n vahvaksi scifitrilogiaksi, ja sen perint\u00f6\u00e4 jatkettiin my\u00f6hemmin melko onnistuneesti elokuvassa Kingdom of the Planet of the Apes, joka saapui teattereihin vuonna 2024.<\/p>\n<p>P\u00e4\u00e4t\u00f6sosassa ihmiskunta on ajautunut sukupuuton partaalle. \u00c4lykkyytens\u00e4 tiedostaneet apinat eiv\u00e4t en\u00e4\u00e4 suostu alistumaan, ja kamppailu vallasta pakottaa kysym\u00e4\u00e4n, kuuluuko ravintoketjun valtius lopulta ihmiselle vai jollekin aivan muulle taholle.<\/p>\n<p>Ohjaus <strong>Matt Reeves<\/strong>. P\u00e4\u00e4osissa <strong>Andy Serkis, Woody Harrelson, Steve Zahn, Karin Konoval <\/strong>ja\u00a0<strong>Judy Greer<\/strong>.<\/p>\n<p><img loading=\"lazy\" height=\"1000\" width=\"1500\" class=\"wp-image-171797 sp-no-webp perfmatters-lazy\" alt=\"\" decoding=\"async\" src=\"https:\/\/www.europesays.com\/fi\/wp-content\/uploads\/2026\/01\/askw6dev35fxbja5rjj4kv23iu1.jpg\"  data-\/> <\/p>\n<p>Lue my\u00f6s: <a href=\"https:\/\/www.episodi.fi\/uutiset\/empire-listasi-100-parasta-elokuvaa-ja-ykkonen-sai-ylistysta-tarinankerronnan-ihme\/\" title=\"Empire listasi 100 parasta elokuvaa ja ykk\u00f6nen sai ylistyst\u00e4: \u201dtarinankerronnan ihme\u201d\" class=\"underline-custom !font-montserrat !font-bold !underline-offset-4 !decoration-4 !decoration-episodi-blue !text-md\" rel=\"nofollow noopener\" target=\"_blank\">Empire listasi 100 parasta elokuvaa ja ykk\u00f6nen sai ylistyst\u00e4: \u201dtarinankerronnan ihme\u201d<\/a><\/p>\n<p>Episodin <a href=\"https:\/\/www.episodi.fi\/elokuvat\/sota-apinoiden-planeetasta\/\" rel=\"nofollow noopener\" target=\"_blank\">nelj\u00e4n t\u00e4hden arvostelussa<\/a> tuumittiin n\u00e4in:<\/p>\n<p>\u201dSota apinoiden planeetasta on l\u00e4hes t\u00e4ydellinen p\u00e4\u00e4t\u00f6s yhdelle kaikkien aikojen hienoimmista scifi-trilogioista.\u201d<\/p>\n<p>Alla kolmannen osan traileri.<\/p>\n<p>Tulevat l\u00e4hetykset:<\/p>\n<ul class=\"wp-block-list\">\n<li>La 3.1.2026 klo 22.35, MTV3<\/li>\n<\/ul>\n<p>Lue my\u00f6s: <a href=\"https:\/\/www.episodi.fi\/uutiset\/uusi-disney-leffa-sai-vuoden-brutaaleimman-vastaanoton-mukana-myos-jamie-lee-curtis\/\" title=\"Uusi Disney-leffa sai vuoden brutaaleimman vastaanoton \u2013 mukana my\u00f6s Jamie Lee Curtis\" class=\"underline-custom !font-montserrat !font-bold !underline-offset-4 !decoration-4 !decoration-episodi-blue !text-md\" rel=\"nofollow noopener\" target=\"_blank\">Uusi Disney-leffa sai vuoden brutaaleimman vastaanoton \u2013 mukana my\u00f6s Jamie Lee Curtis<\/a><\/p>\n<p>Lue my\u00f6s: <a href=\"https:\/\/www.episodi.fi\/uutiset\/nyt-suoratoistona-2010-luvun-megaseikkailu-sinkosi-naisnayttelijan-tahteyteen-jatko-osassa-palkka-rajahti-20-kertaiseksi\/\" title=\"Nyt suoratoistona: 2010-luvun megaseikkailu sinkosi naisn\u00e4yttelij\u00e4n t\u00e4hteyteen \u2013 jatko-osassa palkka r\u00e4j\u00e4hti 20-kertaiseksi\" class=\"underline-custom !font-montserrat !font-bold !underline-offset-4 !decoration-4 !decoration-episodi-blue !text-md\" rel=\"nofollow noopener\" target=\"_blank\">Nyt suoratoistona: 2010-luvun megaseikkailu sinkosi naisn\u00e4yttelij\u00e4n t\u00e4hteyteen \u2013 jatko-osassa palkka r\u00e4j\u00e4hti 20-kertaiseksi<\/a><\/p>\n<p>Lue my\u00f6s: <a href=\"https:\/\/www.episodi.fi\/uutiset\/suoratoistoon-tuli-7-oscar-ehdokkuuden-elokuva-yhdistaa-synkan-tarinan-ja-huumorinkukan\/\" title=\"Suoratoistoon tuli 7 Oscar-ehdokkuuden elokuva \u2013 yhdist\u00e4\u00e4 synk\u00e4n tarinan ja huumorinkukan\" class=\"underline-custom !font-montserrat !font-bold !underline-offset-4 !decoration-4 !decoration-episodi-blue !text-md\" rel=\"nofollow noopener\" target=\"_blank\">Suoratoistoon tuli 7 Oscar-ehdokkuuden elokuva \u2013 yhdist\u00e4\u00e4 synk\u00e4n tarinan ja huumorinkukan<\/a><\/p>\n<p><img loading=\"lazy\" decoding=\"async\" alt=\"YouTube video\" width=\"480\" height=\"360\" data-pin-nopin=\"true\" nopin=\"nopin\" class=\"perfmatters-lazy\" src=\"https:\/\/www.europesays.com\/fi\/wp-content\/uploads\/2026\/01\/1767426008_793_hqdefault.jpg\"\/><\/p>\n<p>L\u00e4hde: <a href=\"https:\/\/www.imdb.com\/title\/tt3450958\/\" target=\"_blank\" rel=\"noopener nofollow\">IMDb<\/a><\/p>\n<p>Lue my\u00f6s: <a href=\"https:\/\/www.episodi.fi\/uutiskirje\/?uutiskirjemainos=tekstilinkkimainos\" title=\"Tilaa Episodin uutiskirje ja voit voittaa leffalippuja! Nappaa tv-vinkit suoraan s\u00e4hk\u00f6postiin t\u00e4st\u00e4.\" class=\"underline-custom !font-montserrat !font-bold !underline-offset-4 !decoration-4 !decoration-episodi-blue !text-md\" rel=\"nofollow noopener\" target=\"_blank\">Tilaa Episodin uutiskirje ja voit voittaa leffalippuja! Nappaa katseluvinkit suoraan s\u00e4hk\u00f6postiin t\u00e4st\u00e4.<\/a><\/p>\n","protected":false},"excerpt":{"rendered":"Illalla esitet\u00e4\u00e4n televisiosta elokuva Sota apinoiden planeetasta (2017), joka p\u00e4\u00e4tt\u00e4\u00e4 tarinakaaren, jonka aiemmat osat Apinoiden planeetan synty (2014)&hellip;\n","protected":false},"author":2,"featured_media":132226,"comment_status":"","ping_status":"","sticky":false,"template":"","format":"standard","meta":{"footnotes":""},"categories":[130],"tags":[137,33,31,30,32,139,109],"class_list":{"0":"post-132225","1":"post","2":"type-post","3":"status-publish","4":"format-standard","5":"has-post-thumbnail","7":"category-viihde","8":"tag-entertainment","9":"tag-fi","10":"tag-finland","11":"tag-finnish","12":"tag-suomi","13":"tag-tv-ohjelmat","14":"tag-viihde"},"share_on_mastodon":{"url":"https:\/\/pubeurope.com\/@fi\/115830038398253015","error":""},"_links":{"self":[{"href":"https:\/\/www.europesays.com\/fi\/wp-json\/wp\/v2\/posts\/132225","targetHints":{"allow":["GET"]}}],"collection":[{"href":"https:\/\/www.europesays.com\/fi\/wp-json\/wp\/v2\/posts"}],"about":[{"href":"https:\/\/www.europesays.com\/fi\/wp-json\/wp\/v2\/types\/post"}],"author":[{"embeddable":true,"href":"https:\/\/www.europesays.com\/fi\/wp-json\/wp\/v2\/users\/2"}],"replies":[{"embeddable":true,"href":"https:\/\/www.europesays.com\/fi\/wp-json\/wp\/v2\/comments?post=132225"}],"version-history":[{"count":0,"href":"https:\/\/www.europesays.com\/fi\/wp-json\/wp\/v2\/posts\/132225\/revisions"}],"wp:featuredmedia":[{"embeddable":true,"href":"https:\/\/www.europesays.com\/fi\/wp-json\/wp\/v2\/media\/132226"}],"wp:attachment":[{"href":"https:\/\/www.europesays.com\/fi\/wp-json\/wp\/v2\/media?parent=132225"}],"wp:term":[{"taxonomy":"category","embeddable":true,"href":"https:\/\/www.europesays.com\/fi\/wp-json\/wp\/v2\/categories?post=132225"},{"taxonomy":"post_tag","embeddable":true,"href":"https:\/\/www.europesays.com\/fi\/wp-json\/wp\/v2\/tags?post=132225"}],"curies":[{"name":"wp","href":"https:\/\/api.w.org\/{rel}","templated":true}]}}