{"id":132231,"date":"2026-01-03T07:45:10","date_gmt":"2026-01-03T07:45:10","guid":{"rendered":"https:\/\/www.europesays.com\/fi\/132231\/"},"modified":"2026-01-03T07:45:10","modified_gmt":"2026-01-03T07:45:10","slug":"en-istu-siilin-paalle-katso-millaisia-uudenvuodenlupauksia-satakuntalaiset-tekivat","status":"publish","type":"post","link":"https:\/\/www.europesays.com\/fi\/132231\/","title":{"rendered":"\u201dEn istu siilin p\u00e4\u00e4lle\u201d \u2013 Katso millaisia uudenvuodenlupauksia satakuntalaiset tekiv\u00e4t"},"content":{"rendered":"<p>Perinteisesti vuodenvaihteeseen kuuluvat uudenvuodenlupaukset. K\u00e4vimme kysym\u00e4ss\u00e4, ovatko ihmiset tehneet lupauksia ja millaisia ajatuksia ne her\u00e4tt\u00e4v\u00e4t.<\/p>\n<p class=\"article-body mb-nof-24 px-nof-16\">Uusi vuosi ja uudet kujeet. Vuoden vaihtumiseen kuuluu edelleen olennaisella tavalla uudenvuodenlupauksien tekeminen. Joku lupaa panostavansa terveellisiin el\u00e4m\u00e4ntapoihin, toinen tavoittelee parempaa taloudellista vaurautta.<\/p>\n<p class=\"article-body mb-nof-24 px-nof-16\">Satakunnan Kansa kysyi, millaisia lupauksia satakuntalaiset tekiv\u00e4t ja mit\u00e4 mielt\u00e4 he ovat ylip\u00e4\u00e4t\u00e4\u00e4n uudenvuodenlupauksista.<\/p>\n","protected":false},"excerpt":{"rendered":"Perinteisesti vuodenvaihteeseen kuuluvat uudenvuodenlupaukset. K\u00e4vimme kysym\u00e4ss\u00e4, ovatko ihmiset tehneet lupauksia ja millaisia ajatuksia ne her\u00e4tt\u00e4v\u00e4t. Uusi vuosi ja&hellip;\n","protected":false},"author":2,"featured_media":132232,"comment_status":"","ping_status":"","sticky":false,"template":"","format":"standard","meta":{"footnotes":""},"categories":[12],"tags":[22,23,26,27,33,31,30,17,24,25,28,29,15,18,21,80,32,19,20,16],"class_list":{"0":"post-132231","1":"post","2":"type-post","3":"status-publish","4":"format-standard","5":"has-post-thumbnail","7":"category-suomi","8":"tag-breaking-news","9":"tag-breakingnews","10":"tag-featured-news","11":"tag-featurednews","12":"tag-fi","13":"tag-finland","14":"tag-finnish","15":"tag-headlines","16":"tag-latest-news","17":"tag-latestnews","18":"tag-main-news","19":"tag-mainnews","20":"tag-news","21":"tag-otsikot","22":"tag-paauutiset","23":"tag-satakunnan-kansa","24":"tag-suomi","25":"tag-top-stories","26":"tag-topstories","27":"tag-uutiset"},"share_on_mastodon":{"url":"https:\/\/pubeurope.com\/@fi\/115830058082129711","error":""},"_links":{"self":[{"href":"https:\/\/www.europesays.com\/fi\/wp-json\/wp\/v2\/posts\/132231","targetHints":{"allow":["GET"]}}],"collection":[{"href":"https:\/\/www.europesays.com\/fi\/wp-json\/wp\/v2\/posts"}],"about":[{"href":"https:\/\/www.europesays.com\/fi\/wp-json\/wp\/v2\/types\/post"}],"author":[{"embeddable":true,"href":"https:\/\/www.europesays.com\/fi\/wp-json\/wp\/v2\/users\/2"}],"replies":[{"embeddable":true,"href":"https:\/\/www.europesays.com\/fi\/wp-json\/wp\/v2\/comments?post=132231"}],"version-history":[{"count":0,"href":"https:\/\/www.europesays.com\/fi\/wp-json\/wp\/v2\/posts\/132231\/revisions"}],"wp:featuredmedia":[{"embeddable":true,"href":"https:\/\/www.europesays.com\/fi\/wp-json\/wp\/v2\/media\/132232"}],"wp:attachment":[{"href":"https:\/\/www.europesays.com\/fi\/wp-json\/wp\/v2\/media?parent=132231"}],"wp:term":[{"taxonomy":"category","embeddable":true,"href":"https:\/\/www.europesays.com\/fi\/wp-json\/wp\/v2\/categories?post=132231"},{"taxonomy":"post_tag","embeddable":true,"href":"https:\/\/www.europesays.com\/fi\/wp-json\/wp\/v2\/tags?post=132231"}],"curies":[{"name":"wp","href":"https:\/\/api.w.org\/{rel}","templated":true}]}}