{"id":132240,"date":"2026-01-03T08:06:06","date_gmt":"2026-01-03T08:06:06","guid":{"rendered":"https:\/\/www.europesays.com\/fi\/132240\/"},"modified":"2026-01-03T08:06:06","modified_gmt":"2026-01-03T08:06:06","slug":"herra-ylpon-auto-jai-porin-sokoksen-panttivangiksi","status":"publish","type":"post","link":"https:\/\/www.europesays.com\/fi\/132240\/","title":{"rendered":"Herra Ylp\u00f6n auto j\u00e4i Porin Sokoksen panttivangiksi"},"content":{"rendered":"<p>Ismo Leikolan keikan j\u00e4lkeen Ylpp\u00f6 koki ik\u00e4v\u00e4n yll\u00e4tyksen. Sokos oli mennyt kiinni eik\u00e4 yksik\u00e4\u00e4n ovi auennut.<\/p>\n<p class=\"article-body mb-nof-24 px-nof-16\">Pori<\/p>\n<p class=\"article-body mb-nof-24 px-nof-16\">Muusikko <a class=\"font-bold underline-offset-[0.12em] [text-decoration:var(--person-link-text-decoration)] ![text-decoration-color:var(--person-link-text-decoration-color)]\" href=\"https:\/\/www.satakunnankansa.fi\/haku\/?query=Herra%20Ylpp%C3%B6\" rel=\"nofollow noopener\" target=\"_blank\">Herra Ylpp\u00f6<\/a> kertoo sosiaalisessa mediassa, kuinka h\u00e4nen autonsa j\u00e4i Sokoksen panttivangiksi.<\/p>\n<p class=\"article-body mb-nof-24 px-nof-16\">Ylpp\u00f6 oli ollut katsomassa hyv\u00e4n yst\u00e4v\u00e4ns\u00e4 <a class=\"font-bold underline-offset-[0.12em] [text-decoration:var(--person-link-text-decoration)] ![text-decoration-color:var(--person-link-text-decoration-color)]\" href=\"https:\/\/www.satakunnankansa.fi\/haku\/?query=Ismo%20Leikolan\" rel=\"nofollow noopener\" target=\"_blank\">Ismo Leikolan<\/a> esityst\u00e4 Porin Promenadissa. Autonsa Ylpp\u00f6 oli j\u00e4tt\u00e4nyt vieress\u00e4 olevan Sokoksen parkkihalliin.<\/p>\n<p class=\"article-body mb-nof-24 px-nof-16\">Keikan j\u00e4lkeen Ylpp\u00f6 koki ik\u00e4v\u00e4n yll\u00e4tyksen. Sokos oli mennyt kiinni eik\u00e4 yksik\u00e4\u00e4n ovi auennut.<\/p>\n<p class=\"article-body mb-nof-24 px-nof-16\">\u201dKiersin koko korttelin. MIST\u00c4\u00c4N ei p\u00e4\u00e4ssyt sis\u00e4\u00e4n. Auto j\u00e4isi sinne. T\u00e4n\u00e4\u00e4n ei l\u00e4hdett\u00e4isi kotiin. Pakkasta oli reilusti. Oli p\u00e4\u00e4st\u00e4v\u00e4 jonnekin y\u00f6ksi.\u201d<\/p>\n<p class=\"article-body mb-nof-24 px-nof-16\">Ylp\u00f6n pelastus oli muusikkoyst\u00e4v\u00e4 <a class=\"font-bold underline-offset-[0.12em] [text-decoration:var(--person-link-text-decoration)] ![text-decoration-color:var(--person-link-text-decoration-color)]\" href=\"https:\/\/www.satakunnankansa.fi\/haku\/?query=Jussi%20Lehtisalo\" rel=\"nofollow noopener\" target=\"_blank\">Jussi Lehtisalo<\/a>, joka oli kotona ja tarjosi y\u00f6paikan.<\/p>\n<p class=\"article-body mb-nof-24 px-nof-16\">\u201dKoskaan ennen en ole joutunut tilanteeseen, ettei parkkihalliin p\u00e4\u00e4se sis\u00e4lle. Onneton systeemi.\u201d<\/p>\n<p class=\"article-body mb-nof-24 px-nof-16\">\u201dSain siis autoni vasta seuraavana aamuna. Auton tuulilasiin oli ilmestynyt parkkisakko. Kiitos. Pori opettaa. Hyv\u00e4sti vuosi 2025. En j\u00e4\u00e4 sinua ik\u00e4v\u00f6im\u00e4\u00e4n.\u201d<\/p>\n<p class=\"article-body mb-nof-24 px-nof-16\">Ylpp\u00f6 on saanut Facebook-postaukseensa kymmeni\u00e4 kommentteja parkkisakoista porilaisuuteen. H\u00e4nt\u00e4 my\u00f6s muistutetaan, ett\u00e4 Porin Sokoksessa lukee monessa paikassa parkin olevan auki tavaratalon aukioloaikoina.<\/p>\n<p class=\"article-body mb-nof-24 px-nof-16\">\u201dTottahan toki tuo on oma vika. Systeemi on silti onneton. Ei tule luettua ohjeita kun en ole tottunut siihen, ett\u00e4 parkkihalliin menness\u00e4 pit\u00e4\u00e4 lukea manuaali\u201d, kirjoittaa Ylpp\u00f6.<\/p>\n","protected":false},"excerpt":{"rendered":"Ismo Leikolan keikan j\u00e4lkeen Ylpp\u00f6 koki ik\u00e4v\u00e4n yll\u00e4tyksen. Sokos oli mennyt kiinni eik\u00e4 yksik\u00e4\u00e4n ovi auennut. Pori Muusikko&hellip;\n","protected":false},"author":2,"featured_media":132241,"comment_status":"","ping_status":"","sticky":false,"template":"","format":"standard","meta":{"footnotes":""},"categories":[130],"tags":[137,33,31,30,80,32,109],"class_list":{"0":"post-132240","1":"post","2":"type-post","3":"status-publish","4":"format-standard","5":"has-post-thumbnail","7":"category-viihde","8":"tag-entertainment","9":"tag-fi","10":"tag-finland","11":"tag-finnish","12":"tag-satakunnan-kansa","13":"tag-suomi","14":"tag-viihde"},"share_on_mastodon":{"url":"https:\/\/pubeurope.com\/@fi\/115830140567732843","error":""},"_links":{"self":[{"href":"https:\/\/www.europesays.com\/fi\/wp-json\/wp\/v2\/posts\/132240","targetHints":{"allow":["GET"]}}],"collection":[{"href":"https:\/\/www.europesays.com\/fi\/wp-json\/wp\/v2\/posts"}],"about":[{"href":"https:\/\/www.europesays.com\/fi\/wp-json\/wp\/v2\/types\/post"}],"author":[{"embeddable":true,"href":"https:\/\/www.europesays.com\/fi\/wp-json\/wp\/v2\/users\/2"}],"replies":[{"embeddable":true,"href":"https:\/\/www.europesays.com\/fi\/wp-json\/wp\/v2\/comments?post=132240"}],"version-history":[{"count":0,"href":"https:\/\/www.europesays.com\/fi\/wp-json\/wp\/v2\/posts\/132240\/revisions"}],"wp:featuredmedia":[{"embeddable":true,"href":"https:\/\/www.europesays.com\/fi\/wp-json\/wp\/v2\/media\/132241"}],"wp:attachment":[{"href":"https:\/\/www.europesays.com\/fi\/wp-json\/wp\/v2\/media?parent=132240"}],"wp:term":[{"taxonomy":"category","embeddable":true,"href":"https:\/\/www.europesays.com\/fi\/wp-json\/wp\/v2\/categories?post=132240"},{"taxonomy":"post_tag","embeddable":true,"href":"https:\/\/www.europesays.com\/fi\/wp-json\/wp\/v2\/tags?post=132240"}],"curies":[{"name":"wp","href":"https:\/\/api.w.org\/{rel}","templated":true}]}}